{"id":551605,"date":"2025-11-22T15:45:24","date_gmt":"2025-11-22T15:45:24","guid":{"rendered":"https:\/\/www.europesays.com\/fr\/551605\/"},"modified":"2025-11-22T15:45:24","modified_gmt":"2025-11-22T15:45:24","slug":"le-trou-noir-pour-thibault-guernalec-victime-dun-accident-de-circulation-a-lentrainement-je-ne-me-souviens-de-rien-lequipe","status":"publish","type":"post","link":"https:\/\/www.europesays.com\/fr\/551605\/","title":{"rendered":"\u00abLe trou noir\u00bb pour Thibault Guernalec, victime d&#039;un accident de circulation \u00e0 l&#039;entra\u00eenement : \u00abJe ne me souviens de rien\u00bb &#8211; L&#039;\u00c9quipe"},"content":{"rendered":"<ol>\n<li><a href=\"https:\/\/news.google.com\/rss\/articles\/CBMiigJBVV95cUxOR1FrY29PX1hlQVloU3RBVklVRXNZOXMzLUJiRktrLTh6OW1zSEF6Um9MdDV1NTVIUVRJY3lFMWVSN3pDdXZiV1ZDZnlOS3lJY3pQeHF4VEhhMFBSSmg5NkVhN0lhYWoxdWRpb3d0RTJldFF6aGlLT3VSVzNZQWtMT0pPRkJuUm4yRk5yWEQxRDNYUXVkZXEtaDMzTEZUNEg2WC1LbzVzbTEwSmZ3eEdxQmkxSnFnU1F0TXc5c0pwZzRYSWlzb09iWmFIRkVETHp2aERqWEEtLXVUVVE0cDBFcGNERjYxVGc0QVFPQVdhMU5SdGgtTFpCcDN2X3FudlFuZUtvSGtXUmtYZw?oc=5\" target=\"_blank\" rel=\"nofollow noopener\">\u00abLe trou noir\u00bb pour Thibault Guernalec, victime d&rsquo;un accident de circulation \u00e0 l&rsquo;entra\u00eenement : \u00abJe ne me souviens de rien\u00bb<\/a>&nbsp;&nbsp;L&rsquo;\u00c9quipe<\/li>\n<li><a href=\"https:\/\/news.google.com\/rss\/articles\/CBMikgJBVV95cUxNcHpUUXl2bWRBVEFfREhqbDhmWlREaWw5NnFXZ1VXWklqX0s2Tkh4NkV0REZwcmtWUkRjTURQQTZWbVdaR0dubjh2UzlVMzhoYTNDN3VnNmtkNzRTR1Rpdk1tT0JobDN4R21fc3R5UFdQWEo1bklEQlJvU0NUOFktbEE2UEJnTkp3SDN0WkJ5eFRGdmVfVlB5TEloVGJKbGdKdlFHVjZjTWYzZUhyUjMyUjBCcWQwd3czVll4ZVFlb0o4S0RrblVoYkstYzJvdlZYTnlId19IMkdKTWJ3cDFlVmFuS1FLa3VzUUxQSEJpS2FBVy1fNDBkdUxLRnVGZUwwZmtEQVNVX3VXSFNTeWlHN3ZR?oc=5\" target=\"_blank\" rel=\"nofollow noopener\">\u00ab Je suis quand m\u00eame dans un sale \u00e9tat\u2026 \u00bb : fauch\u00e9 par un automobiliste, le coureur breton Thibault Guernalec livre un t\u00e9moignage gla\u00e7ant<\/a>&nbsp;&nbsp;Le T\u00e9l\u00e9gramme<\/li>\n<li><a href=\"https:\/\/news.google.com\/rss\/articles\/CBMi_wFBVV95cUxPNjU5eWZUMGxIZUozS1lNS0JfVHN5THlWZS1INXpPLWdwTFoteDE2ZWlDeHR3N1JUamZMVlhwWW12S3BXN3NNVmZpUFQ4cDFwRkNSTUFqcUk5MFZVc0ZhbVV4cGRtYlpOc1l3MlRzVG9xNzRySkp2bE5GWV9iYnJ4Mnd3WDg5U3N2SFZiWUF6V1pZWUdpU2JqQlFtNXJYWjRONlZoSzllZnBjVS1TRTIyMkUxbVZYQmxrUHlOdE4wdGxHd183R1VMMjdqb2RQUTVnMXpNemJwbmZlLVpiQk01eEZkVXM0NDdUOEVZcWxGNVJabzRjaWdJWnBTd29fUU0?oc=5\" target=\"_blank\" rel=\"nofollow noopener\">\u00ab\u00a0Je ne me souviens de rien, c\u2019est le trou noir\u00a0\u00bb : un cycliste fran\u00e7ais lourdement bless\u00e9 apr\u00e8s avoir \u00e9t\u00e9 fauch\u00e9 par une voiture<\/a>&nbsp;&nbsp;ladepeche.fr<\/li>\n<li><a href=\"https:\/\/news.google.com\/rss\/articles\/CBMisAJBVV95cUxNVUlzMHFJd0RjNndUWEpQaXUwRy0wY1F5VUFBWU1jUVJNMlBfWWZ1ZEhKaEN6WEo5OVI3NndXT2NXMWV5YzBkcDlyVndRTjIxa1NfU2RKMGp4UTU0LUtfVDlTN25BVDF5Mm1HSFYzXzJhRWg1ekxOTFgxZDVpb20zR04tWlR4blByYTRuVmt5UmhjOEJ1R3VzREFiQmh1VzlobWRFcFBuY1hLNHNoUVI1ZGg1RGJiMVRNNFYweG5FOVdvOGNJN2xUb19JTngwenR0UkJEMlkzRHI5VkpCM0EzeU1xa3N2QlN5UXlUN3pQTGNORHYyMlQxLXhCLTRuWFMtWDFSNW9WTmdPckpkQ0Q1WkRkQjQ5OFJJamJZaUstSWRROUJ0UWhPRWZvaUlfNkE0?oc=5\" target=\"_blank\" rel=\"nofollow noopener\">\u00ab Je suis dans un sale \u00e9tat \u00bb : percut\u00e9 par une voiture, le cycliste Thibault Guernalec souffre d\u2019amn\u00e9sie et de multiples fractures<\/a>&nbsp;&nbsp;Le Parisien<\/li>\n<li><a href=\"https:\/\/news.google.com\/rss\/articles\/CBMi-AFBVV95cUxOUENQZW5fVW5iOHhRWkplOUV1QkpJU01nSFBZY0FHM1IzdmdGTlBSMld0QXNKbnFGajh5QWdvSmFCcm5LNGQtaGN0TVkzN2lzRm5abS1oM2M1clNnc2w2WDhPUjctQUF5OFBIMXJRLUpOdUJ0b0I5bXA5RFF2VTJtUENxRXlaUEdFSkRMYXFma1BYbzZXd21aNXVMWFpkSHdENllfSkpNR05NSWRIVm9qaGdWZXpWeUo0NzdoWTUzaGxqZmxMbktDSFlRUzd5TW9IakFPbmtNSG1GcG5BT0phX0hHUVVHRm1vME9sTE1KSkRLNWFuUEFRRA?oc=5\" target=\"_blank\" rel=\"nofollow noopener\">Cyclisme. Le professionnel Thibault Guernalec renvers\u00e9 par une voiture \u00e0 l\u2019entra\u00eenement<\/a>&nbsp;&nbsp;Ouest-France<\/li>\n<\/ol>\n","protected":false},"excerpt":{"rendered":"\u00abLe trou noir\u00bb pour Thibault Guernalec, victime d&rsquo;un accident de circulation \u00e0 l&rsquo;entra\u00eenement : \u00abJe ne me souviens&hellip;\n","protected":false},"author":2,"featured_media":551606,"comment_status":"","ping_status":"","sticky":false,"template":"","format":"standard","meta":{"footnotes":""},"categories":[1411],"tags":[1154,207,1011,27,60],"class_list":{"0":"post-551605","1":"post","2":"type-post","3":"status-publish","4":"format-standard","5":"has-post-thumbnail","7":"category-cyclisme","8":"tag-cycling","9":"tag-cyclisme","10":"tag-fr","11":"tag-france","12":"tag-sports"},"share_on_mastodon":{"url":"https:\/\/pubeurope.com\/@fr\/115594128477677708","error":""},"_links":{"self":[{"href":"https:\/\/www.europesays.com\/fr\/wp-json\/wp\/v2\/posts\/551605","targetHints":{"allow":["GET"]}}],"collection":[{"href":"https:\/\/www.europesays.com\/fr\/wp-json\/wp\/v2\/posts"}],"about":[{"href":"https:\/\/www.europesays.com\/fr\/wp-json\/wp\/v2\/types\/post"}],"author":[{"embeddable":true,"href":"https:\/\/www.europesays.com\/fr\/wp-json\/wp\/v2\/users\/2"}],"replies":[{"embeddable":true,"href":"https:\/\/www.europesays.com\/fr\/wp-json\/wp\/v2\/comments?post=551605"}],"version-history":[{"count":0,"href":"https:\/\/www.europesays.com\/fr\/wp-json\/wp\/v2\/posts\/551605\/revisions"}],"wp:featuredmedia":[{"embeddable":true,"href":"https:\/\/www.europesays.com\/fr\/wp-json\/wp\/v2\/media\/551606"}],"wp:attachment":[{"href":"https:\/\/www.europesays.com\/fr\/wp-json\/wp\/v2\/media?parent=551605"}],"wp:term":[{"taxonomy":"category","embeddable":true,"href":"https:\/\/www.europesays.com\/fr\/wp-json\/wp\/v2\/categories?post=551605"},{"taxonomy":"post_tag","embeddable":true,"href":"https:\/\/www.europesays.com\/fr\/wp-json\/wp\/v2\/tags?post=551605"}],"curies":[{"name":"wp","href":"https:\/\/api.w.org\/{rel}","templated":true}]}}