{"id":55161,"date":"2025-04-26T19:53:09","date_gmt":"2025-04-26T19:53:09","guid":{"rendered":"https:\/\/www.europesays.com\/fr\/55161\/"},"modified":"2025-04-26T19:53:09","modified_gmt":"2025-04-26T19:53:09","slug":"icionagit-nancy-transition-ecologique-actions-solutions-revivez-la-premiere-jounee-de-levenement-en-direct-avec-nous","status":"publish","type":"post","link":"https:\/\/www.europesays.com\/fr\/55161\/","title":{"rendered":"#IciOnAgit ! Nancy. Transition \u00e9cologique, actions, solutions\u2026 Revivez la premi\u00e8re joun\u00e9e de l\u2019\u00e9v\u00e9nement en direct avec nous"},"content":{"rendered":"<p><strong>Conf\u00e9rence de Jean-Marc Jancovici<\/strong>, ing\u00e9nieur, enseignant et conf\u00e9rencier : <strong>comprendre l\u2019\u00e9nergie et le climat<\/strong>, 11 h 15 &#8211; 12 h 15 : Auditorium<\/p>\n<p>Comp\u00e9titivit\u00e9 d\u00e9brid\u00e9e, flux tendu, agriculture de pr\u00e9cision, smart cities&#8230; Paradoxalement, l&rsquo;\u00e2ge de l&rsquo;optimisation, de la performance et du contr\u00f4le rend notre monde toujours plus fluctuant : m\u00e9ga-feux, d\u00e9rive s\u00e9curitaire, guerre mondialis\u00e9e. En s&rsquo;inspirant des \u00eatres vivants, nous pourrions apprendre une autre fa\u00e7on d&rsquo;habiter la Terre. Alors que les soci\u00e9t\u00e9s humaines modernes ont mis l&rsquo;accent sur l&rsquo;efficacit\u00e9 et l&rsquo;efficience au service du confort individuel, la vie se construit plut\u00f4t sur les vuln\u00e9rabilit\u00e9s, les lenteurs, les incoh\u00e9rences&#8230; c&rsquo;est-\u00e0-dire des contre-performances, au service de la robustesse du groupe. Un contre-programme ?<\/p>\n<p><strong>Conf\u00e9rence de Olivier Hamant<\/strong>, chercheur \u00e0 l&rsquo;INRAE, directeur de l&rsquo;institut Michel Serres : <strong>la robustesse du vivant, une inspiration pour nos territoires<\/strong>, 13 h 30 &#8211; 14 h 30 : Auditorium<\/p>\n<p>Comp\u00e9titivit\u00e9 d\u00e9brid\u00e9e, flux tendu, agriculture de pr\u00e9cision, smart cities&#8230; Paradoxalement, l&rsquo;\u00e2ge de l&rsquo;optimisation, de la performance et du contr\u00f4le rend notre monde toujours plus fluctuant : m\u00e9ga-feux, d\u00e9rive s\u00e9curitaire, guerre mondialis\u00e9e. En s&rsquo;inspirant des \u00eatres vivants, nous pourrions apprendre une autre fa\u00e7on d&rsquo;habiter la Terre. Alors que les soci\u00e9t\u00e9s humaines modernes ont mis l&rsquo;accent sur l&rsquo;efficacit\u00e9 et l&rsquo;efficience au service du confort individuel, la vie se construit plut\u00f4t sur les vuln\u00e9rabilit\u00e9s, les lenteurs, les incoh\u00e9rences&#8230; C&rsquo;est-\u00e0-dire des contre-performances, au service de la robustesse du groupe. Un contre-programme ?<\/p>\n<p><strong>Conf\u00e9rence de Jean Jouzel<\/strong>, pal\u00e9oclimatologue &amp; Jean-Yves Le D\u00e9aut, docteur en science, chercheur et homme politique : <strong>du sommet de la Terre de Rio \u00e0 aujourd\u2019hui, d\u00e9carbonation et n\u00e9cessit\u00e9 de l\u2019engagement citoyen<\/strong>, 17 h 30 &#8211; 18 h 30 : Auditorium<\/p>\n<p>\u00a0<\/p>\n","protected":false},"excerpt":{"rendered":"Conf\u00e9rence de Jean-Marc Jancovici, ing\u00e9nieur, enseignant et conf\u00e9rencier : comprendre l\u2019\u00e9nergie et le climat, 11 h 15 &#8211;&hellip;\n","protected":false},"author":2,"featured_media":55162,"comment_status":"","ping_status":"","sticky":false,"template":"","format":"standard","meta":{"footnotes":""},"categories":[9635],"tags":[1111,11,3602,10332,14383,1707,1704,1706,14384,1705,10174,8698,436,1777,674,1011,27,329,775,9588,3457,1702,12,3456,25],"class_list":{"0":"post-55161","1":"post","2":"type-post","3":"status-publish","4":"format-standard","5":"has-post-thumbnail","7":"category-nancy","8":"tag-actu","9":"tag-actualites","10":"tag-edition-bar-le-duc","11":"tag-edition-belfort-hericourt-montbeliard","12":"tag-edition-besancon","13":"tag-edition-luneville","14":"tag-edition-nancy-et-agglomeration","15":"tag-edition-pont-a-mousson","16":"tag-edition-pontarlier-haut-doubs","17":"tag-edition-toul","18":"tag-edition-verdun","19":"tag-edition-vesoul-haute-saone","20":"tag-environnement","21":"tag-eu","22":"tag-europe","23":"tag-fr","24":"tag-france","25":"tag-france-monde","26":"tag-grand-est","27":"tag-ici-on-agit","28":"tag-meurthe-et-moselle","29":"tag-nancy","30":"tag-news","31":"tag-region-lorraine","32":"tag-republique-francaise"},"share_on_mastodon":{"url":"","error":"Validation failed: Text character limit of 500 exceeded"},"_links":{"self":[{"href":"https:\/\/www.europesays.com\/fr\/wp-json\/wp\/v2\/posts\/55161","targetHints":{"allow":["GET"]}}],"collection":[{"href":"https:\/\/www.europesays.com\/fr\/wp-json\/wp\/v2\/posts"}],"about":[{"href":"https:\/\/www.europesays.com\/fr\/wp-json\/wp\/v2\/types\/post"}],"author":[{"embeddable":true,"href":"https:\/\/www.europesays.com\/fr\/wp-json\/wp\/v2\/users\/2"}],"replies":[{"embeddable":true,"href":"https:\/\/www.europesays.com\/fr\/wp-json\/wp\/v2\/comments?post=55161"}],"version-history":[{"count":0,"href":"https:\/\/www.europesays.com\/fr\/wp-json\/wp\/v2\/posts\/55161\/revisions"}],"wp:featuredmedia":[{"embeddable":true,"href":"https:\/\/www.europesays.com\/fr\/wp-json\/wp\/v2\/media\/55162"}],"wp:attachment":[{"href":"https:\/\/www.europesays.com\/fr\/wp-json\/wp\/v2\/media?parent=55161"}],"wp:term":[{"taxonomy":"category","embeddable":true,"href":"https:\/\/www.europesays.com\/fr\/wp-json\/wp\/v2\/categories?post=55161"},{"taxonomy":"post_tag","embeddable":true,"href":"https:\/\/www.europesays.com\/fr\/wp-json\/wp\/v2\/tags?post=55161"}],"curies":[{"name":"wp","href":"https:\/\/api.w.org\/{rel}","templated":true}]}}