{"id":551625,"date":"2025-11-22T15:58:23","date_gmt":"2025-11-22T15:58:23","guid":{"rendered":"https:\/\/www.europesays.com\/fr\/551625\/"},"modified":"2025-11-22T15:58:23","modified_gmt":"2025-11-22T15:58:23","slug":"la-meilleure-imprimante-3d-de-bambu-lab-est-bradee-frandroid","status":"publish","type":"post","link":"https:\/\/www.europesays.com\/fr\/551625\/","title":{"rendered":"la meilleure imprimante 3D de Bambu Lab est brad\u00e9e \u2014 Frandroid"},"content":{"rendered":"<p>Ne scrollez pas si vous voulez une machine qui marche vraiment en sortant du carton. La Bambu Lab P1S Combo perd une grosse partie de son prix, et franchement, \u00e0 ce tarif, la concurrence a du souci \u00e0 se faire.<\/p>\n<p><a target=\"_blank\" href=\"https:\/\/images.frandroid.com\/wp-content\/uploads\/2025\/11\/p1s-combo.jpg\" class=\"article-content__figure\" rel=\"noopener\"><img fetchpriority=\"high\" decoding=\"async\" loading=\"eager\" width=\"1200\" height=\"675\" src=\"https:\/\/www.europesays.com\/fr\/wp-content\/uploads\/2025\/11\/p1s-combo.jpg\" alt=\"\" class=\"wp-image-2881789 wp-image wp-image\"  \/><\/a><\/p>\n<p>On n\u2019a jamais vu ce pack \u00e0 ce tarif. Habituellement bien plus on\u00e9reuse, la <strong>Bambu Lab P1S Combo<\/strong> s\u2019affiche aujourd\u2019hui \u00e0 <strong>539 euros<\/strong>.<\/p>\n<p>Cela repr\u00e9sente une baisse de <strong>23 %<\/strong> par rapport au tarif habituel. Notez qu\u2019il faudra ajouter <strong>16 euros<\/strong> de frais de port, mais vu l\u2019\u00e9conomie r\u00e9alis\u00e9e sur le mat\u00e9riel, la pilule passe tr\u00e8s bien. Le tout se passe directement <a target=\"_blank\" href=\"https:\/\/shop.frandroid.com\/8v3ynagi\" rel=\"noopener\">sur le <strong>site officiel de Bambu Lab<\/strong><\/a>.<\/p>\n<p>Pourquoi cette machine est (toujours) une r\u00e9f\u00e9rence<\/p>\n<p>La P1S, c\u2019est la version car\u00e9n\u00e9e et am\u00e9lior\u00e9e de la P1P. En gros, vous avez une machine <strong>CoreXY ferm\u00e9e<\/strong> capable d\u2019imprimer \u00e0 <strong>500 mm\/s<\/strong> sans trembler.<\/p>\n<p>                <img decoding=\"async\" width=\"1200\" height=\"446\" loading=\"lazy\" alt=\"Eufy Box Partenaire\" title=\"Eufy Box Partenaire\" class=\"is-radiusless placeholder-default wp-image\" src=\"https:\/\/www.europesays.com\/fr\/wp-content\/uploads\/2025\/11\/eufy-box-partenaire-1200x446.jpg\" \/>            <\/p>\n<p>\n                    La tranquillit\u00e9 de la s\u00e9curit\u00e9 \u00e0 prix cass\u00e9                <\/p>\n<p class=\"has-text-weight-medium is-size-6 is-line-height-normal\">\n                    S\u00e9curit\u00e9 connect\u00e9e, vision nocturne et stockage local inclus. Prot\u00e9gez votre domicile avec ce kit de 2 SoloCam E42 en ce moment \u00e0 un prix jamais vu !                <\/p>\n<p><a target=\"_blank\" href=\"https:\/\/www.europesays.com\/fr\/wp-content\/uploads\/2025\/11\/1763827103_690_image-119.png\" class=\"article-content__figure\"><img loading=\"lazy\" decoding=\"async\" width=\"700\" height=\"700\" src=\"https:\/\/www.europesays.com\/fr\/wp-content\/uploads\/2025\/11\/1763827103_690_image-119.png\" alt=\"\" class=\"wp-image-2881791 wp-image\"  \/><\/a><\/p>\n<p>Ici, c\u2019est la version \u00ab\u00a0Combo\u00a0\u00bb. \u00c7a veut dire que le syst\u00e8me <strong>AMS (Automatic Material System)<\/strong> est inclus dans le carton. C\u2019est ce bo\u00eetier qui g\u00e8re <strong>4 couleurs<\/strong> automatiquement. Vous lancez le print, vous allez dormir, et le lendemain vous avez une figurine en quatre couleurs sans avoir touch\u00e9 \u00e0 rien. C\u2019est magique.<\/p>\n<p>Ce qu\u2019on en pense vraiment<\/p>\n<p>Alors, est-ce que c\u2019est la machine parfaite ? Pas loin, mais regardons les d\u00e9tails.<\/p>\n<p><strong>Les points forts :<\/strong><\/p>\n<ul class=\"wp-block-list\">\n<li><strong>Fiabilit\u00e9 insolente :<\/strong> \u00e7a imprime, point. Pas de bricolage, pas de r\u00e9glages infinis.<\/li>\n<li><strong>L\u2019\u00e9cosyst\u00e8me :<\/strong> l\u2019application Bambu Handy et le logiciel Studio sont des mod\u00e8les d\u2019ergonomie.<\/li>\n<li><strong>Vitesse et qualit\u00e9 :<\/strong> m\u00eame en 2025, le rapport vitesse\/qualit\u00e9 reste bluffant.<\/li>\n<li><strong>Le caisson ferm\u00e9 :<\/strong> indispensable si vous voulez toucher \u00e0 l\u2019ABS ou \u00e0 l\u2019ASA sans empoisonner votre chat.<\/li>\n<\/ul>\n<p><strong>Les points faibles :<\/strong><\/p>\n<ul class=\"wp-block-list\">\n<li><strong>Le bruit :<\/strong> elle ne fait pas dans la discr\u00e9tion. Pr\u00e9voyez une pi\u00e8ce isol\u00e9e ou un bon casque.<\/li>\n<li><strong>Propri\u00e9taire :<\/strong> les pi\u00e8ces d\u00e9tach\u00e9es, c\u2019est chez Bambu et nulle part ailleurs.<\/li>\n<\/ul>\n<p>Notre avis pour ce Black Friday<\/p>\n<p>La r\u00e9alit\u00e9 ? C\u2019est une offre canon. Mais attendez.<\/p>\n<p>Je dois quand m\u00eame mettre un b\u00e9mol : on est fin 2025. Bambu Lab vient de sortir <a href=\"https:\/\/www.frandroid.com\/test\/2804577_test-de-limprimante-3d-bambu-lab-h2s-avec-ams-pro-2-quand-bambu-lab-voit-en-grand-et-en-couleurs\" target=\"_blank\" rel=\"noopener\">ses nouvelles s\u00e9ries H2<\/a>. La P1S n\u2019est plus la \u00ab\u00a0derni\u00e8re nouveaut\u00e9\u00a0\u00bb. Son \u00e9cran monochrome \u00e0 boutons n\u2019est pas du nouveau des dalles tactiles actuelles. Mais posez-vous la question : est-ce que vous imprimez avec l\u2019\u00e9cran ou avec la buse ?<\/p>\n<p class=\"shortcode-container see-more\">\n    Pour aller plus loin<br \/><a href=\"https:\/\/www.frandroid.com\/test\/2804577_test-de-limprimante-3d-bambu-lab-h2s-avec-ams-pro-2-quand-bambu-lab-voit-en-grand-et-en-couleurs\" target=\"_blank\" rel=\"noopener\">Test de l\u2019imprimante 3D Bambu Lab H2S avec AMS Pro 2 : quand Bambu Lab voit en grand et en couleurs<\/a>\n            <\/p>\n<p>Bref, si vous voulez la technologie de pointe absolue, passez votre chemin. Mais si vous voulez une machine de guerre \u00e9prouv\u00e9e, fiable et maintenant <strong>ultra-abordable<\/strong> pour faire du multicolor, c\u2019est le meilleur deal de l\u2019ann\u00e9e. Foncez.<\/p>\n<p>Black Friday Week : pour ne rien rater des offres<\/p>\n<p>Le v\u00e9ritable Black Friday ne commencera que le 28 novembre prochain, mais les e-commer\u00e7ants ont d\u00e9j\u00e0 partag\u00e9 des offres en avance lors d\u2019une sorte d\u2019avant-premi\u00e8re du vendredi noir. En ce moment, Amazon lance la Black Friday Week, pour faire encore plus de bonnes affaires. Une aubaine si vous voulez anticiper vos achats de fin d\u2019ann\u00e9e.<\/p>\n<p>Si vous n\u2019avez pas trouv\u00e9 votre bonheur dans les s\u00e9lections pr\u00e9c\u00e9demment cit\u00e9es, voici ce qu\u2019il vous reste \u00e0 faire : <\/p>\n<ul class=\"wp-block-list\">\n<li>T\u00e9l\u00e9chargez notre nouvelle extension Chrome Frandroid Check afin de comparer facilement et sans intrusion les prix des produits : <a href=\"https:\/\/www.frandroid.com\/humanoid\/2877567_telechargez-frandroid-check-le-comparateur-de-prix-et-de-tests-integre-a-votre-navigateur\" target=\"_blank\" rel=\"noreferrer noopener\">tout est expliqu\u00e9 ici<\/a>. <\/li>\n<li>Suivez notre compte X\u00a0<a href=\"https:\/\/twitter.com\/FrandroidPromos\" target=\"_blank\" rel=\"noreferrer noopener\">@FrandroidPromos<\/a> uniquement d\u00e9di\u00e9 aux bons plans (pensez \u00e0 activer la cloche pour recevoir les notifications en temps r\u00e9el)<\/li>\n<li><a href=\"https:\/\/whatsapp.com\/channel\/0029VabYxm5LI8YhSlD8xc05\" target=\"_blank\" rel=\"noreferrer noopener\">Rejoignez notre canal WhatsApp<\/a> pour recevoir une fois par jour un condens\u00e9 des meilleures offres<\/li>\n<li>T\u00e9l\u00e9chargez notre <a href=\"https:\/\/www.frandroid.com\/telecharger\/apps\/frandroid\" target=\"_blank\" rel=\"noreferrer noopener\">application Frandroid<\/a> (disponible sur iOS et Android) pour activer les notifications de la cat\u00e9gorie \u00ab Bons Plans \u00bb et ainsi recevoir en temps r\u00e9el les nouveaux articles li\u00e9s au Black Friday 2025<\/li>\n<li>Abonnez-vous \u00e0 notre newsletter pour \u00eatre s\u00fbr de recevoir les offres en avant-premi\u00e8re (pas plus d\u2019un mail par jour, d\u00e9sinscription en 1 clic, aucune diffusion \u00e0 des tiers) :<\/li>\n<\/ul>\n<p class=\"newsletter-form__title is-size-6 is-size-7-mobile is-uppercase has-text-good-deals has-text-weight-semibold mb-4 px-5\">Frandroid Bons plans<\/p>\n<p class=\"has-text-centered-tablet newsletter-form__subtitle is-size-4 has-text-weight-bold has-text-primary column is-9-tablet is-10-mobile\">\n                C\u2019est enregistr\u00e9 ! Surveillez votre bo\u00eete aux lettres, vous allez entendre parler de nous\u00a0!\n            <\/p>\n<p class=\"newsletter-form__subtitle is-size-4 has-text-weight-bold has-text-gradient-pink\">Ne manquez aucun bon plan avec notre newsletter<\/p>\n<p class=\"is-size-7\">\n                Les donn\u00e9es transmises par le biais de ce formulaire sont destin\u00e9es \u00e0 Humanoid,<br \/>\n                soci\u00e9t\u00e9 \u00e9ditrice du site Frandroid en sa qualit\u00e9 de responsable de traitement.<br \/>\n                Elles ne seront en aucun cas c\u00e9d\u00e9es \u00e0 des tiers. Ces donn\u00e9es sont trait\u00e9es sous r\u00e9serve d\u2019obtention de<br \/>\n                votre consentement pour vous envoyer par e-mail des actualit\u00e9s et informations relatives aux contenus<br \/>\n                \u00e9ditoriaux publi\u00e9s sur Frandroid. Vous pouvez vous opposer \u00e0 tout moment \u00e0 ces e-mails<br \/>\n                en cliquant sur les liens de d\u00e9sinscriptions pr\u00e9sents dans chacun d\u2019eux. Pour plus d\u2019informations, vous<br \/>\n                pouvez consulter l\u2019int\u00e9gralit\u00e9 de notre <a href=\"https:\/\/www.frandroid.com\/politique-donnees-personnelles\" target=\"_blank\" rel=\"noopener\"><br \/>\n                politique de traitement de vos donn\u00e9es personnelles<\/a>.<br \/>\n                Vous disposez d\u2019un droit d\u2019acc\u00e8s, de rectification, d\u2019effacement, de limitation, de portabilit\u00e9 et<br \/>\n                d\u2019opposition pour motif l\u00e9gitime aux donn\u00e9es personnelles vous concernant. Pour exercer l\u2019un de ces droits,<br \/>\n                merci d\u2019effectuer votre demande via notre <a href=\"https:\/\/www.frandroid.com\/contact\/#RGPD\" target=\"_blank\" rel=\"noopener\">formulaire<br \/>\n                de demandes d\u2019exercices de droits d\u00e9di\u00e9<\/a>.\n            <\/p>\n<p>Retrouvez tous les articles de Frandroid directement sur Google. Abonnez-vous \u00e0 <a target=\"_blank\" href=\"https:\/\/shop.frandroid.com\/gpfrandroid\" rel=\"noopener\">notre profil Google<\/a> pour ne rien manquer !<\/p>\n<p>            <script async src=\"https:\/\/platform.twitter.com\/widgets.js\" charset=\"utf-8\"><\/script><\/p>\n","protected":false},"excerpt":{"rendered":"Ne scrollez pas si vous voulez une machine qui marche vraiment en sortant du carton. La Bambu Lab&hellip;\n","protected":false},"author":2,"featured_media":551626,"comment_status":"","ping_status":"","sticky":false,"template":"","format":"standard","meta":{"footnotes":""},"categories":[7],"tags":[1011,27,43,40,41,39,42,44],"class_list":{"0":"post-551625","1":"post","2":"type-post","3":"status-publish","4":"format-standard","5":"has-post-thumbnail","7":"category-sciences-et-technologies","8":"tag-fr","9":"tag-france","10":"tag-science","11":"tag-science-and-technology","12":"tag-sciences","13":"tag-sciences-et-technologies","14":"tag-technologies","15":"tag-technology"},"share_on_mastodon":{"url":"https:\/\/pubeurope.com\/@fr\/115594183202247484","error":""},"_links":{"self":[{"href":"https:\/\/www.europesays.com\/fr\/wp-json\/wp\/v2\/posts\/551625","targetHints":{"allow":["GET"]}}],"collection":[{"href":"https:\/\/www.europesays.com\/fr\/wp-json\/wp\/v2\/posts"}],"about":[{"href":"https:\/\/www.europesays.com\/fr\/wp-json\/wp\/v2\/types\/post"}],"author":[{"embeddable":true,"href":"https:\/\/www.europesays.com\/fr\/wp-json\/wp\/v2\/users\/2"}],"replies":[{"embeddable":true,"href":"https:\/\/www.europesays.com\/fr\/wp-json\/wp\/v2\/comments?post=551625"}],"version-history":[{"count":0,"href":"https:\/\/www.europesays.com\/fr\/wp-json\/wp\/v2\/posts\/551625\/revisions"}],"wp:featuredmedia":[{"embeddable":true,"href":"https:\/\/www.europesays.com\/fr\/wp-json\/wp\/v2\/media\/551626"}],"wp:attachment":[{"href":"https:\/\/www.europesays.com\/fr\/wp-json\/wp\/v2\/media?parent=551625"}],"wp:term":[{"taxonomy":"category","embeddable":true,"href":"https:\/\/www.europesays.com\/fr\/wp-json\/wp\/v2\/categories?post=551625"},{"taxonomy":"post_tag","embeddable":true,"href":"https:\/\/www.europesays.com\/fr\/wp-json\/wp\/v2\/tags?post=551625"}],"curies":[{"name":"wp","href":"https:\/\/api.w.org\/{rel}","templated":true}]}}