{"id":551631,"date":"2025-11-22T16:03:27","date_gmt":"2025-11-22T16:03:27","guid":{"rendered":"https:\/\/www.europesays.com\/fr\/551631\/"},"modified":"2025-11-22T16:03:27","modified_gmt":"2025-11-22T16:03:27","slug":"cest-un-echauffement-pour-la-suite-de-lhiver-a-quimper-les-jeunes-agriculteurs-mettent-la-pression-sur-la-grande-et-moyenne-surface","status":"publish","type":"post","link":"https:\/\/www.europesays.com\/fr\/551631\/","title":{"rendered":"\u00ab\u00a0C\u2019est un \u00e9chauffement pour la suite de l\u2019hiver\u00a0\u00bb\u00a0: \u00e0 Quimper, les Jeunes agriculteurs mettent la pression sur la grande et moyenne surface"},"content":{"rendered":"<p>C\u2019est <a href=\"https:\/\/www.letelegramme.fr\/bretagne\/revenus-agricoles-les-ja-se-mobiliseront-ce-samedi-en-bretagne-6933210.php\" target=\"_blank\" rel=\"noopener\">une action coup de poing<\/a> qu\u2019une vingtaine de Jeunes agriculteurs install\u00e9s dans le sud du Finist\u00e8re a tenu \u00e0 mener, ce samedi 22 novembre 2025, \u00e0 Quimper, alors que d\u2019autres rassemblements \u00e9taient pr\u00e9vus \u00e0 <a href=\"https:\/\/www.letelegramme.fr\/finistere\/gouesnou-29850\/une-trentaine-de-jeunes-agriculteurs-bloquent-lune-des-entrees-du-leclerc-gouesnou-6933347.php\" target=\"_blank\" rel=\"noopener\">Gouesnou<\/a>, Saint-Pol-de-L\u00e9on ou <a href=\"https:\/\/www.letelegramme.fr\/finistere\/saint-pol-de-leon-29250\/revenus-agricoles-une-quinzaine-de-tracteurs-reunis-a-saint-pol-de-leon-6933334.php\" target=\"_blank\" rel=\"noopener\">Morlaix<\/a>. En fin de matin\u00e9e, le cort\u00e8ge s\u2019est rendu au centre E. Leclerc de Gourvily (*), d\u00e9versant d\u2019abord le contenu de deux remorques aux entr\u00e9es du parking pour emp\u00eacher les clients d\u2019y acc\u00e9der.<\/p>\n<p>\u00ab Faire le tri \u00bb<\/p>\n<p>Apr\u00e8s un premier \u00e9change avec des membres de la direction, ils sont entr\u00e9s dans le magasin pour \u00ab faire le tri \u00bb, annonce l\u2019un des participants. \u00ab On va faire un tour dans les rayons pour voir l\u2019origine des produits, pr\u00e9cise Nicolas. Et on signalera aux fraudes comme \u00e0 chaque fois, s\u2019il y a des soucis \u00bb. \u00c0 la sortie, les chariots contenaient des articles que les agriculteurs auraient pr\u00e9f\u00e9r\u00e9 ne pas trouver : \u00ab Conserves de petits pois ou de haricots originaires de Madagascar ou du Kenya, produits laitiers \u00e0 premiers prix aux origines europ\u00e9ennes ou non identifi\u00e9es, barquettes de porcs, volailles \u00e9trang\u00e8res\u2026 \u00bb, r\u00e9pertorie Yannick, un producteur de porcs qui r\u00e9clame, comme ses coll\u00e8gues, \u00ab une organisation des rayonnages avec une s\u00e9paration claire des produits fran\u00e7ais et ceux qui ne le sont pas \u00bb.<\/p>\n<blockquote><p>Les consommateurs ne veulent pas de ces produits \u00e9trangers mais ils n\u2019auront pas le choix<\/p><\/blockquote>\n<p>\u00ab On voit que la mise en avant n\u2019est plus faite sur les produits fran\u00e7ais \u00bb, abonde Nicolas, producteur porcin et laitier, qui estime que <a href=\"https:\/\/www.letelegramme.fr\/economie\/le-projet-daccord-ue-mercosur-toujours-pas-acceptable-en-letat-pour-la-france-6931994.php\" target=\"_blank\" rel=\"noopener\">l\u2019accord commercial entre l\u2019Union europ\u00e9enne et les pays du Mercosur<\/a> ne fera qu\u2019accentuer les difficult\u00e9s. Et d\u2019ajouter : \u00ab On ne sera plus comp\u00e9titifs\u2026 Les consommateurs ne veulent pas de ces produits \u00e9trangers mais ils n\u2019auront pas le choix \u00bb. \u00ab Et puis, ench\u00e9rit Yannick, les consommateurs voient d\u2019abord le prix \u00bb.<\/p>\n<p>\u00ab Solidarit\u00e9 pour manger fran\u00e7ais \u00bb<\/p>\n<p>\u00c0 l\u2019heure o\u00f9 les prix pay\u00e9s aux producteurs baissent et o\u00f9 les n\u00e9gociations commerciales commencent, les agriculteurs mobilis\u00e9s ce samedi doivent donc mettre la pression. Ils r\u00e9clament des revenus d\u00e9cents et la possibilit\u00e9 d\u2019\u00eatre comp\u00e9titifs sur les march\u00e9s. \u00ab Et une solidarit\u00e9 pour manger fran\u00e7ais \u00bb, insiste C\u00e9line.<\/p>\n<p><img decoding=\"async\" src=\"https:\/\/www.europesays.com\/fr\/wp-content\/uploads\/2025\/11\/6921d3611027df4fc9013981.1.jpeg\" width=\"480\" height=\"300\" class=\"web_golden_m\" loading=\"lazy\" alt=\"Les mobilis\u00e9s de ce samedi r\u00e9clament des revenus d\u00e9cents et la possibilit\u00e9 d\u2019\u00eatre comp\u00e9titifs sur les march\u00e9s.\"\/>Les mobilis\u00e9s de ce samedi r\u00e9clament des revenus d\u00e9cents et la possibilit\u00e9 d\u2019\u00eatre comp\u00e9titifs sur les march\u00e9s. (Photo Le T\u00e9l\u00e9gramme\/Sophie Benoit)<\/p>\n<p>\u00c0 la mi-journ\u00e9e, le groupe a quitt\u00e9 Gourvily et quelques heures apr\u00e8s, les acc\u00e8s au centre commercial ont \u00e9t\u00e9 rouverts. Au terme de la r\u00e9flexion, aucune autre enseigne de la grande et moyenne surface n\u2019a \u00e9t\u00e9 cibl\u00e9e ce samedi. Mais d\u2019autres actions pourraient venir. \u00ab Aujourd\u2019hui, c\u2019est un \u00e9chauffement pour la suite de l\u2019hiver \u00bb, pr\u00e9viennent ceux qui d\u00e9plorent qu\u2019il y ait d\u00e9sormais \u00ab de plus en plus d\u2019agriculteurs d\u00e9sesp\u00e9r\u00e9s \u00bb.<\/p>\n<p class=\"note\">* Sollicit\u00e9e, la direction du centre E. Leclerc n\u2019a pas souhait\u00e9 r\u00e9agir.<\/p>\n","protected":false},"excerpt":{"rendered":"C\u2019est une action coup de poing qu\u2019une vingtaine de Jeunes agriculteurs install\u00e9s dans le sud du Finist\u00e8re a&hellip;\n","protected":false},"author":2,"featured_media":551632,"comment_status":"","ping_status":"","sticky":false,"template":"","format":"standard","meta":{"footnotes":""},"categories":[4],"tags":[11,21427,327,5825,130,33,765,3321,1011,27,2088,12,3319,25],"class_list":{"0":"post-551631","1":"post","2":"type-post","3":"status-publish","4":"format-standard","5":"has-post-thumbnail","7":"category-france","8":"tag-actualites","9":"tag-agriculteurs-en-colere","10":"tag-agriculture","11":"tag-agroalimentaire","12":"tag-consommation","13":"tag-economie","14":"tag-en-continu","15":"tag-finistere","16":"tag-fr","17":"tag-france","18":"tag-manifestation","19":"tag-news","20":"tag-quimper","21":"tag-republique-francaise"},"share_on_mastodon":{"url":"https:\/\/pubeurope.com\/@fr\/115594199501930793","error":""},"_links":{"self":[{"href":"https:\/\/www.europesays.com\/fr\/wp-json\/wp\/v2\/posts\/551631","targetHints":{"allow":["GET"]}}],"collection":[{"href":"https:\/\/www.europesays.com\/fr\/wp-json\/wp\/v2\/posts"}],"about":[{"href":"https:\/\/www.europesays.com\/fr\/wp-json\/wp\/v2\/types\/post"}],"author":[{"embeddable":true,"href":"https:\/\/www.europesays.com\/fr\/wp-json\/wp\/v2\/users\/2"}],"replies":[{"embeddable":true,"href":"https:\/\/www.europesays.com\/fr\/wp-json\/wp\/v2\/comments?post=551631"}],"version-history":[{"count":0,"href":"https:\/\/www.europesays.com\/fr\/wp-json\/wp\/v2\/posts\/551631\/revisions"}],"wp:featuredmedia":[{"embeddable":true,"href":"https:\/\/www.europesays.com\/fr\/wp-json\/wp\/v2\/media\/551632"}],"wp:attachment":[{"href":"https:\/\/www.europesays.com\/fr\/wp-json\/wp\/v2\/media?parent=551631"}],"wp:term":[{"taxonomy":"category","embeddable":true,"href":"https:\/\/www.europesays.com\/fr\/wp-json\/wp\/v2\/categories?post=551631"},{"taxonomy":"post_tag","embeddable":true,"href":"https:\/\/www.europesays.com\/fr\/wp-json\/wp\/v2\/tags?post=551631"}],"curies":[{"name":"wp","href":"https:\/\/api.w.org\/{rel}","templated":true}]}}