{"id":551638,"date":"2025-11-22T16:08:30","date_gmt":"2025-11-22T16:08:30","guid":{"rendered":"https:\/\/www.europesays.com\/fr\/551638\/"},"modified":"2025-11-22T16:08:30","modified_gmt":"2025-11-22T16:08:30","slug":"laneuvelotte-la-municipalite-accueille-six-participants-aux-gestes-de-premiers-secours","status":"publish","type":"post","link":"https:\/\/www.europesays.com\/fr\/551638\/","title":{"rendered":"Laneuvelotte. La municipalit\u00e9 accueille six participants aux gestes de premiers secours"},"content":{"rendered":"<p>Jessica Michel, conseill\u00e8re municipale et Ga\u00ebtan Messerer, coordinateur des formations pour la protection civile et habitant de Laneuvelotte, ont accueilli six participants pour une formation aux gestes de premiers secours. Cette initiation fait suite \u00e0 une premi\u00e8re s\u00e9ance en juin\u00a02022 avec sept adultes et trois enfants et une autre en 2024 avec 14 enfants de 8 \u00e0 14 ans. Au programme, comment apporter les premiers secours en \u00e9tant le premier maillon de la cha\u00eene.<\/p>\n","protected":false},"excerpt":{"rendered":"Jessica Michel, conseill\u00e8re municipale et Ga\u00ebtan Messerer, coordinateur des formations pour la protection civile et habitant de Laneuvelotte,&hellip;\n","protected":false},"author":2,"featured_media":551639,"comment_status":"","ping_status":"","sticky":false,"template":"","format":"standard","meta":{"footnotes":""},"categories":[9635],"tags":[1111,11,12080,1704,1777,674,1011,27,775,13793,1702,12,25,71],"class_list":{"0":"post-551638","1":"post","2":"type-post","3":"status-publish","4":"format-standard","5":"has-post-thumbnail","7":"category-nancy","8":"tag-actu","9":"tag-actualites","10":"tag-cc-de-seille-et-grand-couronne-54b","11":"tag-edition-nancy-et-agglomeration","12":"tag-eu","13":"tag-europe","14":"tag-fr","15":"tag-france","16":"tag-grand-est","17":"tag-laneuvelotte","18":"tag-nancy","19":"tag-news","20":"tag-republique-francaise","21":"tag-sante"},"share_on_mastodon":{"url":"https:\/\/pubeurope.com\/@fr\/115594218937886720","error":""},"_links":{"self":[{"href":"https:\/\/www.europesays.com\/fr\/wp-json\/wp\/v2\/posts\/551638","targetHints":{"allow":["GET"]}}],"collection":[{"href":"https:\/\/www.europesays.com\/fr\/wp-json\/wp\/v2\/posts"}],"about":[{"href":"https:\/\/www.europesays.com\/fr\/wp-json\/wp\/v2\/types\/post"}],"author":[{"embeddable":true,"href":"https:\/\/www.europesays.com\/fr\/wp-json\/wp\/v2\/users\/2"}],"replies":[{"embeddable":true,"href":"https:\/\/www.europesays.com\/fr\/wp-json\/wp\/v2\/comments?post=551638"}],"version-history":[{"count":0,"href":"https:\/\/www.europesays.com\/fr\/wp-json\/wp\/v2\/posts\/551638\/revisions"}],"wp:featuredmedia":[{"embeddable":true,"href":"https:\/\/www.europesays.com\/fr\/wp-json\/wp\/v2\/media\/551639"}],"wp:attachment":[{"href":"https:\/\/www.europesays.com\/fr\/wp-json\/wp\/v2\/media?parent=551638"}],"wp:term":[{"taxonomy":"category","embeddable":true,"href":"https:\/\/www.europesays.com\/fr\/wp-json\/wp\/v2\/categories?post=551638"},{"taxonomy":"post_tag","embeddable":true,"href":"https:\/\/www.europesays.com\/fr\/wp-json\/wp\/v2\/tags?post=551638"}],"curies":[{"name":"wp","href":"https:\/\/api.w.org\/{rel}","templated":true}]}}