{"id":551640,"date":"2025-11-22T16:10:28","date_gmt":"2025-11-22T16:10:28","guid":{"rendered":"https:\/\/www.europesays.com\/fr\/551640\/"},"modified":"2025-11-22T16:10:28","modified_gmt":"2025-11-22T16:10:28","slug":"nancy-un-etudiant-en-medecine-retrouve-mort-sur-le-bord-de-lautoroute-apres-une-soiree","status":"publish","type":"post","link":"https:\/\/www.europesays.com\/fr\/551640\/","title":{"rendered":"Nancy : un \u00e9tudiant en m\u00e9decine retrouv\u00e9 mort sur le bord de l&rsquo;autoroute apr\u00e8s une soir\u00e9e"},"content":{"rendered":"<ul class=\"jsx-862013697 ArticleChapo__List\">\n<li class=\"jsx-862013697 ArticleChapo__List_Item flex\">Le corps sans vie d&rsquo;un jeune homme de 19 ans a \u00e9t\u00e9 retrouv\u00e9 au bord de l&rsquo;autoroute A33.<\/li>\n<li class=\"jsx-862013697 ArticleChapo__List_Item flex\">La victime est un \u00e9tudiant en m\u00e9decine qui rentrait d&rsquo;une soir\u00e9e.<\/li>\n<li class=\"jsx-862013697 ArticleChapo__List_Item flex\">Une enqu\u00eate a \u00e9t\u00e9 ouverte par le parquet de Nancy.<\/li>\n<\/ul>\n<p data-module=\"article-paragraph\" class=\"jsx-3046738180 Paragraph Paragraph__End\">C&rsquo;est un automobiliste, circulant jeudi 20 novembre sur l&rsquo;autoroute A33, qui a aper\u00e7u le corps inanim\u00e9 de la victime pr\u00e8s de la glissi\u00e8re de s\u00e9curit\u00e9 et qui a donn\u00e9 l&rsquo;alerte. \u00c0 leur arriv\u00e9e sur place, la CRS autorouti\u00e8re de Lorraine et les secours ont tent\u00e9 de venir en aide \u00e0 ce jeune homme qui \u00e9tait allong\u00e9 dans l\u2019herbe, v\u00eatu d\u2019un pantalon, d\u2019un sweat-shirt et de bottes en caoutchouc, selon une source polici\u00e8re. Sa t\u00eate, qui pr\u00e9sentait une blessure, \u00e9tait en partie recouverte d&rsquo;un sac, selon la m\u00eame source.\u00a0<\/p>\n<p>Il rentrait \u00e0 pied d&rsquo;une soir\u00e9e \u00e9tudiante<\/p>\n<p data-module=\"article-paragraph\" class=\"jsx-3046738180 Paragraph\">Des documents d&rsquo;identit\u00e9 ont \u00e9t\u00e9 retrouv\u00e9s. La victime, n\u00e9e en 2006, r\u00e9sidait \u00e0 proximit\u00e9 des lieux o\u00f9 son corps a \u00e9t\u00e9 retrouv\u00e9, pr\u00e8s de la sortie de l&rsquo;autoroute A33 menant au Centre hospitalier r\u00e9gional universitaire (CHRU) de Nancy. \u00a0Il rentrait \u00e0 pied d&rsquo;une soir\u00e9e \u00e9tudiante, a pr\u00e9cis\u00e9 \u00e0 l&rsquo;AFP la procureure de la R\u00e9publique adjointe de Nancy, Clara Ziegler, confirmant une information de <a href=\"https:\/\/france3-regions.franceinfo.fr\/grand-est\/meurthe-et-moselle\/nancy\/un-etudiant-de-la-fac-de-medecine-meurt-sur-l-autoroute-de-nombreuses-zones-d-ombre-a-eclaircir-3253678.html\" target=\"_blank\" rel=\"nofollow noopener\">France 3 Lorraine. (nouvelle fen\u00eatre)<\/a><\/p>\n<p data-module=\"article-paragraph\" class=\"jsx-3046738180 Paragraph Paragraph__End\">Les circonstances de la pr\u00e9sence de ce jeune homme, \u00e9tudiant en deuxi\u00e8me ann\u00e9e de m\u00e9decine \u00e0 Nancy, sur cette portion de l\u2019autoroute, sont, pour l\u2019heure, inconnues.<\/p>\n<p><a href=\"https:\/\/www.tf1info.fr\/justice-faits-divers\/reportage-video-ils-peuvent-etre-traumatises-a-toulouse-le-choc-apres-le-bizutage-aggrave-d-etudiants-en-medecine-2398511.html\" rel=\"noopener\" class=\"jsx-3308031228 Link flex\" target=\"_blank\"><img decoding=\"async\" src=\"https:\/\/www.europesays.com\/fr\/wp-content\/uploads\/2025\/11\/fac-de-medecine-toulouse-bcb52d-0@1x.jpeg\" alt=\"Capture d'\u00e9cran TF1\" loading=\"lazy\" importance=\"low\" fetchpriority=\"low\" class=\"\" aria-hidden=\"true\"\/><\/p>\n<p class=\"jsx-3657663356 ReadMoreArticle__Title\">Lire aussi<\/p>\n<p class=\"jsx-3657663356\">\u00ab\u00a0Ils peuvent \u00eatre traumatis\u00e9s\u00a0\u00bb : \u00e0 Toulouse, le choc apr\u00e8s le \u00ab\u00a0bizutage aggrav\u00e9\u00a0\u00bb d&rsquo;\u00e9tudiants en m\u00e9decine<\/p>\n<p><\/a>Percut\u00e9 par une voiture ? <\/p>\n<p data-module=\"article-paragraph\" class=\"jsx-3046738180 Paragraph\">L\u2019examen effectu\u00e9 par le m\u00e9decin l\u00e9giste r\u00e9v\u00e8le l\u2019existence d\u2019une importante blessure \u00e0 la t\u00eate compatible avec un choc entre le corps et un v\u00e9hicule.\u00a0\u00ab\u00a0Un sac \u00e9tait bien pos\u00e9 sur la t\u00eate, mais sans lien de serrage. Ce sac s\u2019apparente aux sacs vomitoires donn\u00e9s aux \u00e9tudiants en montant dans la navette affr\u00e9t\u00e9e pour la soir\u00e9e\u00a0\u00bb, a indiqu\u00e9 Clara Ziegler, procureure de la R\u00e9publique adjointe de Nancy \u00e0 TF1info.<\/p>\n<p data-module=\"article-paragraph\" class=\"jsx-3046738180 Paragraph\">\u00ab\u00a0Le m\u00e9decin l\u00e9giste d\u00e9p\u00each\u00e9 sur place a \u00e9voqu\u00e9 la possibilit\u00e9 d&rsquo;un impact avec un v\u00e9hicule\u00a0\u00bb, a-t-elle ajout\u00e9. Une autopsie a \u00e9t\u00e9 sollicit\u00e9e par le parquet. S&rsquo;il y a effectivement eu l&rsquo;intervention d&rsquo;un tiers dans ce drame, la personne a pris la fuite, laissant le jeune homme pour mort.\u00a0<\/p>\n<p data-module=\"article-paragraph\" class=\"jsx-3046738180 Paragraph Paragraph__End\">Une enqu\u00eate a \u00e9t\u00e9 ouverte pour le d\u00e9lit d'\u00a0\u00bbhomicide involontaire\u00a0\u00bb par conducteur d&rsquo;un v\u00e9hicule terrestre.<\/p>\n<p>Aur\u00e9lie SARROT<\/p>\n","protected":false},"excerpt":{"rendered":"Le corps sans vie d&rsquo;un jeune homme de 19 ans a \u00e9t\u00e9 retrouv\u00e9 au bord de l&rsquo;autoroute A33.&hellip;\n","protected":false},"author":2,"featured_media":551641,"comment_status":"","ping_status":"","sticky":false,"template":"","format":"standard","meta":{"footnotes":""},"categories":[9635],"tags":[1111,11,1921,1777,674,1011,27,775,1922,2954,224,1702,12,25,133,2953],"class_list":{"0":"post-551640","1":"post","2":"type-post","3":"status-publish","4":"format-standard","5":"has-post-thumbnail","7":"category-nancy","8":"tag-actu","9":"tag-actualites","10":"tag-article-video","11":"tag-eu","12":"tag-europe","13":"tag-fr","14":"tag-france","15":"tag-grand-est","16":"tag-info","17":"tag-justice-et-faits-divers","18":"tag-medecine","19":"tag-nancy","20":"tag-news","21":"tag-republique-francaise","22":"tag-video","23":"tag-video-police"},"share_on_mastodon":{"url":"https:\/\/pubeurope.com\/@fr\/115594227682176290","error":""},"_links":{"self":[{"href":"https:\/\/www.europesays.com\/fr\/wp-json\/wp\/v2\/posts\/551640","targetHints":{"allow":["GET"]}}],"collection":[{"href":"https:\/\/www.europesays.com\/fr\/wp-json\/wp\/v2\/posts"}],"about":[{"href":"https:\/\/www.europesays.com\/fr\/wp-json\/wp\/v2\/types\/post"}],"author":[{"embeddable":true,"href":"https:\/\/www.europesays.com\/fr\/wp-json\/wp\/v2\/users\/2"}],"replies":[{"embeddable":true,"href":"https:\/\/www.europesays.com\/fr\/wp-json\/wp\/v2\/comments?post=551640"}],"version-history":[{"count":0,"href":"https:\/\/www.europesays.com\/fr\/wp-json\/wp\/v2\/posts\/551640\/revisions"}],"wp:featuredmedia":[{"embeddable":true,"href":"https:\/\/www.europesays.com\/fr\/wp-json\/wp\/v2\/media\/551641"}],"wp:attachment":[{"href":"https:\/\/www.europesays.com\/fr\/wp-json\/wp\/v2\/media?parent=551640"}],"wp:term":[{"taxonomy":"category","embeddable":true,"href":"https:\/\/www.europesays.com\/fr\/wp-json\/wp\/v2\/categories?post=551640"},{"taxonomy":"post_tag","embeddable":true,"href":"https:\/\/www.europesays.com\/fr\/wp-json\/wp\/v2\/tags?post=551640"}],"curies":[{"name":"wp","href":"https:\/\/api.w.org\/{rel}","templated":true}]}}