{"id":551649,"date":"2025-11-22T16:15:16","date_gmt":"2025-11-22T16:15:16","guid":{"rendered":"https:\/\/www.europesays.com\/fr\/551649\/"},"modified":"2025-11-22T16:15:16","modified_gmt":"2025-11-22T16:15:16","slug":"froid-la-vigilance-maintenue-par-meteo-france-en-seine-maritime-ou-la-neige-doit-elle-tomber-cette-nuit","status":"publish","type":"post","link":"https:\/\/www.europesays.com\/fr\/551649\/","title":{"rendered":"Froid. La vigilance maintenue par M\u00e9t\u00e9o France en Seine-Maritime, o\u00f9 la neige doit-elle tomber cette nuit\u00a0?"},"content":{"rendered":"<p>                    Par<br \/>\n        <strong><br \/>\n            <a href=\"https:\/\/actu.fr\/auteur\/eaube\" title=\"Consulter tous les articles de Elo\u00efse Aub\u00e9\" rel=\"nofollow noopener\" target=\"_blank\">Elo\u00efse Aub\u00e9<\/a><br \/>\n                    <\/strong><\/p>\n<p>        Publi\u00e9 le<\/p>\n<p>            22 nov. 2025 \u00e0 16h36        <\/p>\n<p><a href=\"https:\/\/actu.fr\/meteo\/neige-et-verglas-en-seine-maritime-meteo-france-declenche-la-vigilance-ce-vendredi_63467354.html\" rel=\"nofollow noopener\" target=\"_blank\">C\u2019\u00e9tait annonc\u00e9<\/a> et c\u2019est maintenu. M\u00e9t\u00e9o-France a maintenu, dans son dernier bulletin tomb\u00e9 \u00e0 16h ce samedi 22\u00a0novembre 2025, la <strong>vigilance jaune pour neige et verglas en Seine-Maritime<\/strong> d\u00e8s 19h ce soir et jusqu\u2019\u00e0 9h, dimanche.<\/p>\n<p>Des rafales entre 40 et 50\u00a0km\/h<\/p>\n<p class=\" wall-content\">Localement, c\u2019est principalement \u00e0 l\u2019E<strong>st du d\u00e9partement<\/strong> o\u00f9 les flocons doivent tomber cette nuit. Dans le d\u00e9tail, le <strong>pays de Bray, les hauteurs de Rouen et l\u2019Est du pays de Caux<\/strong> seront concern\u00e9s par ces chutes de neige. \u00ab\u2009Entre 2 \u00e0 5 centim\u00e8tres\u2009\u00bb selon les pr\u00e9visionnistes sont attendus localement.<\/p>\n<p class=\" wall-content\">Un <strong>m\u00e9lange l\u00e9ger de pluie et de neige<\/strong> touchera le littoral seinomarin, notamment au\u00a0Havre et \u00e0 F\u00e9camp, en d\u00e9but de soir\u00e9e.<\/p>\n<p class=\" wall-content\">Comme depuis le milieu de la semaine, des rafales de vent ponctueront la soir\u00e9e et une bonne partie de la nuit. \u00c0 <a href=\"https:\/\/actu.fr\/normandie\/rouen_76540\" rel=\"nofollow noopener\" target=\"_blank\">Rouen<\/a>, le vent venant du Sud-Est, devrait grimper jusqu\u2019\u00e0 40\u00a0km\/h en d\u00e9but de nuit. Au\u00a0<a href=\"https:\/\/actu.fr\/normandie\/le-havre_76351\" rel=\"nofollow noopener\" target=\"_blank\">Havre<\/a>, en revanche, les <strong>rafales seront plus importantes<\/strong>, comprises entre 50 et 60\u00a0km\/h et durer une bonne partie de la nuit.<\/p>\n<p>Prudence sur les routes<\/p>\n<p>Le verglas va s&rsquo;inviter cette nuit sur les routes de Seine-Maritime. Il est donc important de respecter quelques consignes de s\u00e9curit\u00e9 : <br \/>&#8211; Privil\u00e9giez les transports en commun ;<br \/>&#8211; Renseignez-vous sur les conditions de circulation sur le site de Bison Fut\u00e9 ;<br \/>&#8211; Facilitez le passage des engins de d\u00e9gagement des routes et autoroutes, en particulier en stationnant votre v\u00e9hicule en dehors des voies de circulation ;<br \/>&#8211; Prot\u00e9gez-vous des chutes et prot\u00e9gez les autres en d\u00e9gageant la neige et en salant les trottoirs devant votre domicile, tout en \u00e9vitant d&rsquo;obstruer les regards d&rsquo;\u00e9coulement des eaux ;<br \/>&#8211; Ne touchez en aucun cas \u00e0 des fils \u00e9lectriques tomb\u00e9s au sol ;<\/p>\n<p>Vid\u00e9os : en ce moment sur ActuQuid des temp\u00e9ratures\u2009?<\/p>\n<p class=\" wall-content\">Qui dit neige, dit froid. Alors c\u00f4t\u00e9 temp\u00e9ratures, le thermom\u00e8tre oscillera entre <strong>5 et 6 degr\u00e9s cette nuit au\u00a0Havre et entre 2 et 3 degr\u00e9s \u00e0 Rouen<\/strong>.<\/p>\n<p class=\" wall-content\">S\u2019agissant de la journ\u00e9e de dimanche, marqu\u00e9e par des \u00e9pisodes de pluie, le thermom\u00e8tre devrait remonter jusqu\u2019\u00e0 9 degr\u00e9s \u00e0 Rouen et jusqu\u2019\u00e0 11 degr\u00e9s dans l\u2019apr\u00e8s-midi au\u00a0Havre.<\/p>\n<p>Votre r\u00e9gion, votre actu !<\/p>\n<p>Recevez chaque jour les infos qui comptent pour vous.<\/p>\n<p>\t<a href=\"https:\/\/actu.fr\/newsletter\" class=\"ac-btn ac-btn--corner ac-btn--medium ac-btn--blue800\" rel=\"nofollow noopener\" target=\"_blank\">S&rsquo;incrire<\/a><br \/>\nSuivez l\u2019actualit\u00e9 sur WhatsApp \u00e0 <a href=\"https:\/\/www.whatsapp.com\/channel\/0029VaKfnf99hXF2ddApFB1D\" rel=\"nofollow noopener\" target=\"_blank\">Rouen<\/a> et au\u00a0<a href=\"https:\/\/www.whatsapp.com\/channel\/0029VaFqJYE8aKvLBwVrEe0o\" rel=\"nofollow noopener\" target=\"_blank\">Havre<\/a> et sur notre <a href=\"https:\/\/www.tiktok.com\/@76actu.fr?lang=fr\" rel=\"nofollow noopener\" target=\"_blank\">compte TikTok<\/a><\/p>\n<p class=\" wall-content\">Personnalisez votre actualit\u00e9 en ajoutant vos villes et m\u00e9dias en favori avec <a href=\"https:\/\/moncompte.actu.fr\" title=\"D\u00e9couvez Mon Actu\" rel=\"nofollow noopener\" data-trk=\"{&quot;cta&quot;:{&quot;action&quot;:&quot;https:\\\/\\\/moncompte.actu.fr&quot;,&quot;category&quot;:&quot;mon compte&quot;,&quot;from&quot;:&quot;article footer&quot;,&quot;name&quot;:&quot;Mon actu&quot;,&quot;type&quot;:&quot;cta&quot;}}\" target=\"_blank\">Mon Actu<\/a>.<\/p>\n<p>                    <script async src=\"\/\/www.tiktok.com\/embed.js\"><\/script><\/p>\n","protected":false},"excerpt":{"rendered":"Par Elo\u00efse Aub\u00e9 Publi\u00e9 le 22 nov. 2025 \u00e0 16h36 C\u2019\u00e9tait annonc\u00e9 et c\u2019est maintenu. M\u00e9t\u00e9o-France a maintenu,&hellip;\n","protected":false},"author":2,"featured_media":551650,"comment_status":"","ping_status":"","sticky":false,"template":"","format":"standard","meta":{"footnotes":""},"categories":[9587],"tags":[1111,11,1777,674,1011,27,3447,2487,2357,10584,12,5161,25,9590],"class_list":{"0":"post-551649","1":"post","2":"type-post","3":"status-publish","4":"format-standard","5":"has-post-thumbnail","7":"category-rouen","8":"tag-actu","9":"tag-actualites","10":"tag-eu","11":"tag-europe","12":"tag-fr","13":"tag-france","14":"tag-froid","15":"tag-meteo","16":"tag-meteo-france","17":"tag-neige","18":"tag-news","19":"tag-normandie","20":"tag-republique-francaise","21":"tag-rouen"},"share_on_mastodon":{"url":"https:\/\/pubeurope.com\/@fr\/115594246450157901","error":""},"_links":{"self":[{"href":"https:\/\/www.europesays.com\/fr\/wp-json\/wp\/v2\/posts\/551649","targetHints":{"allow":["GET"]}}],"collection":[{"href":"https:\/\/www.europesays.com\/fr\/wp-json\/wp\/v2\/posts"}],"about":[{"href":"https:\/\/www.europesays.com\/fr\/wp-json\/wp\/v2\/types\/post"}],"author":[{"embeddable":true,"href":"https:\/\/www.europesays.com\/fr\/wp-json\/wp\/v2\/users\/2"}],"replies":[{"embeddable":true,"href":"https:\/\/www.europesays.com\/fr\/wp-json\/wp\/v2\/comments?post=551649"}],"version-history":[{"count":0,"href":"https:\/\/www.europesays.com\/fr\/wp-json\/wp\/v2\/posts\/551649\/revisions"}],"wp:featuredmedia":[{"embeddable":true,"href":"https:\/\/www.europesays.com\/fr\/wp-json\/wp\/v2\/media\/551650"}],"wp:attachment":[{"href":"https:\/\/www.europesays.com\/fr\/wp-json\/wp\/v2\/media?parent=551649"}],"wp:term":[{"taxonomy":"category","embeddable":true,"href":"https:\/\/www.europesays.com\/fr\/wp-json\/wp\/v2\/categories?post=551649"},{"taxonomy":"post_tag","embeddable":true,"href":"https:\/\/www.europesays.com\/fr\/wp-json\/wp\/v2\/tags?post=551649"}],"curies":[{"name":"wp","href":"https:\/\/api.w.org\/{rel}","templated":true}]}}