{"id":551659,"date":"2025-11-22T16:20:23","date_gmt":"2025-11-22T16:20:23","guid":{"rendered":"https:\/\/www.europesays.com\/fr\/551659\/"},"modified":"2025-11-22T16:20:23","modified_gmt":"2025-11-22T16:20:23","slug":"il-a-servi-de-fusible-rassemblement-de-soutien-au-directeur-du-centre-penitentiaire-de-rennes","status":"publish","type":"post","link":"https:\/\/www.europesays.com\/fr\/551659\/","title":{"rendered":"\u00ab\u00a0Il a servi de fusible\u00a0\u00bb\u00a0: rassemblement de soutien au directeur du centre p\u00e9nitentiaire de Rennes"},"content":{"rendered":"<p>Ils \u00e9taient une soixantaine ce samedi \u00e0 se rassembler devant les portes du centre p\u00e9nitentiaire de Rennes-Vezin. Les agents pr\u00e9sents r\u00e9pondaient ainsi \u00e0 l\u2019appel \u00e0 d\u00e9brayer lanc\u00e9 par le syndicat FO Justice pour d\u00e9noncer la d\u00e9cision de limoger le directeur de l\u2019\u00e9tablissement apr\u00e8s l\u2019\u00e9vasion d\u2019un d\u00e9tenu le 14 novembre dernier. L\u2019homme de 37 ans avait profit\u00e9 d\u2019une visite collective avec cinq autres d\u00e9tenus au plan\u00e9tarium des Champs Libres pour fausser compagnie au personnel charg\u00e9 de les encadrer. Suite \u00e0 ces \u00e9v\u00e8nements le garde des Sceaux G\u00e9rald Darmanin avait indiqu\u00e9 vendredi 21 novembre que le responsable de la prison avait commis \u00ab une faute \u00bb et qu\u2019il ne pouvait pas \u00ab rester en responsabilit\u00e9 \u00bb. De son c\u00f4t\u00e9 le syndicat n\u2019a pas tard\u00e9 \u00e0 r\u00e9agir vendredi soir \u00e0 ces propos en apportant son soutien au responsable de l\u2019\u00e9tablissement : \u00ab La d\u00e9cision d\u2019\u00e9carter le directeur rel\u00e8ve davantage d\u2019une man\u0153uvre politique que d\u2019une coh\u00e9rence de gestion. Que l\u2019on appr\u00e9cie ou non notre directeur, l\u2019avis est unanime : c\u2019est une honte. Nous constatons qu\u2019on lui attribue toutes les responsabilit\u00e9s de l\u2019\u00e9vasion\u2026 \u00e0 tort \u00bb.<\/p>\n<p>\u00ab Une d\u00e9cision clairement injuste \u00bb<\/p>\n<p>Un m\u00e9contentement que le personnel p\u00e9nitentiaire pr\u00e9sent de 6 h 15 \u00e0 7 h 15, samedi, devant la prison, a une nouvelle fois fait entendre. \u00ab L\u2019id\u00e9e n\u2019\u00e9tait pas de bloquer l\u2019\u00e9tablissement mais de montrer notre soutien au directeur. On lui a mis toutes les erreurs sur le dos. Or c\u2019est le juge d\u2019application des peines qui a autoris\u00e9 une permission \u00e0 ce d\u00e9tenu, qui s\u2019\u00e9tait d\u00e9j\u00e0 \u00e9vad\u00e9, pour le tester lors d\u2019une sortie. L\u00e0 on s\u2019est attaqu\u00e9 \u00e0 un seul homme qui n\u2019est pas responsable. Il faut r\u00e9tablir la v\u00e9rit\u00e9. Il a servi de fusible dans cette histoire. C\u2019est une d\u00e9cision qui est clairement injuste pour l\u2019ensemble des personnels de l\u2019\u00e9tablissement. C\u2019est une d\u00e9cision politique prise pour donner une bonne image au regard du grand public \u00bb explique Florian Adam secr\u00e9taire local FO Justice. Vendredi c\u2019est le syndicat national des directeurs p\u00e9nitentiaires (SNDP-CFDT) qui avait r\u00e9agi en faisant part \u00ab de son indignation et de son incompr\u00e9hension \u00bb. \u00ab Cette mutation d\u2019office n\u2019est qu\u2019une mani\u00e8re de d\u00e9signer un coupable, jet\u00e9 en p\u00e2ture \u00e0 l\u2019opinion, afin que l\u2019administration se d\u00e9solidarise de cette affaire qu\u2019ils consid\u00e8rent g\u00eanante \u00bb.<\/p>\n","protected":false},"excerpt":{"rendered":"Ils \u00e9taient une soixantaine ce samedi \u00e0 se rassembler devant les portes du centre p\u00e9nitentiaire de Rennes-Vezin. Les&hellip;\n","protected":false},"author":2,"featured_media":551660,"comment_status":"","ping_status":"","sticky":false,"template":"","format":"standard","meta":{"footnotes":""},"categories":[2821],"tags":[1111,11,829,765,1777,674,1011,27,848,12,584,25],"class_list":{"0":"post-551659","1":"post","2":"type-post","3":"status-publish","4":"format-standard","5":"has-post-thumbnail","7":"category-rennes","8":"tag-actu","9":"tag-actualites","10":"tag-bretagne","11":"tag-en-continu","12":"tag-eu","13":"tag-europe","14":"tag-fr","15":"tag-france","16":"tag-ille-et-vilaine","17":"tag-news","18":"tag-rennes","19":"tag-republique-francaise"},"share_on_mastodon":{"url":"","error":""},"_links":{"self":[{"href":"https:\/\/www.europesays.com\/fr\/wp-json\/wp\/v2\/posts\/551659","targetHints":{"allow":["GET"]}}],"collection":[{"href":"https:\/\/www.europesays.com\/fr\/wp-json\/wp\/v2\/posts"}],"about":[{"href":"https:\/\/www.europesays.com\/fr\/wp-json\/wp\/v2\/types\/post"}],"author":[{"embeddable":true,"href":"https:\/\/www.europesays.com\/fr\/wp-json\/wp\/v2\/users\/2"}],"replies":[{"embeddable":true,"href":"https:\/\/www.europesays.com\/fr\/wp-json\/wp\/v2\/comments?post=551659"}],"version-history":[{"count":0,"href":"https:\/\/www.europesays.com\/fr\/wp-json\/wp\/v2\/posts\/551659\/revisions"}],"wp:featuredmedia":[{"embeddable":true,"href":"https:\/\/www.europesays.com\/fr\/wp-json\/wp\/v2\/media\/551660"}],"wp:attachment":[{"href":"https:\/\/www.europesays.com\/fr\/wp-json\/wp\/v2\/media?parent=551659"}],"wp:term":[{"taxonomy":"category","embeddable":true,"href":"https:\/\/www.europesays.com\/fr\/wp-json\/wp\/v2\/categories?post=551659"},{"taxonomy":"post_tag","embeddable":true,"href":"https:\/\/www.europesays.com\/fr\/wp-json\/wp\/v2\/tags?post=551659"}],"curies":[{"name":"wp","href":"https:\/\/api.w.org\/{rel}","templated":true}]}}