{"id":551661,"date":"2025-11-22T16:22:24","date_gmt":"2025-11-22T16:22:24","guid":{"rendered":"https:\/\/www.europesays.com\/fr\/551661\/"},"modified":"2025-11-22T16:22:24","modified_gmt":"2025-11-22T16:22:24","slug":"municipales-2026-linda-ibiem-candidate-a-strasbourg-pour-eradiquer-la-pauvrete-et-recreer-de-lemploi","status":"publish","type":"post","link":"https:\/\/www.europesays.com\/fr\/551661\/","title":{"rendered":"Municipales 2026. Linda Ibiem candidate \u00e0 Strasbourg pour \u00ab\u00a0\u00e9radiquer la pauvret\u00e9 et recr\u00e9er de l\u2019emploi\u00a0\u00bb"},"content":{"rendered":"<p>\u00a0\u00ab\u00a0Je souhaite \u00eatre la candidate de la lutte contre la pauvret\u00e9 et de l\u2019emploi\u00a0\u00bb, avance Linda Ibiem, conseill\u00e8re r\u00e9gionale socialiste.<\/p>\n<p>Celle qui avait <a href=\"https:\/\/www.dna.fr\/elections\/2025\/08\/12\/les-elections-comme-horizon-pour-la-socialiste-linda-ibiem-a-strasbourg\" target=\"_blank\" rel=\"nofollow noopener\">indiqu\u00e9 un temps vouloir briguer l\u2019investiture socialiste \u00e0 Strasbourg<\/a> (c\u2019est Catherine Trautmann qui a <a href=\"https:\/\/www.dna.fr\/elections\/2025\/11\/07\/a-strasbourg-catherine-trautmann-designee-candidate-par-les-militants\" target=\"_blank\" rel=\"nofollow noopener\">depuis \u00e9t\u00e9 d\u00e9sign\u00e9e<\/a>) pr\u00e9sente d\u00e9sormais plusieurs points d\u2019un projet intitul\u00e9 \u201cStrasbourg Vivant\u201d, \u00e9labor\u00e9 au sein de son association Convergence Alsace, \u00e0 l\u2019approche des \u00e9lections municipales \u00e0 Strasbourg.<\/p>\n<p>Transports gratuits le samedi<\/p>\n<p>Pour lutter contre la pr\u00e9carit\u00e9, elle indique notamment vouloir instaurer des \u00ab\u00a0r\u00e9sidences dot\u00e9es d\u2019un parcours s\u00e9curis\u00e9\u00a0: accompagnement administratif, sant\u00e9 physique et mentale, emploi.\u00a0\u00bb Sur le plan de l\u2019emploi, Linda Ibiem d\u00e9taille plusieurs mesures \u00ab\u00a0pour assurer \u00e0 chacun la possibilit\u00e9 de gagner sa vie\u00a0\u00bb notamment en facilitant l\u2019installation \u00ab\u00a0des entreprises cr\u00e9atrices d\u2019emploi\u00a0\u00bb et par un soutien \u00e0 l\u2019entrepreneuriat local.<\/p>\n<p>La socialiste propose \u00e9galement de redynamiser le centre-ville par l\u2019instauration des transports gratuits le samedi et la baisse des tarifs de stationnement.<\/p>\n","protected":false},"excerpt":{"rendered":"\u00a0\u00ab\u00a0Je souhaite \u00eatre la candidate de la lutte contre la pauvret\u00e9 et de l\u2019emploi\u00a0\u00bb, avance Linda Ibiem, conseill\u00e8re&hellip;\n","protected":false},"author":2,"featured_media":551662,"comment_status":"","ping_status":"","sticky":false,"template":"","format":"standard","meta":{"footnotes":""},"categories":[2820],"tags":[1111,11,2880,5949,4188,1777,674,107,1011,27,775,12,316,25,640,2879],"class_list":{"0":"post-551661","1":"post","2":"type-post","3":"status-publish","4":"format-standard","5":"has-post-thumbnail","7":"category-strasbourg","8":"tag-actu","9":"tag-actualites","10":"tag-edition-strasbourg","11":"tag-elections","12":"tag-elections-municipales","13":"tag-eu","14":"tag-europe","15":"tag-fil-info","16":"tag-fr","17":"tag-france","18":"tag-grand-est","19":"tag-news","20":"tag-politique","21":"tag-republique-francaise","22":"tag-strasbourg","23":"tag-strasbourg-ville"},"share_on_mastodon":{"url":"https:\/\/pubeurope.com\/@fr\/115594274123671131","error":""},"_links":{"self":[{"href":"https:\/\/www.europesays.com\/fr\/wp-json\/wp\/v2\/posts\/551661","targetHints":{"allow":["GET"]}}],"collection":[{"href":"https:\/\/www.europesays.com\/fr\/wp-json\/wp\/v2\/posts"}],"about":[{"href":"https:\/\/www.europesays.com\/fr\/wp-json\/wp\/v2\/types\/post"}],"author":[{"embeddable":true,"href":"https:\/\/www.europesays.com\/fr\/wp-json\/wp\/v2\/users\/2"}],"replies":[{"embeddable":true,"href":"https:\/\/www.europesays.com\/fr\/wp-json\/wp\/v2\/comments?post=551661"}],"version-history":[{"count":0,"href":"https:\/\/www.europesays.com\/fr\/wp-json\/wp\/v2\/posts\/551661\/revisions"}],"wp:featuredmedia":[{"embeddable":true,"href":"https:\/\/www.europesays.com\/fr\/wp-json\/wp\/v2\/media\/551662"}],"wp:attachment":[{"href":"https:\/\/www.europesays.com\/fr\/wp-json\/wp\/v2\/media?parent=551661"}],"wp:term":[{"taxonomy":"category","embeddable":true,"href":"https:\/\/www.europesays.com\/fr\/wp-json\/wp\/v2\/categories?post=551661"},{"taxonomy":"post_tag","embeddable":true,"href":"https:\/\/www.europesays.com\/fr\/wp-json\/wp\/v2\/tags?post=551661"}],"curies":[{"name":"wp","href":"https:\/\/api.w.org\/{rel}","templated":true}]}}