{"id":551665,"date":"2025-11-22T16:24:28","date_gmt":"2025-11-22T16:24:28","guid":{"rendered":"https:\/\/www.europesays.com\/fr\/551665\/"},"modified":"2025-11-22T16:24:28","modified_gmt":"2025-11-22T16:24:28","slug":"a-nice-une-manifestation-contre-les-violences-faites-aux-femmes","status":"publish","type":"post","link":"https:\/\/www.europesays.com\/fr\/551665\/","title":{"rendered":"\u00e0 Nice une manifestation contre les violences faites aux femmes"},"content":{"rendered":"<p class=\"fs-5 \">\u00ab\u00a0On est l\u00e0, m\u00eame si les machos ne veulent pas nous, on est l\u00e0\u00a0! \u00a0\u00bb Une vague violette d\u00e9ferle sur Nice. \u00c0 l\u2019appel du Collectif droits des femmes 06 (1), le cort\u00e8ge d\u00e9file pour d\u00e9noncer les violences \u00e0 l\u2019\u00e9gard des femmes ce samedi 22 novembre. Sur les visages\u00a0: gravit\u00e9, col\u00e8re mais aussi t\u00e9nacit\u00e9. \u00ab\u00a0Les chiffres sont \u00e9loquents\u00a0: <strong>149 f\u00e9minicides depuis janvier.<\/strong> Le nombre ne faiblit pas, apr\u00e8s deux quinquennats qui en ont fait une grande cause\u00a0\u00bb, constate Sol\u00e8ne, 29 ans, membre du CDDF.<\/p>\n<p>            <img src=\"https:\/\/www.europesays.com\/fr\/wp-content\/uploads\/2025\/11\/cdd759d_upload-from-url-1-7w7txqanyqud-34721361.jpg\"   loading=\"lazy\" decoding=\"async\" alt=\"\u00ab\u00a0Toutes les 7\u00a0heures, il y a une femme que son conjoint ou ex-conjoint tue, tente de tuer, conduit \u00e0 se suicider ou \u00e0 tenter de se suicider\u00a0\u00bb, pr\u00e9cise la lettre annuelle de l\u2019Observatoire national des violences faites aux femmes, qui d\u00e9pend de la Miprof.\" class=\"img-fluid position-absolute w-100 object-fit-cover rounded-2\" width=\"600\" height=\"400\"\/><\/p>\n<p class=\"fs-5 \">Les statistiques avanc\u00e9es d\u00e9voilent l\u2019ampleur d\u2019un ph\u00e9nom\u00e8ne profond\u00e9ment \u00e9tabli. \u00ab\u00a0Une\u00a0femme\u00a0sur cinq en situation de\u00a0handicap\u00a0a \u00e9t\u00e9 victime de viol\u00a0\u00bb, \u00ab\u00a0plus de 8 000 viols ou tentatives de viol ont lieu chaque ann\u00e9e sur les lieux de travail, un tiers des\u00a0femmes\u00a0y subissent du harc\u00e8lement sexuel\u00a0\u00bb, \u00ab\u00a0<strong>160 000\u00a0enfants\u00a0sont victimes de\u00a0violences\u00a0sexuelles chaque ann\u00e9e, en majorit\u00e9 au sein de la famille\u00a0<\/strong>\u00bb.<\/p>\n<p class=\"fs-5 \">Un constat alarmant qui concerne tout le monde, tous les milieux sociaux, toutes les zones g\u00e9ographiques, comme le rappellent les personnes mobilis\u00e9es, plus de mille selon les organisations. Et en face, toujours le m\u00eame bilan\u00a0: \u00ab\u00a0L\u2019impunit\u00e9 r\u00e8gne pour les auteurs.\u00a0\u00bb\u00a0Le slogan scand\u00e9 parle de lui-m\u00eame\u00a0: \u00ab\u00a0Violeurs, on vous voit, victimes on vous croit.\u00a0\u00bb<\/p>\n<p>        <img decoding=\"async\" src=\"https:\/\/www.europesays.com\/fr\/wp-content\/uploads\/2025\/11\/ARTBLOCKVIEW-10657734-1128-752-eea38de_ftp-import-images-1-dmarju7d7hcn-rcaxxq8124-fv-violences-femm.jpeg\" class=\"figure-img img-fluid rounded\" alt=\"Manif contre les violences faites aux femmes\"\/><\/p>\n<p>            Manif contre les violences faites aux femmes <br \/>Vignola Fran\u00e7ois<\/p>\n<p>            <img src=\"https:\/\/www.europesays.com\/fr\/wp-content\/uploads\/2025\/11\/c1b2e74_ftp-import-images-1-3cndl9wqka3d-rcaxxq101-maxmatinnews582009.jpg\"   loading=\"lazy\" decoding=\"async\" alt=\"Huit ans apr\u00e8s l\u2019accession \u00e0 l\u2019Elys\u00e9e d\u2019Emmanuel Macron, les associations f\u00e9ministes ne m\u00e2chent pas leurs mots contre la politique men\u00e9e par le chef de l\u2019Etat.\" class=\"img-fluid position-absolute w-100 object-fit-cover rounded-2\" width=\"600\" height=\"400\"\/><\/p>\n<p>                                                                                <strong> \u00ab\u00a0Il faut des moyens \u00e0 la hauteur\u00a0\u00bb<\/strong><\/p>\n<p class=\"fs-5 \">Le pav\u00e9 de l\u2019avenue Jean-M\u00e9decin est battu pour r\u00e9clamer \u00ab\u00a0une politique publique \u00e0 grands moyens\u00a0\u00bb afin de lutter contre le fl\u00e9au d\u00e9nonc\u00e9.<\/p>\n<p class=\"fs-5 \">Les revendications\u00a0? Politiques, soci\u00e9tales.<\/p>\n<p class=\"fs-5 \">En plus de r\u00e9clamer\u00a0\u00ab\u00a0la r\u00e9gularisation des personnes sans papiers\u00a0\u00bb, les collectifs enjoignent l\u2019\u00c9tat \u00e0 prendre le sujet de front via une loi-cadre int\u00e9grale contre les violences.<strong>\u00a0<\/strong>Les associations et collectifs ont estim\u00e9 la mise en place de ce dispositif global \u00e0 trois milliards d\u2019euros. \u00ab\u00a0Il faut des moyens \u00e0 la hauteur\u00a0\u00bb, indique Solene. Un budget permettant de traiter les situations de mani\u00e8re d\u00e9cloisonn\u00e9e et p\u00e9renne.<strong>\u00a0<\/strong>\u00ab\u00a0Aujourd\u2019hui, on sait que la loi-cadre fonctionne. Il suffit de regarder ce qu\u2019il se fait en Espagne depuis vingt ans\u00a0\u00bb, indique Aleksandra du Collectif Nous Toutes de Grasse.<\/p>\n<p class=\"fs-5 \">Pionni\u00e8re sur la prise en charge des violences faites aux femmes depuis vingt ans, la p\u00e9ninsule ib\u00e9rique fait figure de mod\u00e8le. Mercedes, militante d\u2019origine espagnole, ne comprend pas la frilosit\u00e9 de la politique fran\u00e7aise\u00a0: \u00ab\u00a0On voit les chiffres, <strong>il y a quatre fois moins de feminicides en Espagne qu\u2019en France.<\/strong> En plus, le budget consacr\u00e9 est sanctuaris\u00e9. Quoi qu\u2019il arrive, il n\u2019est pas remis en cause. \u00a0\u00bb \u00c0 la pointe, toujours, Madrid s\u2019int\u00e9resse d\u00e9sormais aux<strong>\u00a0<\/strong>violences vicariantes. Un avant-projet de loi a \u00e9t\u00e9 approuv\u00e9 le mois dernier pour cr\u00e9er un d\u00e9lit particulier pour les violences faites aux femmes \u00ab\u00a0par procuration\u00a0\u00bb, o\u00f9 les auteurs n\u2019h\u00e9sitent pas \u00e0 viser les enfants. Une notion encore loin d\u2019\u00eatre connue et d\u00e9mocratis\u00e9e en France.<\/p>\n<p>            <img src=\"https:\/\/www.europesays.com\/fr\/wp-content\/uploads\/2025\/11\/0410433_ftp-import-images-1-tx3gri4j76d9-maxnewsworldthree036288.jpg\"   loading=\"lazy\" decoding=\"async\" alt=\"En 2024, 906\u00a0femmes victimes de harc\u00e8lement par leur conjoint ou ex-conjoint se sont suicid\u00e9es ou ont tent\u00e9 de se suicider, un chiffre en hausse de 17\u00a0% sur un an.\" class=\"img-fluid position-absolute w-100 object-fit-cover rounded-2\" width=\"600\" height=\"400\"\/><\/p>\n<p>                                                                                <strong>\u00ab\u00a0Les associations pallient les manques de l\u2019Etat\u00a0\u00bb<\/strong><\/p>\n<p class=\"fs-5 \">\u00ab\u00a0On ne na\u00eet pas femme mais on en meurt\u00a0\u00bb, \u00ab\u00a0Forte comme une fille\u00a0\u00bb, \u00ab\u00a0Victime on te croit\u00a0\u00bb. Pour certains, c\u2019est aussi le sentiment d\u2019injustice qui prime. Malgr\u00e9 les engagements du minist\u00e8re de l\u2019Education nationale pour assurer la tenue des s\u00e9ances obligatoires d\u2019\u00e9ducation \u00e0 la vie affective relationnelle (et \u00e0 la sexualit\u00e9 \u00e0 partir du coll\u00e8ge et lyc\u00e9e), le compte n\u2019y est pas. <strong>\u00ab\u00a0L\u00e0 aussi on rencontre d\u2019importantes r\u00e9sistances\u00a0\u00bb<\/strong>, indique Ariane Kuttel, membre du Collectif. Un contexte complexe auquel viennent s\u2019ajouter des coupes drastiques de subventions aux associations de terrain. \u00ab\u00a0C\u2019est toujours la m\u00eame chose au final\u00a0: qu\u2019est-ce qu\u2019on priorise\u00a0? Il faut rappeler que ces associations pallient les manques de l\u2019\u00c9tait\u00a0\u00bb, souligne Solene qui, comme chaque f\u00e9ministe, sait que la lutte est un long chemin.<\/p>\n<p>        <img decoding=\"async\" src=\"https:\/\/www.europesays.com\/fr\/wp-content\/uploads\/2025\/11\/ARTBLOCKVIEW-10657734-1128-752-e2b1b1a_ftp-import-images-1-v3xdvndd1raz-rcaxxq8036-fv-violences-femm.jpeg\" class=\"figure-img img-fluid rounded\" alt=\"Manif contre les violences faites aux femmes\"\/><\/p>\n<p>            Manif contre les violences faites aux femmes <br \/>Vignola Fran\u00e7ois<\/p>\n<p class=\"fs-5 \">&#8212;&#8212;&#8212;&#8212;&#8212;&#8212;&#8212;&#8212;&#8212;&#8212;&#8212;&#8212;&#8212;&#8212;&#8212;&#8212;&#8212;&#8212;&#8211;<\/p>\n<p class=\"fs-5 \">1. Le Collectif droits des femmes 06 est constitu\u00e9 de\u00a0: \u00c0 Corps Tribal, ADN, Alternatiba06, Alternative communiste 06, ATTAC 06,\u00a0 Centre LGBTQIA+ C\u00f4te d\u2019Azur, CGT Educ\u2019Action 06, Collectif Queer 06, Elles voient Rouge, Ensemble\u00a0! Gauche Alternative, FPE 06, FSU 06, Le Mouvement de la Paix 06,\u00a0 Europe \u00c9cologie Les Verts 06, Les Grenades Rouges, Les Ouvreurs, Les Parleuses, LFI 06, MRAP 06, Nice au c\u0153ur, Nous Toutes 06, NPA 06, Parti de Gauche 06, PCF 06, Planning familial 06, PS 06, Rassemblement citoyen ViVA\u00a0!, RESF 06, SNUipp, Sud-Solidaires 06, Tous Citoyens, Une Voix pour Elles.<\/p>\n","protected":false},"excerpt":{"rendered":"\u00ab\u00a0On est l\u00e0, m\u00eame si les machos ne veulent pas nous, on est l\u00e0\u00a0! \u00a0\u00bb Une vague violette&hellip;\n","protected":false},"author":2,"featured_media":551666,"comment_status":"","ping_status":"","sticky":false,"template":"","format":"standard","meta":{"footnotes":""},"categories":[2819],"tags":[1111,11,1777,674,1011,27,12,2401,882,25,57187],"class_list":{"0":"post-551665","1":"post","2":"type-post","3":"status-publish","4":"format-standard","5":"has-post-thumbnail","7":"category-nice","8":"tag-actu","9":"tag-actualites","10":"tag-eu","11":"tag-europe","12":"tag-fr","13":"tag-france","14":"tag-news","15":"tag-nice","16":"tag-provence-alpes-cote-dazur","17":"tag-republique-francaise","18":"tag-violencessexuelles"},"share_on_mastodon":{"url":"https:\/\/pubeurope.com\/@fr\/115594282978713429","error":""},"_links":{"self":[{"href":"https:\/\/www.europesays.com\/fr\/wp-json\/wp\/v2\/posts\/551665","targetHints":{"allow":["GET"]}}],"collection":[{"href":"https:\/\/www.europesays.com\/fr\/wp-json\/wp\/v2\/posts"}],"about":[{"href":"https:\/\/www.europesays.com\/fr\/wp-json\/wp\/v2\/types\/post"}],"author":[{"embeddable":true,"href":"https:\/\/www.europesays.com\/fr\/wp-json\/wp\/v2\/users\/2"}],"replies":[{"embeddable":true,"href":"https:\/\/www.europesays.com\/fr\/wp-json\/wp\/v2\/comments?post=551665"}],"version-history":[{"count":0,"href":"https:\/\/www.europesays.com\/fr\/wp-json\/wp\/v2\/posts\/551665\/revisions"}],"wp:featuredmedia":[{"embeddable":true,"href":"https:\/\/www.europesays.com\/fr\/wp-json\/wp\/v2\/media\/551666"}],"wp:attachment":[{"href":"https:\/\/www.europesays.com\/fr\/wp-json\/wp\/v2\/media?parent=551665"}],"wp:term":[{"taxonomy":"category","embeddable":true,"href":"https:\/\/www.europesays.com\/fr\/wp-json\/wp\/v2\/categories?post=551665"},{"taxonomy":"post_tag","embeddable":true,"href":"https:\/\/www.europesays.com\/fr\/wp-json\/wp\/v2\/tags?post=551665"}],"curies":[{"name":"wp","href":"https:\/\/api.w.org\/{rel}","templated":true}]}}