{"id":551669,"date":"2025-11-22T16:26:15","date_gmt":"2025-11-22T16:26:15","guid":{"rendered":"https:\/\/www.europesays.com\/fr\/551669\/"},"modified":"2025-11-22T16:26:15","modified_gmt":"2025-11-22T16:26:15","slug":"trouve-a-nantes-ce-dessin-dun-eleve-de-michel-ange-a-ete-vendu-pour-41-millions-deuros","status":"publish","type":"post","link":"https:\/\/www.europesays.com\/fr\/551669\/","title":{"rendered":"Trouv\u00e9 \u00e0 Nantes, ce dessin d\u2019un \u00e9l\u00e8ve de Michel-Ange a \u00e9t\u00e9 vendu pour 4,1 millions d\u2019euros"},"content":{"rendered":"<p>                    Par<br \/>\n        <strong><br \/>\n            <a href=\"https:\/\/actu.fr\/auteur\/laure-gentil\" title=\"Consulter tous les articles de Laure Gentil\" rel=\"nofollow noopener\" target=\"_blank\">Laure Gentil<\/a><br \/>\n                    <\/strong><\/p>\n<p>        Publi\u00e9 le<\/p>\n<p>            22 nov. 2025 \u00e0 16h34        <\/p>\n<p>Un commissaire-priseur de Nantes a d\u00e9couvert au hasard d\u2019une succession un dessin d\u2019un artiste renomm\u00e9 de la Renaissance\u2009: un dessin pr\u00e9paratoire rarissime de<b>\u00a0Daniele da Volterra<\/b> (1509 \u2013 1566), \u00e9l\u00e8ve et ami intime de Michel-Ange. <a href=\"https:\/\/actu.fr\/pays-de-la-loire\/nantes_44109\/ce-nantais-trouve-un-rare-dessin-d-un-eleve-de-michel-ange-le-prix-est-estime-a-500-000-euros_63301478.html\" rel=\"nofollow noopener\" target=\"_blank\">Nous avions rencontr\u00e9 ledit commissaire-priseur <b>Paul-Marie Musnier<\/b> \u00e0 cette occasion<\/a>. Le\u00a0<b>19\u00a0novembre<\/b>, \u00e0 l\u2019H\u00f4tel Drouot \u00e0 Paris, Paul-Marie Musnier a dirig\u00e9 lui-m\u00eame la vente aux ench\u00e8res. L\u2019\u0153uvre estim\u00e9e <b>entre 400\u2009000\u00a0et 500\u2009000 euros\u00a0<\/b>a finalement \u00e9t\u00e9 adjug\u00e9e \u00e0 3,1\u00a0millions d\u2019euros, soit 4,1\u00a0millions avec les \u00ab\u2009frais d\u2019acheteur\u2009\u00bb ou <b>frais acqu\u00e9reurs<\/b> (ils sont calcul\u00e9s sur la base du prix adjug\u00e9 et viennent s\u2019ajouter \u00e0 la derni\u00e8re ench\u00e8re).<\/p>\n<p>\u00ab\u00a0Une vraie histoire\u00a0\u00bb\u00a0<\/p>\n<p class=\" wall-content\">Contact\u00e9 par\u00a0actu Nantes, Paul-Marie Musnier ne cache pas sa joie. \u00ab\u2009C\u2019est g\u00e9nial, c\u2019est la reconnaissance de notre travail\u2009\u00bb, assure-t-il. \u00ab\u2009Il s\u2019agit d\u2019une belle \u0153uvre, qui a une vraie histoire, qui a sa place dans l\u2019Histoire de l\u2019art.\u2009\u00bb<\/p>\n<p class=\" wall-content\">Le dessin, qui a \u00e9t\u00e9 acquis par un collectionneur \u00e9tranger, a presque <b>500\u00a0ans<\/b>. Il a servi \u00e0 la r\u00e9alisation d\u2019une fresque L\u2019Assomption de la Vierge (1545) dans une \u00e9glise \u00e0 Rome, La\u00a0Trinit\u00e9 des Monts.<\/p>\n<p class=\" wall-content\">L\u2019artiste,<b> Daniele Da Volterra<\/b>, a \u00e9t\u00e9 \u00e9l\u00e8ve et ami du c\u00e9l\u00e8bre Michel-Ange. Il est connu pour avoir peint le tableau David et Goliath mais aussi pour avoir \u00ab\u2009habill\u00e9\u2009\u00bb les personnages nus peints par son ancien professeur sur la fresque du Jugement Dernier de la Chapelle Sixtine, jug\u00e9s obsc\u00e8nes par l\u2019\u00c9glise d\u2019o\u00f9 son surnom \u00ab\u2009Il Braghetone\u2009\u00bb (que l\u2019on peut traduire par \u00ab\u2009le cale\u00e7onneur\u2009\u00bb).<\/p>\n<p class=\" wall-content\">Personnalisez votre actualit\u00e9 en ajoutant vos villes et m\u00e9dias en favori avec <a href=\"https:\/\/moncompte.actu.fr\" title=\"D\u00e9couvez Mon Actu\" rel=\"nofollow noopener\" data-trk=\"{&quot;cta&quot;:{&quot;action&quot;:&quot;https:\\\/\\\/moncompte.actu.fr&quot;,&quot;category&quot;:&quot;mon compte&quot;,&quot;from&quot;:&quot;article footer&quot;,&quot;name&quot;:&quot;Mon actu&quot;,&quot;type&quot;:&quot;cta&quot;}}\" target=\"_blank\">Mon Actu<\/a>.<\/p>\n","protected":false},"excerpt":{"rendered":"Par Laure Gentil Publi\u00e9 le 22 nov. 2025 \u00e0 16h34 Un commissaire-priseur de Nantes a d\u00e9couvert au hasard&hellip;\n","protected":false},"author":2,"featured_media":551670,"comment_status":"","ping_status":"","sticky":false,"template":"","format":"standard","meta":{"footnotes":""},"categories":[2818],"tags":[1111,11,1777,674,1011,27,1757,1652,766,12,2636,25],"class_list":{"0":"post-551669","1":"post","2":"type-post","3":"status-publish","4":"format-standard","5":"has-post-thumbnail","7":"category-nantes","8":"tag-actu","9":"tag-actualites","10":"tag-eu","11":"tag-europe","12":"tag-fr","13":"tag-france","14":"tag-insolite","15":"tag-loisirs-culture","16":"tag-nantes","17":"tag-news","18":"tag-pays-de-la-loire","19":"tag-republique-francaise"},"share_on_mastodon":{"url":"https:\/\/pubeurope.com\/@fr\/115594289855014405","error":""},"_links":{"self":[{"href":"https:\/\/www.europesays.com\/fr\/wp-json\/wp\/v2\/posts\/551669","targetHints":{"allow":["GET"]}}],"collection":[{"href":"https:\/\/www.europesays.com\/fr\/wp-json\/wp\/v2\/posts"}],"about":[{"href":"https:\/\/www.europesays.com\/fr\/wp-json\/wp\/v2\/types\/post"}],"author":[{"embeddable":true,"href":"https:\/\/www.europesays.com\/fr\/wp-json\/wp\/v2\/users\/2"}],"replies":[{"embeddable":true,"href":"https:\/\/www.europesays.com\/fr\/wp-json\/wp\/v2\/comments?post=551669"}],"version-history":[{"count":0,"href":"https:\/\/www.europesays.com\/fr\/wp-json\/wp\/v2\/posts\/551669\/revisions"}],"wp:featuredmedia":[{"embeddable":true,"href":"https:\/\/www.europesays.com\/fr\/wp-json\/wp\/v2\/media\/551670"}],"wp:attachment":[{"href":"https:\/\/www.europesays.com\/fr\/wp-json\/wp\/v2\/media?parent=551669"}],"wp:term":[{"taxonomy":"category","embeddable":true,"href":"https:\/\/www.europesays.com\/fr\/wp-json\/wp\/v2\/categories?post=551669"},{"taxonomy":"post_tag","embeddable":true,"href":"https:\/\/www.europesays.com\/fr\/wp-json\/wp\/v2\/tags?post=551669"}],"curies":[{"name":"wp","href":"https:\/\/api.w.org\/{rel}","templated":true}]}}