{"id":551688,"date":"2025-11-22T16:37:15","date_gmt":"2025-11-22T16:37:15","guid":{"rendered":"https:\/\/www.europesays.com\/fr\/551688\/"},"modified":"2025-11-22T16:37:15","modified_gmt":"2025-11-22T16:37:15","slug":"fo-met-en-garde-la-ville-de-lyon","status":"publish","type":"post","link":"https:\/\/www.europesays.com\/fr\/551688\/","title":{"rendered":"FO met en garde la Ville de Lyon"},"content":{"rendered":"<p>Les syndicats FO Ville de Lyon et FO CCAS \u00ab\u00a0tirent une nouvelle fois la sonnette d\u2019alarme\u00a0\u00bb. Dans un communiqu\u00e9 publi\u00e9 ce 22 novembre, ils affirment que \u00ab\u00a0les agents de l\u2019\u00c9toile du Jour signalent une alerte grave et imminente : l\u2019organisation du travail, la sant\u00e9 et la s\u00e9curit\u00e9 ne sont plus garanties.\u00a0\u00bb FO indique avoir \u00ab\u00a0interpell\u00e9 imm\u00e9diatement la direction du CCAS ainsi que l\u2019\u00e9lu en charge du dossier\u00a0\u00bb et annonce le d\u00e9p\u00f4t d\u2019une \u00ab\u00a0alerte FSCT\u00a0\u00bb, demandant que \u00ab\u00a0des mesures urgentes soient d\u00e9cid\u00e9es sans d\u00e9lai\u00a0\u00bb.<\/p>\n<p>Selon l\u2019organisation syndicale,\u00a0\u00bbencore une fois, les m\u00eames dysfonctionnements conduisent aux m\u00eames cons\u00e9quences.\u00a0\u00bb FO estime que \u00ab\u00a0dans un \u00e9tablissement apr\u00e8s l\u2019autre, les signaux se r\u00e9p\u00e8tent et rien ne change\u00a0\u00bb et interroge : \u00ab\u00a0Combien de situations critiques faudra-t-il encore pour que la gouvernance du CCAS prenne enfin ses responsabilit\u00e9s ?\u00a0\u00bb Le syndicat dit exiger \u00ab\u00a0des mesures concr\u00e8tes et rapides, une \u00e9valuation s\u00e9rieuse des proc\u00e9dures, un Document Unique des Risques digne de ce nom et des plans d\u2019action op\u00e9rationnels et suivis dans le temps.\u00a0\u00bb<\/p>\n<p>Deux intrusions<\/p>\n<p>FO met notamment en avant deux intrusions r\u00e9centes \u00e0 l\u2019EHPAD \u00c9toile du Jour, dont l\u2019une \u00ab\u00a0en pleine nuit\u00a0\u00bb. Des \u00e9v\u00e9nements qui auraient \u00ab\u00a0profond\u00e9ment choqu\u00e9 les agents\u00a0\u00bb. Le communiqu\u00e9 \u00e9voque \u00ab\u00a0une absence de s\u00e9curisation des acc\u00e8s : portes d\u00e9fectueuses, \u00e9clairage ext\u00e9rieur insuffisant, syst\u00e8mes de verrouillage inop\u00e9rants, sas d\u2019entr\u00e9e inefficace et portail ext\u00e9rieur facilement franchissable.\u00a0\u00bb Selon FO, \u00ab\u00a0les mesures de pr\u00e9vention des risques sont largement insuffisantes. Les agents et les r\u00e9sidents sont expos\u00e9s \u00e0 des risques graves.\u00a0\u00bb<\/p>\n<p>Le syndicat accuse l\u2019employeur d\u00a0\u00bb &lsquo;enfreindre la loi\u00a0\u00bb en ne respectant pas \u00ab\u00a0les dispositions l\u00e9gislative et r\u00e9glementaire du code du travail\u00a0\u00bb. Les syndicats rappellent qu&rsquo;ils alertent depuis 18 mois sur l\u2019\u00a0\u00bbobligation l\u00e9gale et r\u00e9glementaire de prot\u00e9ger la sant\u00e9 et la s\u00e9curit\u00e9 des salari\u00e9s.\u00a0\u00bb<\/p>\n<p>Dans le m\u00eame communiqu\u00e9, FO revient sur \u00ab\u00a0le d\u00e9c\u00e8s d\u2019une r\u00e9sidente lors d\u2019une sortie accompagn\u00e9e\u00a0\u00bb le 26 juin 2025 \u00e0 l\u2019EHPAD des Balcons de l\u2019\u00cele Barbe. L\u2019organisation rappelle avoir d\u00e9nonc\u00e9 \u00ab\u00a0l\u2019absence de soutien aux agents affect\u00e9s psychologiquement, l\u2019absence d\u2019\u00e9valuation des risques pour ce type d\u2019activit\u00e9, l\u2019absence de protocoles d\u2019encadrement et \u00a0le non-respect des obligations r\u00e9glementaires en mati\u00e8re de pr\u00e9vention\u00a0\u00bb. Le syndicat affirme avoir apport\u00e9 son soutien aux agents, d\u00e9clarant qu'\u00a0\u00bb ils ont agi avec s\u00e9rieux et professionnalisme dans des conditions difficiles.\u00a0\u00bb<\/p>\n<p>Face \u00e0 ces deux situations, force ouvri\u00e8res\u00a0demande \u00ab\u00a0la s\u00e9curisation urgente de l\u2019ensemble des acc\u00e8s de l\u2019EHPAD \u00c9toile du Jour, l\u2019analyse des intrusions et la mise en \u0153uvre d\u2019un protocole anti intrusion.\u00a0\u00bb Pour l\u2019accident du 26 juin, le syndicat exige \u00ab\u00a0une analyse\u00a0ainsi que la r\u00e9daction d\u2019un protocole sp\u00e9cifique pour les sorties accompagn\u00e9es, avec ratios d\u2019encadrement minimaux.\u00a0\u00bb Il appelle \u00e9galement \u00e0 \u00ab\u00a0la reconnaissance des traumatismes psychologiques subis par les agents impliqu\u00e9s.\u00a0\u00bb<\/p>\n<p>Le syndicat \u00ab\u00a0interpelle aujourd\u2019hui le maire de Lyon et la Direction g\u00e9n\u00e9rale du CCAS\u00a0\u00bb et leur demande\u00a0de \u00ab\u00a0prendre enfin la mesure des risques encourus par les r\u00e9sidents et les professionnels\u00a0\u00bb.\u00a0Et conclut : \u00ab\u00a0La s\u00e9curit\u00e9 n\u2019est pas optionnelle. C\u2019est une obligation pour l\u2019employeur et un droit pour les travailleurs.\u00a0\u00bb<\/p>\n","protected":false},"excerpt":{"rendered":"Les syndicats FO Ville de Lyon et FO CCAS \u00ab\u00a0tirent une nouvelle fois la sonnette d\u2019alarme\u00a0\u00bb. Dans un&hellip;\n","protected":false},"author":2,"featured_media":551689,"comment_status":"","ping_status":"","sticky":false,"template":"","format":"standard","meta":{"footnotes":""},"categories":[1889],"tags":[1111,11,2813,2190,2430,1109,251,1112,2811,1777,674,118,1011,27,1922,1110,1114,2428,2810,12,241,316,25,2812,517,800],"class_list":{"0":"post-551688","1":"post","2":"type-post","3":"status-publish","4":"format-standard","5":"has-post-thumbnail","7":"category-lyon","8":"tag-actu","9":"tag-actualites","10":"tag-article","11":"tag-asvel","12":"tag-auvergne-rhone-alpes","13":"tag-breves","14":"tag-culture","15":"tag-depeches","16":"tag-economique","17":"tag-eu","18":"tag-europe","19":"tag-faits-divers","20":"tag-fr","21":"tag-france","22":"tag-info","23":"tag-informations","24":"tag-infos","25":"tag-lyon","26":"tag-lyonmag","27":"tag-news","28":"tag-ol","29":"tag-politique","30":"tag-republique-francaise","31":"tag-sociale","32":"tag-sport","33":"tag-transports"},"share_on_mastodon":{"url":"https:\/\/pubeurope.com\/@fr\/115594333052043692","error":""},"_links":{"self":[{"href":"https:\/\/www.europesays.com\/fr\/wp-json\/wp\/v2\/posts\/551688","targetHints":{"allow":["GET"]}}],"collection":[{"href":"https:\/\/www.europesays.com\/fr\/wp-json\/wp\/v2\/posts"}],"about":[{"href":"https:\/\/www.europesays.com\/fr\/wp-json\/wp\/v2\/types\/post"}],"author":[{"embeddable":true,"href":"https:\/\/www.europesays.com\/fr\/wp-json\/wp\/v2\/users\/2"}],"replies":[{"embeddable":true,"href":"https:\/\/www.europesays.com\/fr\/wp-json\/wp\/v2\/comments?post=551688"}],"version-history":[{"count":0,"href":"https:\/\/www.europesays.com\/fr\/wp-json\/wp\/v2\/posts\/551688\/revisions"}],"wp:featuredmedia":[{"embeddable":true,"href":"https:\/\/www.europesays.com\/fr\/wp-json\/wp\/v2\/media\/551689"}],"wp:attachment":[{"href":"https:\/\/www.europesays.com\/fr\/wp-json\/wp\/v2\/media?parent=551688"}],"wp:term":[{"taxonomy":"category","embeddable":true,"href":"https:\/\/www.europesays.com\/fr\/wp-json\/wp\/v2\/categories?post=551688"},{"taxonomy":"post_tag","embeddable":true,"href":"https:\/\/www.europesays.com\/fr\/wp-json\/wp\/v2\/tags?post=551688"}],"curies":[{"name":"wp","href":"https:\/\/api.w.org\/{rel}","templated":true}]}}