{"id":551696,"date":"2025-11-22T16:42:21","date_gmt":"2025-11-22T16:42:21","guid":{"rendered":"https:\/\/www.europesays.com\/fr\/551696\/"},"modified":"2025-11-22T16:42:21","modified_gmt":"2025-11-22T16:42:21","slug":"a-99-ans-judith-magre-vit-desormais-dans-une-residence-a-paris-suite-a-un-evenement-qui-lui-a-fait-perdre-son-autonomie-2","status":"publish","type":"post","link":"https:\/\/www.europesays.com\/fr\/551696\/","title":{"rendered":"A 99 ans, Judith Magre vit d\u00e9sormais dans une \u00ab\u00a0r\u00e9sidence\u00a0\u00bb \u00e0 Paris suite \u00e0 un \u00e9v\u00e9nement qui lui a fait perdre son autonomie"},"content":{"rendered":"<p class=\"mb-4 text-lg md:leading-8 break-words\">Judith Magre vient de f\u00eater ses 99 ans. En pleine forme, l&rsquo;actrice joue encore au th\u00e9\u00e2tre. Mais elle l&rsquo;admet : elle a perdu son autonomie. Dans une interview accord\u00e9e au \u00ab\u00a0Parisien\u00a0\u00bb, elle \u00e9voque cet accident qui l&rsquo;a amen\u00e9e \u00e0 s&rsquo;installer dans une r\u00e9sidence du Marais, au c\u0153ur de la capitale.<\/p>\n<p class=\"mb-4 text-lg md:leading-8 break-words\">Comme <a href=\"https:\/\/www.purepeople.com\/people\/hugues-aufray_p1964\" rel=\"nofollow noopener\" target=\"_blank\" data-ylk=\"slk:Hugues Aufray;elm:context_link;itc:0;sec:content-canvas\" class=\"link \">Hugues Aufray<\/a> ou <a href=\"https:\/\/www.purepeople.com\/people\/line-renaud_p252\" rel=\"nofollow noopener\" target=\"_blank\" data-ylk=\"slk:Line Renaud;elm:context_link;itc:0;sec:content-canvas\" class=\"link \">Line Renaud<\/a>, <a href=\"https:\/\/fr.news.yahoo.com\/96-ans-hugues-aufray-vit-161000930.html\" data-ylk=\"slk:l\u2019\u00e2ge ne semble pas avoir de prise;elm:context_link;itc:0;sec:content-canvas;outcm:mb_qualified_link;_E:mb_qualified_link;ct:story;\" class=\"link  yahoo-link\" target=\"_blank\" rel=\"noopener\">l\u2019\u00e2ge ne semble pas avoir de prise<\/a> sur Judith Magre ! La com\u00e9dienne vient de f\u00eater ses 99 ans et joue tous les lundis soirs au th\u00e9\u00e2tre. Elle est au Poche Montparnasse \u00e0 Paris pour \u201cdire\u201d Aragon avec <a href=\"https:\/\/www.purepeople.com\/people\/eric-naulleau_p2085\" rel=\"nofollow noopener\" target=\"_blank\" data-ylk=\"slk:\u00c9ric Naulleau;elm:context_link;itc:0;sec:content-canvas\" class=\"link \">\u00c9ric Naulleau<\/a>. Laur\u00e9ate de pas moins de trois Moli\u00e8re, on l\u2019a vue dans la com\u00e9die Joyeuse retraite avec <a href=\"https:\/\/www.purepeople.com\/people\/michele-laroque_p139\" rel=\"nofollow noopener\" target=\"_blank\" data-ylk=\"slk:Mich\u00e8le Laroque;elm:context_link;itc:0;sec:content-canvas\" class=\"link \">Mich\u00e8le Laroque<\/a> et <a href=\"https:\/\/www.purepeople.com\/people\/thierry-lhermitte_p537\" rel=\"nofollow noopener\" target=\"_blank\" data-ylk=\"slk:Thierry Lhermitte;elm:context_link;itc:0;sec:content-canvas\" class=\"link \">Thierry Lhermitte<\/a>. Et sa retraite (qui n&rsquo;en est pas vraiment une), elle la passe d\u00e9sormais <strong>dans une r\u00e9sidence du Marais.<\/strong><\/p>\n<p class=\"mb-4 text-lg md:leading-8 break-words\">Sa forme, elle en avait r\u00e9v\u00e9l\u00e9 <a href=\"https:\/\/fr.news.yahoo.com\/99-ans-judith-magre-assume-050600767.html\" data-ylk=\"slk:le secret peu recommandable;elm:context_link;itc:0;sec:content-canvas;outcm:mb_qualified_link;_E:mb_qualified_link;ct:story;\" class=\"link  yahoo-link\" target=\"_blank\" rel=\"noopener\">le secret peu recommandable<\/a> dans l\u2019\u00e9mission Chez Jordan en mars dernier : boire ! Pour Le Parisien en mars 2024, elle avait aussi \u00e9voqu\u00e9 <a href=\"https:\/\/fr.news.yahoo.com\/judith-magre-astuce-rester-forme-125900899.html\" data-ylk=\"slk:une autre astuce pour prendre soin de sa sant\u00e9 : faire l\u2019amour;elm:context_link;itc:0;sec:content-canvas;outcm:mb_qualified_link;_E:mb_qualified_link;ct:story;\" class=\"link  yahoo-link\" target=\"_blank\" rel=\"noopener\">une autre astuce pour prendre soin de sa sant\u00e9 : faire l\u2019amour<\/a>. Et c\u2019est pour le m\u00eame journal qu\u2019elle s\u2019est confi\u00e9e ce 21 novembre 2025 sur son manque d\u2019autonomie. Car malgr\u00e9 son \u00e9nergie d\u00e9bordante, elle regrette : \u201c<strong>L\u2019\u00e2ge, \u00e7a veut dire qu\u2019on est vieux, moche, qu\u2019on ne peut plus faire plein de choses<\/strong>\u201d.<\/p>\n<p class=\"mb-4 text-lg md:leading-8 break-words\">Cet accident qui a co\u00fbt\u00e9 cher \u00e0 Judith Magre<\/p>\n<p class=\"mb-4 text-lg md:leading-8 break-words\">Judith Magre raconte les raisons de son arriv\u00e9e dans un \u00e9tablissement sp\u00e9cialis\u00e9 de la capitale : \u201c<strong>Moi j\u2019ai eu un accident, une motocyclette m\u2019a renvers\u00e9, \u00e7a m\u2019a cass\u00e9 une jambe<\/strong>. J\u2019ai perdu de l\u2019autonomie. C\u2019est pour \u00e7a que je suis dans cette r\u00e9sidence maintenant\u201d. Elle aimerait pourtant jouer tous les soirs au th\u00e9\u00e2tre, et pas seulement le lundi.<\/p>\n<p class=\"mb-4 text-lg md:leading-8 break-words\">L\u2019actrice n\u2019a pas quitt\u00e9 les planches depuis les ann\u00e9es 1950. Et elle assure qu\u2019elle pourrait encore performer au quotidien mais n\u2019en a pas l\u2019opportunit\u00e9 : \u201c<strong>Ils pensent qu\u2019une pauvre vieille comme moi\u2026<\/strong>\u00ab\u00a0. Puis elle s&rsquo;amuse et se reprend : \u00ab\u00a0Non, c\u2019est leur programme qui veut \u00e7a, et ils sont totalement adorables avec moi\u201d. Une passionn\u00e9e qui en voudrait toujours plus.<\/p>\n<p class=\"mb-4 text-lg md:leading-8 break-words\">La com\u00e9dienne n\u2019a pas eu d\u2019enfant mais six fr\u00e8res et s\u0153urs, et donc beaucoup de neveux et ni\u00e8ces. L\u2019un de ses petits-neveux, premier de sa classe et joueur de rugby, a d&rsquo;ailleurs l\u2019honneur de figurer sur son fond d\u2019\u00e9cran de t\u00e9l\u00e9phone. Elle garde une autre photo, sur le secr\u00e9taire pr\u00e8s de son lit raconte le journaliste du Parisien : celle de celui qui fut son mari de 1963 \u00e0 1971,<strong> le r\u00e9alisateur Claude Lanzmann, disparu en 2018<\/strong>.<\/p>\n<p class=\"mb-4 text-lg md:leading-8 break-words\">Elle \u00e9voque leur relation tumultueuse : \u201c<a href=\"https:\/\/fr.news.yahoo.com\/judith-magre-amant-20-ans-120200990.html\" data-ylk=\"slk:On s\u2019est connus \u00e0 20 ans;elm:context_link;itc:0;sec:content-canvas;outcm:mb_qualified_link;_E:mb_qualified_link;ct:story;\" class=\"link  yahoo-link\" target=\"_blank\" rel=\"noopener\">On s\u2019est connus \u00e0 20 ans<\/a>. Et je l\u2019ai quitt\u00e9. <a href=\"https:\/\/fr.news.yahoo.com\/judith-magre-97-ans-s%C3%A9par%C3%A9e-195000653.html\" data-ylk=\"slk:Toute sa famille m\u2019en a voulu \u00e0 mort;elm:context_link;itc:0;sec:content-canvas;outcm:mb_qualified_link;_E:mb_qualified_link;ct:story;\" class=\"link  yahoo-link\" target=\"_blank\" rel=\"noopener\">Toute sa famille m\u2019en a voulu \u00e0 mort<\/a>. Il m\u2019a r\u00e9cup\u00e9r\u00e9 quinze ans plus tard et j\u2019en ai \u00e9t\u00e9 tr\u00e8s heureuse\u201d. Judith Magre se souvient d\u2019un homme tr\u00e8s facile \u00e0 vivre, avec qui elle se disputait seulement quand ils jouaient au stud poker. \u201cOn ne s\u2019est jamais vraiment quitt\u00e9s\u201d, r\u00e9sume l\u2019artiste, qui a<strong> aussi aim\u00e9 le po\u00e8te Louis Aragon, mais de fa\u00e7on platonique. <\/strong>Et ce sont ses po\u00e8mes qu&rsquo;elle lit d\u00e9sormais chaque semaine au th\u00e9\u00e2tre.<\/p>\n<p class=\"mb-4 text-lg md:leading-8 break-words\"><a href=\"https:\/\/www.purepeople.com\/article\/a-99-ans-judith-magre-vit-desormais-dans-une-residence-a-paris-suite-a-un-evenement-qui-lui-a-fait-perdre-son-autonomie_a544847\/1\" rel=\"nofollow noopener\" target=\"_blank\" data-ylk=\"slk:Article original sur Purepeople;elm:context_link;itc:0;sec:content-canvas\" class=\"link \">Article original sur Purepeople<\/a><\/p>\n","protected":false},"excerpt":{"rendered":"Judith Magre vient de f\u00eater ses 99 ans. En pleine forme, l&rsquo;actrice joue encore au th\u00e9\u00e2tre. Mais elle&hellip;\n","protected":false},"author":2,"featured_media":551697,"comment_status":"","ping_status":"","sticky":false,"template":"","format":"standard","meta":{"footnotes":""},"categories":[1888],"tags":[1111,1928,11,1927,1777,674,1011,27,66897,12,1926,626,1925,25,36233],"class_list":{"0":"post-551696","1":"post","2":"type-post","3":"status-publish","4":"format-standard","5":"has-post-thumbnail","7":"category-paris","8":"tag-actu","9":"tag-actu-paris","10":"tag-actualites","11":"tag-actualites-paris","12":"tag-eu","13":"tag-europe","14":"tag-fr","15":"tag-france","16":"tag-judith-magre","17":"tag-news","18":"tag-news-paris","19":"tag-paris","20":"tag-paris-news","21":"tag-republique-francaise","22":"tag-thierry-lhermitte"},"share_on_mastodon":{"url":"https:\/\/pubeurope.com\/@fr\/115594352870449248","error":""},"_links":{"self":[{"href":"https:\/\/www.europesays.com\/fr\/wp-json\/wp\/v2\/posts\/551696","targetHints":{"allow":["GET"]}}],"collection":[{"href":"https:\/\/www.europesays.com\/fr\/wp-json\/wp\/v2\/posts"}],"about":[{"href":"https:\/\/www.europesays.com\/fr\/wp-json\/wp\/v2\/types\/post"}],"author":[{"embeddable":true,"href":"https:\/\/www.europesays.com\/fr\/wp-json\/wp\/v2\/users\/2"}],"replies":[{"embeddable":true,"href":"https:\/\/www.europesays.com\/fr\/wp-json\/wp\/v2\/comments?post=551696"}],"version-history":[{"count":0,"href":"https:\/\/www.europesays.com\/fr\/wp-json\/wp\/v2\/posts\/551696\/revisions"}],"wp:featuredmedia":[{"embeddable":true,"href":"https:\/\/www.europesays.com\/fr\/wp-json\/wp\/v2\/media\/551697"}],"wp:attachment":[{"href":"https:\/\/www.europesays.com\/fr\/wp-json\/wp\/v2\/media?parent=551696"}],"wp:term":[{"taxonomy":"category","embeddable":true,"href":"https:\/\/www.europesays.com\/fr\/wp-json\/wp\/v2\/categories?post=551696"},{"taxonomy":"post_tag","embeddable":true,"href":"https:\/\/www.europesays.com\/fr\/wp-json\/wp\/v2\/tags?post=551696"}],"curies":[{"name":"wp","href":"https:\/\/api.w.org\/{rel}","templated":true}]}}