{"id":551698,"date":"2025-11-22T16:43:12","date_gmt":"2025-11-22T16:43:12","guid":{"rendered":"https:\/\/www.europesays.com\/fr\/551698\/"},"modified":"2025-11-22T16:43:12","modified_gmt":"2025-11-22T16:43:12","slug":"patinoires-de-noel-la-glisse-arrive-a-paris-avec-le-froid","status":"publish","type":"post","link":"https:\/\/www.europesays.com\/fr\/551698\/","title":{"rendered":"Patinoires de No\u00ebl\u00a0: la glisse arrive \u00e0 Paris (avec le froid)\u00a0!"},"content":{"rendered":"<p class=\"paragraph lpe text_align_left lp-f-body-02\">La neige et le verglas arrivent ce week-end en r\u00e9gion parisienne mais pas seulement ! C\u2019est aussi le grand retour des patinoires \u00e9ph\u00e9m\u00e8res au c\u0153ur de Paris pour No\u00ebl.<\/p>\n<p class=\"paragraph lpe text_align_left lp-f-body-02\">Apr\u00e8s quelques ann\u00e9es d\u2019absence dues \u00e0 des contraintes budg\u00e9taires et \u00e9nerg\u00e9tiques, la glace fait son retour dans la capitale <a href=\"https:\/\/www.leparisien.fr\/etudiant\/sortir\/paris\/eve-patinoire-paris\/\" target=\"_blank\" rel=\"noopener\">et en \u00cele-de-France<\/a>, offrant un large \u00e9ventail d\u2019options pour chausser les patins au milieu des <a href=\"https:\/\/www.leparisien.fr\/etudiant\/sortir\/paris\/eve-marches-de-noel-a-paris\/\" target=\"_blank\" rel=\"noreferrer noopener\">march\u00e9s de no\u00ebl<\/a> et autres animations de l\u2019hiver.<\/p>\n<p class=\"paragraph lpe text_align_left lp-f-body-02\">Voici les meilleures adresses pour profiter des joies de la glisse \u00e0 Paris cet hiver :<\/p>\n<p>Patinoire du Parc Andr\u00e9 Citro\u00ebn<\/p>\n<p class=\"paragraph lpe text_align_left lp-f-body-02\">Le XVe arrondissement accueille de nouveau une grande patinoire en plein air : 600 m\u00b2 de vraie glace au c\u0153ur du Parc Andr\u00e9 Citro\u00ebn. L\u2019<a href=\"https:\/\/www.leparisien.fr\/etudiant\/sortir\/paris\/eve-patins-en-folie-patinoire-paris-15\/\" target=\"_blank\" rel=\"noreferrer noopener\">animation \u00ab Patins en Folie \u00bb<\/a> promet \u00e9galement des d\u00e9corations et des activit\u00e9s sp\u00e9ciales.<\/p>\n<ul class=\"margin_bottom_md fs_18_26 fs_20_28_ad purple-dot\">\n<li class=\"mb_150 pl_325\"><b>Dates\u00a0:<\/b> Du\u00a022 novembre\u00a02025 au 4\u00a0janvier 2026 inclus<\/li>\n<li class=\"mb_150 pl_325\"><b>Horaires\u00a0:<\/b> Tous les jours de 10\u00a0heures \u00e0 22\u00a0heures (selon les jours)<\/li>\n<li class=\"mb_150 pl_325\"><b>Adresse\u00a0:<\/b> Parc Andr\u00e9 Citro\u00ebn &#8211; 75015 Paris<\/li>\n<li class=\"mb_150 pl_325\"><b>Acc\u00e8s\u00a0:<\/b> M\u00e9tro Balard (ligne 8) ou Javel (ligne 10)<\/li>\n<li class=\"mb_150 pl_325\"><b>Tarifs\u00a0:<\/b> De 8\u00a0euros \u00e0 15\u00a0euros<\/li>\n<\/ul>\n<p>Patinoire du march\u00e9 de No\u00ebl de la D\u00e9fense<\/p>\n<p class=\"paragraph lpe text_align_left lp-f-body-02\">Une patinoire de glace naturelle de plus de 540 m\u00b2 est install\u00e9e au c\u0153ur du <a href=\"https:\/\/www.leparisien.fr\/etudiant\/sortir\/paris\/eve-marche-de-noel-parvis-de-la-defense\/\" target=\"_blank\" rel=\"noreferrer noopener\">march\u00e9 de No\u00ebl de la D\u00e9fense<\/a>, offrant une ambiance f\u00e9erique au milieu des chalets qui sont nombreux pour vos id\u00e9es cadeaux.<\/p>\n<ul class=\"margin_bottom_md fs_18_26 fs_20_28_ad purple-dot\">\n<li class=\"mb_150 pl_325\"><b>Dates\u00a0:<\/b> Du\u00a013 novembre au 28\u00a0d\u00e9cembre 2025 inclus<\/li>\n<li class=\"mb_150 pl_325\"><b>Horaires\u00a0:<\/b><\/li>\n<li class=\"mb_150 pl_325\"><b>Adresse\u00a0:<\/b> Parvis de la D\u00e9fense, au pied de la Grande Arche &#8211; 92800 Puteaux<\/li>\n<li class=\"mb_150 pl_325\"><b>Acc\u00e8s\u00a0:<\/b> M\u00e9tro La D\u00e9fense \u2013 Grande Arche (RER A et E)<\/li>\n<li class=\"mb_150 pl_325\"><b>Tarifs\u00a0:<\/b> 10\u00a0euros \u00e0 12,50 \u20ac pour les adultes\/6\u00a0euros \u00e0 8\u00a0euros pour les enfants de moins de 13\u00a0ans +\u00a0location de patins\u00a0: 2,50 \u20ac<\/li>\n<\/ul>\n<p>Patinoire des Galeries Lafayette<\/p>\n<p class=\"paragraph lpe text_align_left lp-f-body-02\">Apr\u00e8s plusieurs ann\u00e9es d\u2019absence, la <a href=\"https:\/\/www.leparisien.fr\/etudiant\/sortir\/paris\/eve-vitrines-de-noel-des-galeries-lafayette-a-paris\/\" target=\"_blank\" rel=\"noreferrer noopener\">patinoire des Galeries Lafayette<\/a> fait son grand retour sur le toit du grand magasin, au 8e \u00e9tage. Elle offre une vue imprenable sur les toits de Paris, notamment l\u2019Op\u00e9ra Garnier, compl\u00e9tant l\u2019exp\u00e9rience magique des <a href=\"https:\/\/www.leparisien.fr\/etudiant\/sortir\/paris\/eve-vitrines-de-noel-des-grands-magasins\/\" target=\"_self\" rel=\"noopener\">vitrines de No\u00ebl<\/a> et du sapin g\u00e9ant. Cette patinoire en glace synth\u00e9tique est accessible \u00e0 partir de 4 ans, avec des sessions de 30 minutes \u00e0 r\u00e9server.<\/p>\n<ul class=\"margin_bottom_md fs_18_26 fs_20_28_ad purple-dot\">\n<li class=\"mb_150 pl_325\"><b>Dates\u00a0:<\/b> Du 1er\u00a0d\u00e9cembre 2025 au 4\u00a0janvier 2026<\/li>\n<li class=\"mb_150 pl_325\"><b>Horaires\u00a0:<\/b> Du lundi au samedi de 10h30 \u00e0 19\u00a0heures, et le dimanche de 11h30 \u00e0 19\u00a0heures<\/li>\n<li class=\"mb_150 pl_325\"><b>Adresse\u00a0:<\/b> Place de la fontaine-aux-Lions &#8211; 75019 Paris<\/li>\n<li class=\"mb_150 pl_325\"><b>Acc\u00e8s\u00a0:<\/b> M\u00e9tro Porte de Pantin (ligne 5)<\/li>\n<li class=\"mb_150 pl_325\"><b>Tarifs\u00a0:<\/b> 16\u00a0euros | Tarif enfant (4 \u00e0 14\u00a0ans)\u00a0: 7,50 \u20ac<\/li>\n<\/ul>\n<p>Patinoire du march\u00e9 de No\u00ebl des Tuileries<\/p>\n<p class=\"paragraph lpe text_align_left lp-f-body-02\">Au c\u0153ur de Paris, le <a href=\"https:\/\/www.leparisien.fr\/etudiant\/sortir\/paris\/eve-la-magie-de-noel-s-installe-aux-tuileries\/\" target=\"_blank\" rel=\"noreferrer noopener\">march\u00e9 de No\u00ebl des Tuileries<\/a> propose de nombreux stands culinaires pour une cr\u00eape, une raclette, un vin chaud\u2026 Mais aussi une petite patinoire synth\u00e9tique d\u2019environ 200 m\u00b2, situ\u00e9e au pied de la grande roue. Bien que plus modeste, elle ravira les plus jeunes et s\u2019int\u00e8gre parfaitement \u00e0 l\u2019ambiance festive du march\u00e9.<\/p>\n<ul class=\"margin_bottom_md fs_18_26 fs_20_28_ad purple-dot\">\n<li class=\"mb_150 pl_325\"><b>Dates\u00a0:<\/b> Du\u00a015 novembre\u00a02025 au 4\u00a0janvier 2026 inclus<\/li>\n<li class=\"mb_150 pl_325\"><b>Horaires\u00a0:<\/b> Tous les jours de 11\u00a0heures \u00e0 23h45<\/li>\n<li class=\"mb_150 pl_325\"><b>Adresse\u00a0:<\/b> Jardin des Tuileries &#8211; 75001 Paris<\/li>\n<li class=\"mb_150 pl_325\"><b>Acc\u00e8s\u00a0:<\/b> M\u00e9tro Tuileries (ligne 1) ou Concorde (lignes 1, 8 et 12)<\/li>\n<li class=\"mb_150 pl_325\"><b>Tarifs\u00a0:<\/b> 10\u00a0euros (location de patins incluse)<\/li>\n<\/ul>\n<p>Patinoire du Grand Palais<\/p>\n<p class=\"paragraph lpe text_align_left lp-f-body-02\">Et enfin, il faudra attendre mi-d\u00e9cembre pour en profiter. Sous sa verri\u00e8re embl\u00e9matique, le <a href=\"https:\/\/www.leparisien.fr\/etudiant\/sortir\/paris\/eve-patinoire-a-paris-grand-palais-des-glaces\/\" target=\"_blank\" rel=\"noreferrer noopener\">Grand Palais<\/a> se transformera en une gigantesque patinoire : 3 000 m\u00b2 de vraie glace, avec une zone de 200 m\u00b2 d\u00e9di\u00e9e aux plus jeunes. \u00c0 partir de 20 heures, un DJ met l\u2019ambiance pour une ambiance extr\u00eamement festive.<\/p>\n<ul class=\"margin_bottom_md fs_18_26 fs_20_28_ad purple-dot\">\n<li class=\"mb_150 pl_325\"><b>Dates\u00a0:<\/b> Du\u00a014 d\u00e9cembre\u00a02025 au 7\u00a0janvier 2026 inclus<\/li>\n<li class=\"mb_150 pl_325\"><b>Horaires\u00a0:<\/b> Tous les jours de 10\u00a0heures \u00e0 2\u00a0heures du matin<\/li>\n<li class=\"mb_150 pl_325\"><b>Adresse\u00a0:<\/b> 3,\u00a0avenue Du G\u00e9n\u00e9ral Eisenhower, 75008 Paris<\/li>\n<li class=\"mb_150 pl_325\"><b>Acc\u00e8s\u00a0:<\/b> M\u00e9tro Champs-\u00c9lys\u00e9es Cl\u00e9menceau (lignes 1 et 13)<\/li>\n<li class=\"mb_150 pl_325\"><b>Tarifs\u00a0:<\/b> \u00c0 partir de 27\u00a0euros pour les adultes\/15\u00a0euros pour les enfants de moins de 10\u00a0ans (location de patins incluse)<\/li>\n<\/ul>\n<p class=\"paragraph lpe text_align_left lp-f-body-02\">Pour une exp\u00e9rience hivernale r\u00e9ussie, il est souvent recommand\u00e9 de r\u00e9server votre acc\u00e8s \u00e0 l\u2019avance et de pr\u00e9voir des gants, souvent obligatoires pour des raisons de s\u00e9curit\u00e9 en cas de chute.<\/p>\n<p class=\"paragraph lpe text_align_left lp-f-body-02\">D\u2019autres patinoires (parfois gratuites) existent autour de Paris : Antony, Montmorency, Saint-Germain-en-Laye\u2026 Retrouvez notre <a href=\"https:\/\/www.leparisien.fr\/etudiant\/sortir\/paris\/eve-patinoire-paris\/\" target=\"_self\" rel=\"noopener\">s\u00e9lection des patinoires de No\u00ebl<\/a> ici avec les animations en r\u00e9gion parisienne.<\/p>\n","protected":false},"excerpt":{"rendered":"La neige et le verglas arrivent ce week-end en r\u00e9gion parisienne mais pas seulement ! C\u2019est aussi le&hellip;\n","protected":false},"author":2,"featured_media":551699,"comment_status":"","ping_status":"","sticky":false,"template":"","format":"standard","meta":{"footnotes":""},"categories":[1888],"tags":[11,872,1777,674,1011,27,2684,12,626,25,28728],"class_list":{"0":"post-551698","1":"post","2":"type-post","3":"status-publish","4":"format-standard","5":"has-post-thumbnail","7":"category-paris","8":"tag-actualites","9":"tag-culture-et-loisirs","10":"tag-eu","11":"tag-europe","12":"tag-fr","13":"tag-france","14":"tag-le-parisien-etudiant","15":"tag-news","16":"tag-paris","17":"tag-republique-francaise","18":"tag-vie-etudiante"},"share_on_mastodon":{"url":"https:\/\/pubeurope.com\/@fr\/115594356783016030","error":""},"_links":{"self":[{"href":"https:\/\/www.europesays.com\/fr\/wp-json\/wp\/v2\/posts\/551698","targetHints":{"allow":["GET"]}}],"collection":[{"href":"https:\/\/www.europesays.com\/fr\/wp-json\/wp\/v2\/posts"}],"about":[{"href":"https:\/\/www.europesays.com\/fr\/wp-json\/wp\/v2\/types\/post"}],"author":[{"embeddable":true,"href":"https:\/\/www.europesays.com\/fr\/wp-json\/wp\/v2\/users\/2"}],"replies":[{"embeddable":true,"href":"https:\/\/www.europesays.com\/fr\/wp-json\/wp\/v2\/comments?post=551698"}],"version-history":[{"count":0,"href":"https:\/\/www.europesays.com\/fr\/wp-json\/wp\/v2\/posts\/551698\/revisions"}],"wp:featuredmedia":[{"embeddable":true,"href":"https:\/\/www.europesays.com\/fr\/wp-json\/wp\/v2\/media\/551699"}],"wp:attachment":[{"href":"https:\/\/www.europesays.com\/fr\/wp-json\/wp\/v2\/media?parent=551698"}],"wp:term":[{"taxonomy":"category","embeddable":true,"href":"https:\/\/www.europesays.com\/fr\/wp-json\/wp\/v2\/categories?post=551698"},{"taxonomy":"post_tag","embeddable":true,"href":"https:\/\/www.europesays.com\/fr\/wp-json\/wp\/v2\/tags?post=551698"}],"curies":[{"name":"wp","href":"https:\/\/api.w.org\/{rel}","templated":true}]}}