{"id":551702,"date":"2025-11-22T16:45:16","date_gmt":"2025-11-22T16:45:16","guid":{"rendered":"https:\/\/www.europesays.com\/fr\/551702\/"},"modified":"2025-11-22T16:45:16","modified_gmt":"2025-11-22T16:45:16","slug":"la-france-depend-toujours-de-la-russie","status":"publish","type":"post","link":"https:\/\/www.europesays.com\/fr\/551702\/","title":{"rendered":"la France d\u00e9pend toujours de la Russie ?"},"content":{"rendered":"<p>      lire plus tard<\/p>\n<p id=\"dialog__title\" class=\"dialog__title\">Pour sauvegarder cet article, connectez-vous ou cr\u00e9ez un compte franceinfo<\/p>\n<p class=\"dialog__description\">Sans paiement. Sans abonnement.<\/p>\n<p>        Fermer la fen\u00eatre d\u2019activation des notifications France Info<\/p>\n<p>      cr\u00e9er votre compte<\/p>\n<p>      se connecter<\/p>\n<p>        Fermer la fen\u00eatre de pr\u00e9sentation<\/p>\n<p>    Publi\u00e9 le 22\/11\/2025 17:19<\/p>\n<p>        Temps de lecture : 4min &#8211; vid\u00e9o : 3min<\/p>\n<p>    <img decoding=\"async\" class=\"francetv-player-wrapper__image\" alt=\"\"  width=\"432\" height=\"243\" src=\"https:\/\/www.europesays.com\/fr\/wp-content\/uploads\/2025\/11\/nucleaire-6921e18360dff564916448.jpg\" fetchpriority=\"high\"\/><\/p>\n<p>                    (franceinfo)<\/p>\n<p>      3min<\/p>\n<p>\n  La France cherche \u00e0 conserver ses int\u00e9r\u00eats \u00e9conomiques et strat\u00e9giques tout en respectant les sanctions europ\u00e9ennes mises en place face \u00e0 la Russie depuis trois ans et demi, notamment dans le domaine de l&rsquo;\u00e9nergie. Pourtant, l&rsquo;\u00c9tat fran\u00e7ais est toujours en collaboration avec la Russie concernant des \u00e9changes nucl\u00e9aires.\n<\/p>\n<p><strong>Ce texte correspond \u00e0 une partie de la retranscription du reportage ci-dessus. Cliquez sur la vid\u00e9o pour la regarder en int\u00e9gralit\u00e9.<\/strong><\/p>\n<p>\u00c0 Dunkerque (Nord), des conteneurs charg\u00e9s d&rsquo;uranium de retraitement ont \u00e9t\u00e9 embarqu\u00e9s \u00e0 bord du cargo Mikha\u00efl Dudin, \u00e0 destination de la Russie. C&rsquo;est ce qu&rsquo;a observ\u00e9 Greenpeace le 15 novembre dernier. \u00ab\u00a0C&rsquo;est scandaleux dans le contexte actuel de <a href=\"https:\/\/www.franceinfo.fr\/monde\/europe\/manifestations-en-ukraine\/direct-plan-americain-sur-l-ukraine-kiev-va-entamer-des-consultations-en-suisse-avec-les-etats-unis-sur-un-futur-accord-de-paix-avec-moscou_7633067.html\" target=\"_self\" rel=\"noopener noreferrer nofollow\" data-tooltip-url=\"https:\/\/www.franceinfo.fr\/monde\/europe\/manifestations-en-ukraine\/direct-plan-americain-sur-l-ukraine-kiev-va-entamer-des-consultations-en-suisse-avec-les-etats-unis-sur-un-futur-accord-de-paix-avec-moscou_7633067.html\">l&rsquo;invasion globale de l&rsquo;Ukraine<\/a> par la Russie. C&rsquo;est une intensification du commerce nucl\u00e9aire entre la France et la Russie, alors m\u00eame que la Russie intensifie ses frappes sur le pays ukrainien\u00a0\u00bb, r\u00e9agit Pauline Boyer, charg\u00e9e de campagne transition \u00e9nerg\u00e9tique chez Greenpeace France.<\/p>\n<p>Alors, comment la France peut-elle reprendre ce commerce avec la Russie, malgr\u00e9 les sanctions europ\u00e9ennes ?<\/p>\n<p>L&rsquo;uranium de retraitement, c&rsquo;est de l&rsquo;uranium qui a d\u00e9j\u00e0 servi dans un r\u00e9acteur nucl\u00e9aire, mais qui peut \u00eatre recycl\u00e9 et r\u00e9utilis\u00e9 apr\u00e8s une conversion chimique. Un proc\u00e9d\u00e9 que seule la Russie est en mesure de r\u00e9aliser aujourd&rsquo;hui. Et en 2018, la France avait effectivement sign\u00e9 un contrat avec les Russes pour b\u00e9n\u00e9ficier de ce service. \u00ab\u00a0L&rsquo;uranium, d\u00e9j\u00e0 utilis\u00e9 dans les r\u00e9acteurs fran\u00e7ais, sera transform\u00e9 \u00e0 Tomsk, en Sib\u00e9rie, selon un processus qui devrait produire 12 % de nouveaux combustibles, qui seront charg\u00e9s dans certaines centrales nucl\u00e9aires d&rsquo;EDF\u00a0\u00bb, \u00e9crit un rapport de l&rsquo;Assembl\u00e9e nationale, en juin 2018.<\/p>\n<p>Pour la France, l&rsquo;int\u00e9r\u00eat de cette m\u00e9thode est \u00e0 la fois \u00e9conomique et environnemental, d&rsquo;apr\u00e8s Val\u00e9rie Faudon, la d\u00e9l\u00e9gu\u00e9e g\u00e9n\u00e9rale de la Soci\u00e9t\u00e9 fran\u00e7aise d&rsquo;\u00e9nergie nucl\u00e9aire : \u00ab\u00a0Cet uranium qu&rsquo;on envoie en Russie pour cette \u00e9tape de conversion, c&rsquo;est de l&rsquo;uranium qui nous appartient, qui appartient \u00e0 EDF. Ils font faire un traitement chimique qui est bien moins cher que d&rsquo;acheter de l&rsquo;uranium naturel. Donc l&rsquo;int\u00e9r\u00eat pour la France, c&rsquo;est que, comme on utilise des mati\u00e8res recycl\u00e9es, on utilise moins de ressources naturelles et d&rsquo;uranium naturel en provenance des mines.\u00a0\u00bb<\/p>\n<p>Selon Greenpeace, ces exportations s&rsquo;\u00e9taient pourtant interrompues fin 2022 avec l&rsquo;intensification de la guerre en Ukraine. Mais ces \u00e9changes ne contredisent pas pour autant les sanctions europ\u00e9ennes contre la Russie. \u00ab\u00a0Chaque pays europ\u00e9en, quand il a n\u00e9goci\u00e9 les sanctions, a fait un compromis entre la n\u00e9cessit\u00e9 de toucher l&rsquo;\u00e9conomie russe et en m\u00eame temps de pr\u00e9server ses propres int\u00e9r\u00eats \u00e0 lui, pays europ\u00e9en. Le secteur nucl\u00e9aire n&rsquo;a pas \u00e9t\u00e9 directement concern\u00e9 par ces sanctions. Ces sanctions, elles ont principalement concern\u00e9 les achats de gaz et de p\u00e9trole \u00e0 la Russie et puis d&rsquo;autres secteurs, comme les armements\u00a0\u00bb, d\u00e9taille Guillaume Lagane, sp\u00e9cialiste des relations internationales.<\/p>\n<p>Le gouvernement fran\u00e7ais dit r\u00e9fl\u00e9chir \u00e0 la construction d&rsquo;un site pour recycler l&rsquo;uranium en France et se passer des services de la Russie. Mais pour l&rsquo;instant, c&rsquo;est vrai, c&rsquo;est bien ce pays qui, malgr\u00e9 la guerre et les sanctions, nous fournit ce service strat\u00e9gique.<\/p>\n<p><a href=\"https:\/\/www.franceinfo.fr\/environnement\/energie\/nucleaire\/nucleaire-greenpeace-denonce-la-reprise-d-exportations-francaises-d-uranium-vers-la-russie-en-pleine-guerre-en-ukraine_7620338.html\" target=\"_blank\" rel=\"noopener nofollow\" data-tooltip-url=\"https:\/\/www.franceinfo.fr\/environnement\/energie\/nucleaire\/nucleaire-greenpeace-denonce-la-reprise-d-exportations-francaises-d-uranium-vers-la-russie-en-pleine-guerre-en-ukraine_7620338.html\">Franceinfo<\/a><\/p>\n<p><a href=\"https:\/\/www.lemonde.fr\/economie\/article\/2022\/11\/29\/la-russie-possede-la-seule-usine-au-monde-capable-de-recycler-l-uranium-decharge-des-reacteurs-nucleaires-francais_6152097_3234.html\" target=\"_blank\" rel=\"noopener nofollow\" data-tooltip-url=\"https:\/\/www.lemonde.fr\/economie\/article\/2022\/11\/29\/la-russie-possede-la-seule-usine-au-monde-capable-de-recycler-l-uranium-decharge-des-reacteurs-nucleaires-francais_6152097_3234.html\">Le Monde<\/a><\/p>\n<p><a href=\"https:\/\/www.greenpeace.fr\/espace-presse\/en-pleine-invasion-globale-russe-de-lukraine-la-france-reprend-les-exportations-duranium-de-retraitement-vers-la-russie\/\" target=\"_blank\" rel=\"noopener nofollow\" data-tooltip-url=\"https:\/\/www.greenpeace.fr\/espace-presse\/en-pleine-invasion-globale-russe-de-lukraine-la-france-reprend-les-exportations-duranium-de-retraitement-vers-la-russie\/\">Communiqu\u00e9 de Greenpeace France<\/a><\/p>\n<p><a href=\"https:\/\/www.assemblee-nationale.fr\/dyn\/opendata\/RAPPANR5L15B1122-tI.html\" target=\"_blank\" rel=\"noopener nofollow\" data-tooltip-url=\"https:\/\/www.assemblee-nationale.fr\/dyn\/opendata\/RAPPANR5L15B1122-tI.html\">Rapport de la Commission d&rsquo;enqu\u00eate sur la s\u00fbret\u00e9 et la s\u00e9curit\u00e9 des installations nucl\u00e9aires, 28 juin 2018 <\/a><\/p>\n<p>Pauline Boyer, charg\u00e9e de campagne Transition \u00e9nerg\u00e9tique Greenpeace France<\/p>\n<p>Val\u00e9rie Faudon, d\u00e9l\u00e9gu\u00e9e g\u00e9n\u00e9rale de la Soci\u00e9t\u00e9 fran\u00e7aise d&rsquo;\u00e9nergie nucl\u00e9aire<\/p>\n<p>Guillaume Lagane, ma\u00eetre de conf\u00e9rences \u00e0 Sciences Po Paris, sp\u00e9cialiste des questions de d\u00e9fense et des relations internationales<\/p>\n<p>Liste non exhaustive<\/p>\n","protected":false},"excerpt":{"rendered":"lire plus tard Pour sauvegarder cet article, connectez-vous ou cr\u00e9ez un compte franceinfo Sans paiement. Sans abonnement. Fermer&hellip;\n","protected":false},"author":2,"featured_media":551703,"comment_status":"","ping_status":"","sticky":false,"template":"","format":"standard","meta":{"footnotes":""},"categories":[1591],"tags":[11,1887,12,1885,1886,132],"class_list":{"0":"post-551702","1":"post","2":"type-post","3":"status-publish","4":"format-standard","5":"has-post-thumbnail","7":"category-russie","8":"tag-actualites","9":"tag-federation-de-russie","10":"tag-news","11":"tag-russia","12":"tag-russian-federation","13":"tag-russie"},"share_on_mastodon":{"url":"https:\/\/pubeurope.com\/@fr\/115594365155331278","error":""},"_links":{"self":[{"href":"https:\/\/www.europesays.com\/fr\/wp-json\/wp\/v2\/posts\/551702","targetHints":{"allow":["GET"]}}],"collection":[{"href":"https:\/\/www.europesays.com\/fr\/wp-json\/wp\/v2\/posts"}],"about":[{"href":"https:\/\/www.europesays.com\/fr\/wp-json\/wp\/v2\/types\/post"}],"author":[{"embeddable":true,"href":"https:\/\/www.europesays.com\/fr\/wp-json\/wp\/v2\/users\/2"}],"replies":[{"embeddable":true,"href":"https:\/\/www.europesays.com\/fr\/wp-json\/wp\/v2\/comments?post=551702"}],"version-history":[{"count":0,"href":"https:\/\/www.europesays.com\/fr\/wp-json\/wp\/v2\/posts\/551702\/revisions"}],"wp:featuredmedia":[{"embeddable":true,"href":"https:\/\/www.europesays.com\/fr\/wp-json\/wp\/v2\/media\/551703"}],"wp:attachment":[{"href":"https:\/\/www.europesays.com\/fr\/wp-json\/wp\/v2\/media?parent=551702"}],"wp:term":[{"taxonomy":"category","embeddable":true,"href":"https:\/\/www.europesays.com\/fr\/wp-json\/wp\/v2\/categories?post=551702"},{"taxonomy":"post_tag","embeddable":true,"href":"https:\/\/www.europesays.com\/fr\/wp-json\/wp\/v2\/tags?post=551702"}],"curies":[{"name":"wp","href":"https:\/\/api.w.org\/{rel}","templated":true}]}}