{"id":551706,"date":"2025-11-22T16:47:18","date_gmt":"2025-11-22T16:47:18","guid":{"rendered":"https:\/\/www.europesays.com\/fr\/551706\/"},"modified":"2025-11-22T16:47:18","modified_gmt":"2025-11-22T16:47:18","slug":"usa-lapproche-inattendue-de-donald-trump-envers-un-adversaire-politique","status":"publish","type":"post","link":"https:\/\/www.europesays.com\/fr\/551706\/","title":{"rendered":"USA : l\u2019approche inattendue de Donald Trump envers un adversaire politique"},"content":{"rendered":"<p>Le vendredi 21 Novembre, une r\u00e9union plut\u00f4t cordiale et inattendue a eu lieu \u00e0 l\u2019Oval Office entre <strong>Donald Trump<\/strong>, pr\u00e9sident des \u00c9tats-Unis, et le maire-\u00e9lu de <strong>New York<\/strong>, <strong>Zohran Mamdani<\/strong> rapporte <strong><a href=\"https:\/\/time.com\/7335876\/trump-mamdani-meeting-white-house\" data-type=\"link\" data-id=\"https:\/\/time.com\/7335876\/trump-mamdani-meeting-white-house\" target=\"_blank\" rel=\"noreferrer noopener\">The Time<\/a><\/strong>. Apr\u00e8s des mois d\u2019\u00e9changes publics virulents entre les deux hommes, cette rencontre a marqu\u00e9 une inflexion notable : au lieu du dialogue agressif attendu, c\u2019est un ton collaboratif qui s\u2019est impos\u00e9.<\/p>\n<p>Un virage strat\u00e9gique partag\u00e9<\/p>\n<p>Lors de cet entretien, les deux hommes ont choisi de mettre l\u2019accent sur des sujets concrets : la s\u00e9curit\u00e9 publique et l\u2019acc\u00e8s au logement \u00e0 New-York. Trump a admis que leurs divergences id\u00e9ologiques \u00e9taient importantes, mais a dit accepter l\u2019id\u00e9e \u00ab d\u2019aider, pas de nuire \u00bb au maire-\u00e9lu\u2009; selon lui, \u00ab certains de ses id\u00e9es sont les m\u00eames que les miennes. \u00bb <\/p>\n<p>De son c\u00f4t\u00e9, <strong>Mamdani <\/strong>a indiqu\u00e9 qu\u2019il appr\u00e9ciait que la r\u00e9union ait port\u00e9 davantage sur ce qu\u2019ils peuvent faire ensemble plut\u00f4t que sur ce qui les oppose, \u00e9voquant \u00ab la vie de huit millions et demi de personnes \u00bb devant faire face \u00e0 la hausse du co\u00fbt de la vie.<\/p>\n<p>Dans leurs \u00e9changes, la construction de logements, la baisse des prix et la lutte contre la criminalit\u00e9 dans la ville ont \u00e9t\u00e9 identifi\u00e9es comme des priorit\u00e9s communes. Le comportement affich\u00e9 \u00e9tait inhabituel\u2009: sourires, poign\u00e9es de main multiples et mentions positives de <strong>Trump <\/strong>\u00e0 l\u2019\u00e9gard de <strong>Mamdani<\/strong>, qualifi\u00e9 \u00e0 un moment de \u00ab personne tr\u00e8s rationnelle \u00bb. <\/p>\n<p>Un contraste marqu\u00e9 avec une rupture pr\u00e9c\u00e9dente<\/p>\n<p>Cette ouverture contraste avec un autre \u00e9pisode politique de Trump. Il y a peu, <strong>Marjorie Taylor Greene<\/strong>, anciennement alli\u00e9e et figure du camp conservateur, est devenue critique \u00e0 l\u2019\u00e9gard du pr\u00e9sident, provoquant une rupture publique. L\u2019unit\u00e9 affich\u00e9e se fissurait alors au sein m\u00eame de son camp. Dans la m\u00eame journ\u00e9e d\u2019hier vendredi, elle a annonc\u00e9 sa d\u00e9mission en 2026.<\/p>\n<p>Comparativement, l\u2019entretien avec <strong>Mamdani,<\/strong> jusque-l\u00e0 clairement positionn\u00e9 comme adversaire, se r\u00e9v\u00e8le donc surprenant : au lieu d\u2019intensifier la confrontation, Trump a choisi un dialogue. Cette juxtaposition \u2014 rupture avec une alli\u00e9e puis rapprochement avec un rival \u2014 met en exergue une adaptation tactique.<\/p>\n<p>Implications imm\u00e9diates<\/p>\n<p>Ce que cette r\u00e9union sugg\u00e8re : d\u2019abord, un possible changement de ton de Trump sur certains dossiers urbains et sociaux, avec l\u2019affirmation selon laquelle il porte d\u00e9sormais un int\u00e9r\u00eat plus marqu\u00e9 au co\u00fbt de la vie et au logement. <\/p>\n<p>Ensuite, pour <strong>Mamdani,<\/strong> cette ouverture f\u00e9d\u00e9rale peut faciliter son lancement en tant que maire d\u00e8s le 1er janvier 2026, en lui offrant un espace d\u2019action plus large, m\u00eame s\u2019il n\u2019a pas renonc\u00e9 \u00e0 ses critiques.<br \/>Enfin, pour l\u2019avenir politique, cela pourrait influer sur le positionnement de Trump vis-\u00e0-vis des grandes villes et des enjeux urbanistiques, traditionnellement domin\u00e9s par l\u2019opposition.<\/p>\n","protected":false},"excerpt":{"rendered":"Le vendredi 21 Novembre, une r\u00e9union plut\u00f4t cordiale et inattendue a eu lieu \u00e0 l\u2019Oval Office entre Donald&hellip;\n","protected":false},"author":2,"featured_media":551707,"comment_status":"","ping_status":"","sticky":false,"template":"","format":"standard","meta":{"footnotes":""},"categories":[1589],"tags":[11,73,1866,12,1864,1865,1863,308],"class_list":{"0":"post-551706","1":"post","2":"type-post","3":"status-publish","4":"format-standard","5":"has-post-thumbnail","7":"category-etats-unis","8":"tag-actualites","9":"tag-etats-unis","10":"tag-etats-unis-damerique","11":"tag-news","12":"tag-united-states","13":"tag-united-states-of-america","14":"tag-us","15":"tag-usa"},"share_on_mastodon":{"url":"https:\/\/pubeurope.com\/@fr\/115594372322165263","error":""},"_links":{"self":[{"href":"https:\/\/www.europesays.com\/fr\/wp-json\/wp\/v2\/posts\/551706","targetHints":{"allow":["GET"]}}],"collection":[{"href":"https:\/\/www.europesays.com\/fr\/wp-json\/wp\/v2\/posts"}],"about":[{"href":"https:\/\/www.europesays.com\/fr\/wp-json\/wp\/v2\/types\/post"}],"author":[{"embeddable":true,"href":"https:\/\/www.europesays.com\/fr\/wp-json\/wp\/v2\/users\/2"}],"replies":[{"embeddable":true,"href":"https:\/\/www.europesays.com\/fr\/wp-json\/wp\/v2\/comments?post=551706"}],"version-history":[{"count":0,"href":"https:\/\/www.europesays.com\/fr\/wp-json\/wp\/v2\/posts\/551706\/revisions"}],"wp:featuredmedia":[{"embeddable":true,"href":"https:\/\/www.europesays.com\/fr\/wp-json\/wp\/v2\/media\/551707"}],"wp:attachment":[{"href":"https:\/\/www.europesays.com\/fr\/wp-json\/wp\/v2\/media?parent=551706"}],"wp:term":[{"taxonomy":"category","embeddable":true,"href":"https:\/\/www.europesays.com\/fr\/wp-json\/wp\/v2\/categories?post=551706"},{"taxonomy":"post_tag","embeddable":true,"href":"https:\/\/www.europesays.com\/fr\/wp-json\/wp\/v2\/tags?post=551706"}],"curies":[{"name":"wp","href":"https:\/\/api.w.org\/{rel}","templated":true}]}}