{"id":551710,"date":"2025-11-22T16:49:15","date_gmt":"2025-11-22T16:49:15","guid":{"rendered":"https:\/\/www.europesays.com\/fr\/551710\/"},"modified":"2025-11-22T16:49:15","modified_gmt":"2025-11-22T16:49:15","slug":"la-nouvelle-demonstration-de-force-du-bayern","status":"publish","type":"post","link":"https:\/\/www.europesays.com\/fr\/551710\/","title":{"rendered":"La nouvelle d\u00e9monstration de force du Bayern"},"content":{"rendered":"<p><strong>Le Bayern a surclass\u00e9 Fribourg ce<br \/>\nsamedi dans le cadre de la 11e journ\u00e9e de<br \/>\nBundesliga.<\/strong><\/p>\n<p>L\u2019ogre bavarois a encore frapp\u00e9. Bien que men\u00e9 0-2 d\u00e8s les<br \/>\npremi\u00e8res minutes de jeu face \u00e0 Fribourg ce samedi, le Bayern a<br \/>\nrenvers\u00e9 la vapeur avec maestria pour s\u2019imposer 6-2 dans le cadre<br \/>\ndu 11e acte du championnat d\u2019Allemagne.<\/p>\n<p>Pass\u00e9s les buts de Suzuki (12e) et Manzambi<br \/>\n(17e), les Munichois ont l\u00e2ch\u00e9 les chevaux, revenant \u00e0<br \/>\nhauteur avant la pause gr\u00e2ce \u00e0 Karl (22e) et Olise<br \/>\n(45e+2). En deuxi\u00e8me p\u00e9riode, les visiteurs ont<br \/>\nfinalement perdu pied, sanctionn\u00e9s par Upamecano (55e),<br \/>\nKane (60e), Jackson (78e) et Olise pour le<br \/>\ndoubl\u00e9 (84e).<\/p>\n<p>En attendant le match de Leipzig devant le Werder dimanche, le<br \/>\nBayern compte huit longueurs d\u2019avance sur son premier poursuivant \u2013<br \/>\nLeverkusen, tombeur dans le m\u00eame temps de Wolfsbourg (1-3). Tenu en<br \/>\n\u00e9chec par Stuttgart (3-3), Dortmund pointe \u00e0 neuf unit\u00e9s de son<br \/>\nc\u00f4t\u00e9. Comme le VfB et le RB susmentionn\u00e9s.<\/p><\/p>\n","protected":false},"excerpt":{"rendered":"Le Bayern a surclass\u00e9 Fribourg ce samedi dans le cadre de la 11e journ\u00e9e de Bundesliga. L\u2019ogre bavarois&hellip;\n","protected":false},"author":2,"featured_media":551711,"comment_status":"","ping_status":"","sticky":false,"template":"","format":"standard","meta":{"footnotes":""},"categories":[1587],"tags":[11,672,1804,1805,1803,1777,674,1801,12,1802],"class_list":{"0":"post-551710","1":"post","2":"type-post","3":"status-publish","4":"format-standard","5":"has-post-thumbnail","7":"category-allemagne","8":"tag-actualites","9":"tag-allemagne","10":"tag-bundesrepublik-deutschland","11":"tag-de","12":"tag-deutschland","13":"tag-eu","14":"tag-europe","15":"tag-germany","16":"tag-news","17":"tag-republique-federale-dallemagne"},"share_on_mastodon":{"url":"https:\/\/pubeurope.com\/@fr\/115594380319817371","error":""},"_links":{"self":[{"href":"https:\/\/www.europesays.com\/fr\/wp-json\/wp\/v2\/posts\/551710","targetHints":{"allow":["GET"]}}],"collection":[{"href":"https:\/\/www.europesays.com\/fr\/wp-json\/wp\/v2\/posts"}],"about":[{"href":"https:\/\/www.europesays.com\/fr\/wp-json\/wp\/v2\/types\/post"}],"author":[{"embeddable":true,"href":"https:\/\/www.europesays.com\/fr\/wp-json\/wp\/v2\/users\/2"}],"replies":[{"embeddable":true,"href":"https:\/\/www.europesays.com\/fr\/wp-json\/wp\/v2\/comments?post=551710"}],"version-history":[{"count":0,"href":"https:\/\/www.europesays.com\/fr\/wp-json\/wp\/v2\/posts\/551710\/revisions"}],"wp:featuredmedia":[{"embeddable":true,"href":"https:\/\/www.europesays.com\/fr\/wp-json\/wp\/v2\/media\/551711"}],"wp:attachment":[{"href":"https:\/\/www.europesays.com\/fr\/wp-json\/wp\/v2\/media?parent=551710"}],"wp:term":[{"taxonomy":"category","embeddable":true,"href":"https:\/\/www.europesays.com\/fr\/wp-json\/wp\/v2\/categories?post=551710"},{"taxonomy":"post_tag","embeddable":true,"href":"https:\/\/www.europesays.com\/fr\/wp-json\/wp\/v2\/tags?post=551710"}],"curies":[{"name":"wp","href":"https:\/\/api.w.org\/{rel}","templated":true}]}}