{"id":551714,"date":"2025-11-22T16:52:24","date_gmt":"2025-11-22T16:52:24","guid":{"rendered":"https:\/\/www.europesays.com\/fr\/551714\/"},"modified":"2025-11-22T16:52:24","modified_gmt":"2025-11-22T16:52:24","slug":"meteo-pensez-a-vous-munir-de-pneus-hiver-on-a-eu-trois-ou-quatre-appels-ce-matin-raconte-un-garagiste-basque","status":"publish","type":"post","link":"https:\/\/www.europesays.com\/fr\/551714\/","title":{"rendered":"M\u00e9t\u00e9o &#8211; Pensez \u00e0 vous munir de pneus hiver\u00a0: \u00ab\u00a0On a eu trois ou quatre appels ce matin\u00a0\u00bb, raconte un garagiste basque"},"content":{"rendered":"<p>Le mercure est rapidement descendu ces derniers jours au Pays basque. Cela se ressent dans l&rsquo;air et sur les routes. Depuis le 1er novembre, certains automobilistes ont l&rsquo;obligation de s&rsquo;\u00e9quiper en pneus hiver. Un garagiste basque nous raconte avoir re\u00e7u quelques coups de fil ce samedi matin.<\/p>\n<p>Il est tomb\u00e9 d&rsquo;un coup au Pays basque\u00a0: l&rsquo;hiver\u00a0! Un degr\u00e9 au r\u00e9veil ce samedi matin \u00e0 Bayonne et des temp\u00e9ratures n\u00e9gatives sur tous les sommets pyr\u00e9n\u00e9ens. La neige les a d\u00e9j\u00e0 tous recouverts, du pic d&rsquo;Orhy et le plateau d&rsquo;Iraty jusqu&rsquo;\u00e0 la Rhune en passant par Artzamendi ou Ursuia \u00e0\u00a0 Hasparren. Des chutes sont aussi attendues dans les prochains jours.<\/p>\n<p><strong>La vigilance neige-verglas reste mod\u00e9r\u00e9e<\/strong> dans les Pyr\u00e9n\u00e9es-Atlantiques et valable jusqu&rsquo;\u00e0 ce samedi 22 novembre au soir, jusqu&rsquo;\u00e0 minuit. Il convient toutefois de rappeler que <strong>depuis le 1\u1d49\u02b3 novembre<\/strong>, les habitants de 12 communes &#8211; comme Les Aldudes, Arn\u00e9guy, Est\u00e9ren\u00e7uby, Mendive, Sainte-Engr\u00e2ce &#8211; ont l&rsquo;obligation d&rsquo;\u00e9quiper leur voiture de pneus neige.<\/p>\n<p>\u00ab\u00a0Les gens ne pr\u00e9voient pas et se trouvent dans l&rsquo;urgence\u00a0\u00bb<\/p>\n<p>\u00ab\u00a0Ce matin, on a eu quelques coups de fil\u00a0! On a eu trois ou quatre appels pour mettre des chaussettes ou des cha\u00eenes pour les pneus. Les gens ne pr\u00e9voient pas et se trouvent dans l&rsquo;urgence et ils nous demandent de les d\u00e9panner\u00a0\u00bb, assure Laurent, le responsable\u00a0du garage Nafarroa Pneus de Saint-Jean-Pied-de-Port.<\/p>\n<p>Il ajoute\u00a0: \u00ab\u00a0On arrive quand m\u00eame \u00e0 les d\u00e9panner car on avait pr\u00e9vu le coup, vu qu&rsquo;on a un peu d&rsquo;exp\u00e9rience. Mais cette semaine, l&rsquo;acc\u00e8s \u00e0 Iraty est conditionn\u00e9 \u00e0 ces \u00e9quipements.\u00a0\u00bb Si vous vous aventurez dans l&rsquo;une de ces communes sans les \u00e9quipements n\u00e9cessaires, vous pourriez recevoir une <strong>amende de 135 euros.<\/strong><\/p>\n","protected":false},"excerpt":{"rendered":"Le mercure est rapidement descendu ces derniers jours au Pays basque. Cela se ressent dans l&rsquo;air et sur&hellip;\n","protected":false},"author":2,"featured_media":551715,"comment_status":"","ping_status":"","sticky":false,"template":"","format":"standard","meta":{"footnotes":""},"categories":[1586],"tags":[11,1777,674,1779,1011,27,12,25,1778,364],"class_list":{"0":"post-551714","1":"post","2":"type-post","3":"status-publish","4":"format-standard","5":"has-post-thumbnail","7":"category-europe","8":"tag-actualites","9":"tag-eu","10":"tag-europe","11":"tag-european-union","12":"tag-fr","13":"tag-france","14":"tag-news","15":"tag-republique-francaise","16":"tag-ue","17":"tag-union-europeenne"},"share_on_mastodon":{"url":"https:\/\/pubeurope.com\/@fr\/115594392007443714","error":""},"_links":{"self":[{"href":"https:\/\/www.europesays.com\/fr\/wp-json\/wp\/v2\/posts\/551714","targetHints":{"allow":["GET"]}}],"collection":[{"href":"https:\/\/www.europesays.com\/fr\/wp-json\/wp\/v2\/posts"}],"about":[{"href":"https:\/\/www.europesays.com\/fr\/wp-json\/wp\/v2\/types\/post"}],"author":[{"embeddable":true,"href":"https:\/\/www.europesays.com\/fr\/wp-json\/wp\/v2\/users\/2"}],"replies":[{"embeddable":true,"href":"https:\/\/www.europesays.com\/fr\/wp-json\/wp\/v2\/comments?post=551714"}],"version-history":[{"count":0,"href":"https:\/\/www.europesays.com\/fr\/wp-json\/wp\/v2\/posts\/551714\/revisions"}],"wp:featuredmedia":[{"embeddable":true,"href":"https:\/\/www.europesays.com\/fr\/wp-json\/wp\/v2\/media\/551715"}],"wp:attachment":[{"href":"https:\/\/www.europesays.com\/fr\/wp-json\/wp\/v2\/media?parent=551714"}],"wp:term":[{"taxonomy":"category","embeddable":true,"href":"https:\/\/www.europesays.com\/fr\/wp-json\/wp\/v2\/categories?post=551714"},{"taxonomy":"post_tag","embeddable":true,"href":"https:\/\/www.europesays.com\/fr\/wp-json\/wp\/v2\/tags?post=551714"}],"curies":[{"name":"wp","href":"https:\/\/api.w.org\/{rel}","templated":true}]}}