{"id":551720,"date":"2025-11-22T16:55:35","date_gmt":"2025-11-22T16:55:35","guid":{"rendered":"https:\/\/www.europesays.com\/fr\/551720\/"},"modified":"2025-11-22T16:55:35","modified_gmt":"2025-11-22T16:55:35","slug":"il-faut-laisser-de-la-liberte-a-kylian-diallo-justifie-labsence-dmbappe-en-azerbaidjan","status":"publish","type":"post","link":"https:\/\/www.europesays.com\/fr\/551720\/","title":{"rendered":"\u201cIl faut laisser de la libert\u00e9 \u00e0 Kylian\u201d, Diallo justifie l\u2019absence d\u2019Mbapp\u00e9 en Azerba\u00efdjan"},"content":{"rendered":"<p>\u00c9quipe de France : \u201cIl faut laisser de la libert\u00e9 \u00e0 Kylian\u201d, Diallo justifie l\u2019absence d\u2019Mbapp\u00e9 en Azerba\u00efdjan Sur le m\u00eame sujet<a href=\"https:\/\/rmcsport.bfmtv.com\/football\/equipe-de-france\/video-equipe-de-france-il-faut-laisser-de-la-liberte-a-kylian-diallo-justifie-l-absence-d-mbappe-en-azerbaidjan_VN-202511220307.html\" title=\"\u00c9quipe de France : \u201cIl faut laisser de la libert\u00e9 \u00e0 Kylian\u201d, Diallo justifie l\u2019absence d\u2019Mbapp\u00e9 en Azerba\u00efdjan\" rel=\"nofollow noopener\" target=\"_blank\"><img class=\"lozad\"  width=\"16\" height=\"9\" alt=\"\u00c9quipe de France : \u201cIl faut laisser de la libert\u00e9 \u00e0 Kylian\u201d, Diallo justifie l\u2019absence d\u2019Mbapp\u00e9 en Azerba\u00efdjan\"\/>en lecture\u00c9quipe de France : \u201cIl faut laisser de la libert\u00e9 \u00e0 Kylian\u201d, Diallo justifie l\u2019absence d\u2019Mbapp\u00e9 en Azerba\u00efdjan<\/a><a href=\"https:\/\/rmcsport.bfmtv.com\/football\/equipe-de-france\/video-griezmann-pogba-benzema-des-retours-qui-ressembleraient-a-du-rechauffe_VN-202511200899.html\" title=\"Griezmann, Pogba, Benzema... des retours qui auraient vraiment du sens ?\" rel=\"nofollow noopener\" target=\"_blank\"><img class=\"lozad\"  width=\"16\" height=\"9\" alt=\"Griezmann, Pogba, Benzema... des retours qui auraient vraiment du sens ?\"\/>2:56Griezmann, Pogba, Benzema&#8230; des retours qui auraient vraiment du sens ?<\/a><a href=\"https:\/\/rmcsport.bfmtv.com\/football\/equipe-de-france\/video-equipe-de-france-mbappe-il-n-y-a-pas-de-passe-droit-affirme-samba_VN-202511200655.html\" title=\"\u00c9quipe de France : &quot;Mbapp\u00e9 ? Il n&#039;y a pas de passe-droit&quot; affirme Samba\" rel=\"nofollow noopener\" target=\"_blank\"><img class=\"lozad\"  width=\"16\" height=\"9\" alt=\"\u00c9quipe de France : &quot;Mbapp\u00e9 ? Il n'y a pas de passe-droit&quot; affirme Samba\"\/>0:44\u00c9quipe de France : \u00ab\u00a0Mbapp\u00e9 ? Il n&rsquo;y a pas de passe-droit\u00a0\u00bb affirme Samba<\/a><a href=\"https:\/\/rmcsport.bfmtv.com\/replay-emissions\/rothen-regale\/video-equipe-de-france-mbappe-est-il-deja-l-egal-de-platini-et-zidane_VN-202511190876.html\" title=\"\u00c9quipe de France : Mbapp\u00e9 est-il d\u00e9j\u00e0 l&#039;\u00e9gal de Platini et Zidane ?\" rel=\"nofollow noopener\" target=\"_blank\"><img class=\"lozad\"  width=\"16\" height=\"9\" alt=\"\u00c9quipe de France : Mbapp\u00e9 est-il d\u00e9j\u00e0 l'\u00e9gal de Platini et Zidane ?\"\/>21:59\u00c9quipe de France : Mbapp\u00e9 est-il d\u00e9j\u00e0 l&rsquo;\u00e9gal de Platini et Zidane ?<\/a><a href=\"https:\/\/rmcsport.bfmtv.com\/replay-emissions\/rothen-regale\/video-vous-etes-beaucoup-trop-dur-avec-cherki-regrette-walid-acherchour_VN-202511190849.html\" title=\" &quot;Vous \u00eates beaucoup trop dur avec Cherki&quot;, regrette Walid Acherchour\" rel=\"nofollow noopener\" target=\"_blank\"><img class=\"lozad\"  width=\"16\" height=\"9\" alt=\" &quot;Vous \u00eates beaucoup trop dur avec Cherki&quot;, regrette Walid Acherchour\"\/>8:27&Prime;Vous \u00eates beaucoup trop dur avec Cherki\u00a0\u00bb, regrette Walid Acherchour<\/a><a href=\"https:\/\/rmcsport.bfmtv.com\/football\/coupe-du-monde\/video-coupe-du-monde-les-qualifies-europeens-les-barragistes-et-le-classement-de-tous-les-groupes_VN-202511190365.html\" title=\"Coupe du monde : Les qualifi\u00e9s europ\u00e9ens, les barragistes et le classement de tous les groupes\" rel=\"nofollow noopener\" target=\"_blank\"><img class=\"lozad\"  width=\"16\" height=\"9\" alt=\"Coupe du monde : Les qualifi\u00e9s europ\u00e9ens, les barragistes et le classement de tous les groupes\"\/>1:14Coupe du monde : Les qualifi\u00e9s europ\u00e9ens, les barragistes et le classement de tous les groupes<\/a><a href=\"https:\/\/rmcsport.bfmtv.com\/replay-emissions\/rothen-regale\/video-equipe-de-france-benzema-de-retour-c-est-trop-tard-c-est-fini-tranche-papin_VN-202511180833.html\" title=\"\u00c9quipe de France : Benzema de retour ? &quot;C&#039;est trop tard, c&#039;est fini&quot; tranche Papin \" rel=\"nofollow noopener\" target=\"_blank\"><img class=\"lozad\"  width=\"16\" height=\"9\" alt=\"\u00c9quipe de France : Benzema de retour ? &quot;C'est trop tard, c'est fini&quot; tranche Papin \"\/>6:17\u00c9quipe de France : Benzema de retour ? \u00ab\u00a0C&rsquo;est trop tard, c&rsquo;est fini\u00a0\u00bb tranche Papin<\/a><a href=\"https:\/\/rmcsport.bfmtv.com\/replay-emissions\/rothen-regale\/video-equipe-de-france-mbappe-blesse-file-a-dubai-ca-me-choque-se-chauffe-rothen_VN-202511180803.html\" title=\"\u00c9quipe de France : Mbapp\u00e9 bless\u00e9 file \u00e0 Duba\u00ef ?! \u201c\u00c7a me choque\u201d, se chauffe Rothen\" rel=\"nofollow noopener\" target=\"_blank\"><img class=\"lozad\"  width=\"16\" height=\"9\" alt=\"\u00c9quipe de France : Mbapp\u00e9 bless\u00e9 file \u00e0 Duba\u00ef ?! \u201c\u00c7a me choque\u201d, se chauffe Rothen\"\/>22:42\u00c9quipe de France : Mbapp\u00e9 bless\u00e9 file \u00e0 Duba\u00ef ?! \u201c\u00c7a me choque\u201d, se chauffe Rothen<\/a><a href=\"https:\/\/rmcsport.bfmtv.com\/football\/equipe-de-france\/video-benzema-de-retour-en-equipe-de-france-avec-zidane-di-meco-tres-sceptique_VN-202511180647.html\" title=\"Benzema de retour en \u00e9quipe de France avec Zidane ? Di Meco tr\u00e8s sceptique\" rel=\"nofollow noopener\" target=\"_blank\"><img class=\"lozad\"  width=\"16\" height=\"9\" alt=\"Benzema de retour en \u00e9quipe de France avec Zidane ? Di Meco tr\u00e8s sceptique\"\/>3:49Benzema de retour en \u00e9quipe de France avec Zidane ? Di Meco tr\u00e8s sceptique<\/a><a href=\"https:\/\/rmcsport.bfmtv.com\/replay-emissions\/after-foot\/video-azerbaidjan-1-3-france-mbappe-absent-polemique-inutile-tranche-riolo_VN-202511170963.html\" title=\"Azerba\u00efdjan 1-3 France : Mbapp\u00e9 absent, &quot;pol\u00e9mique inutile&quot; tranche Riolo\" rel=\"nofollow noopener\" target=\"_blank\"><img class=\"lozad\"  width=\"16\" height=\"9\" alt=\"Azerba\u00efdjan 1-3 France : Mbapp\u00e9 absent, &quot;pol\u00e9mique inutile&quot; tranche Riolo\"\/>13:18Azerba\u00efdjan 1-3 France : Mbapp\u00e9 absent, \u00ab\u00a0pol\u00e9mique inutile\u00a0\u00bb tranche Riolo<\/a><a href=\"https:\/\/rmcsport.bfmtv.com\/replay-emissions\/rothen-regale\/video-mondial-2026-rothen-place-la-france-deuxieme-favorite-derriere-l-espagne_VN-202511170758.html\" title=\"Mondial 2026 : Rothen place la France, deuxi\u00e8me favorite derri\u00e8re l&#039;Espagne \" rel=\"nofollow noopener\" target=\"_blank\"><img class=\"lozad\"  width=\"16\" height=\"9\" alt=\"Mondial 2026 : Rothen place la France, deuxi\u00e8me favorite derri\u00e8re l'Espagne \"\/>10:45Mondial 2026 : Rothen place la France, deuxi\u00e8me favorite derri\u00e8re l&rsquo;Espagne<\/a><a href=\"https:\/\/rmcsport.bfmtv.com\/football\/video-monaco-pocognoli-salue-le-leadership-d-akliouche-qui-doit-etre-plus-consistant_VN-202511170753.html\" title=\"Monaco : Pocognoli salue &quot;le leadership&quot; d&#039;Akliouche qui doit &quot;\u00eatre plus consistant&quot;\" rel=\"nofollow noopener\" target=\"_blank\"><img class=\"lozad\"  width=\"16\" height=\"9\" alt=\"Monaco : Pocognoli salue &quot;le leadership&quot; d'Akliouche qui doit &quot;\u00eatre plus consistant&quot;\"\/>4:57Monaco : Pocognoli salue \u00ab\u00a0le leadership\u00a0\u00bb d&rsquo;Akliouche qui doit \u00ab\u00a0\u00eatre plus consistant\u00a0\u00bb<\/a><a href=\"https:\/\/rmcsport.bfmtv.com\/football\/coupe-du-monde\/video-coupe-du-monde-cherki-avec-akliouche-deschamps-ne-prendra-pas-les-deux-tranche-acherchour_VN-202511170450.html\" title=\"Coupe du monde 2026 : Cherki avec Akliouche ? &quot;Deschamps ne prendra pas les deux&quot; tranche Acherchour\" rel=\"nofollow noopener\" target=\"_blank\"><img class=\"lozad\"  width=\"16\" height=\"9\" alt=\"Coupe du monde 2026 : Cherki avec Akliouche ? &quot;Deschamps ne prendra pas les deux&quot; tranche Acherchour\"\/>1:49Coupe du monde 2026 : Cherki avec Akliouche ? \u00ab\u00a0Deschamps ne prendra pas les deux\u00a0\u00bb tranche Acherchour<\/a><a href=\"https:\/\/rmcsport.bfmtv.com\/football\/equipe-de-france\/video-coupe-du-monde-2026-france-et-portugal-qualifies-italie-en-barrages-tous-les-classements_VN-202511170367.html\" title=\"Coupe du monde 2026 : France et Portugal qualifi\u00e9s, Italie en barrages, tous les classements\" rel=\"nofollow noopener\" target=\"_blank\"><img class=\"lozad\"  width=\"16\" height=\"9\" alt=\"Coupe du monde 2026 : France et Portugal qualifi\u00e9s, Italie en barrages, tous les classements\"\/>1:07Coupe du monde 2026 : France et Portugal qualifi\u00e9s, Italie en barrages, tous les classements<\/a><a class=\"jumpToVideo\" target=\"_blank\"><img class=\"thumbnailPreview\"\/><\/a><\/p>\n","protected":false},"excerpt":{"rendered":"\u00c9quipe de France : \u201cIl faut laisser de la libert\u00e9 \u00e0 Kylian\u201d, Diallo justifie l\u2019absence d\u2019Mbapp\u00e9 en Azerba\u00efdjan&hellip;\n","protected":false},"author":2,"featured_media":551721,"comment_status":"","ping_status":"","sticky":false,"template":"","format":"standard","meta":{"footnotes":""},"categories":[4],"tags":[11,1011,27,12,25],"class_list":{"0":"post-551720","1":"post","2":"type-post","3":"status-publish","4":"format-standard","5":"has-post-thumbnail","7":"category-france","8":"tag-actualites","9":"tag-fr","10":"tag-france","11":"tag-news","12":"tag-republique-francaise"},"share_on_mastodon":{"url":"https:\/\/pubeurope.com\/@fr\/115594403728989739","error":""},"_links":{"self":[{"href":"https:\/\/www.europesays.com\/fr\/wp-json\/wp\/v2\/posts\/551720","targetHints":{"allow":["GET"]}}],"collection":[{"href":"https:\/\/www.europesays.com\/fr\/wp-json\/wp\/v2\/posts"}],"about":[{"href":"https:\/\/www.europesays.com\/fr\/wp-json\/wp\/v2\/types\/post"}],"author":[{"embeddable":true,"href":"https:\/\/www.europesays.com\/fr\/wp-json\/wp\/v2\/users\/2"}],"replies":[{"embeddable":true,"href":"https:\/\/www.europesays.com\/fr\/wp-json\/wp\/v2\/comments?post=551720"}],"version-history":[{"count":0,"href":"https:\/\/www.europesays.com\/fr\/wp-json\/wp\/v2\/posts\/551720\/revisions"}],"wp:featuredmedia":[{"embeddable":true,"href":"https:\/\/www.europesays.com\/fr\/wp-json\/wp\/v2\/media\/551721"}],"wp:attachment":[{"href":"https:\/\/www.europesays.com\/fr\/wp-json\/wp\/v2\/media?parent=551720"}],"wp:term":[{"taxonomy":"category","embeddable":true,"href":"https:\/\/www.europesays.com\/fr\/wp-json\/wp\/v2\/categories?post=551720"},{"taxonomy":"post_tag","embeddable":true,"href":"https:\/\/www.europesays.com\/fr\/wp-json\/wp\/v2\/tags?post=551720"}],"curies":[{"name":"wp","href":"https:\/\/api.w.org\/{rel}","templated":true}]}}