{"id":551722,"date":"2025-11-22T16:58:13","date_gmt":"2025-11-22T16:58:13","guid":{"rendered":"https:\/\/www.europesays.com\/fr\/551722\/"},"modified":"2025-11-22T16:58:13","modified_gmt":"2025-11-22T16:58:13","slug":"irlande-afrique-du-sud-a-suivre-en-direct-test-matches-de-test-matches-automne-2025-22-11-2025-lequipe","status":"publish","type":"post","link":"https:\/\/www.europesays.com\/fr\/551722\/","title":{"rendered":"Irlande &#8211; Afrique du Sud \u00e0 suivre en direct, Test-matches de Test-matches automne 2025 (22\/11\/2025) &#8211; L&#039;\u00c9quipe"},"content":{"rendered":"<ol>\n<li><a href=\"https:\/\/news.google.com\/rss\/articles\/CBMiowFBVV95cUxNRzZuUm85QjVLY0V3bWNVakJhTzQtNlBEd003UF8wZThMcC1mU2hheWZzeFB5X3YyUVE2MXhpQ1hKdHFyckh5aUV1MGtGcTlPRnE4UV9lVEFKU25idUpPeE1VSjIzVmF4NkpHNTBiWWpvLXBrMlNqNkwwMlF2eVMtZVo4QnJJYVVYaWZkUXNMNXV3WnoyQlIzVWcxQ0pONnpkeHdz?oc=5\" target=\"_blank\" rel=\"nofollow noopener\">Irlande &#8211; Afrique du Sud \u00e0 suivre en direct, Test-matches de Test-matches automne 2025 (22\/11\/2025)<\/a>&nbsp;&nbsp;L&rsquo;\u00c9quipe<\/li>\n<li><a href=\"https:\/\/news.google.com\/rss\/articles\/CBMirAFBVV95cUxQRm5IVlBCaHRJajlrZjB4UlRjdTJ3WnZudmU0djdzRWVSR3B2Q1JJUGVJSE1RM0dLM1owNjl1dzl6aW1iVV9CaTJ4WlpFdnl1V2o5RURFWWUyOGNaUVZpeWJmNnNYSmswVlM1QTFsRHptQkktQmRwVGlSWEhIcC1Ta2lHampyTmxrWEtsa1BraDBpU3BQOXV2ZUdmVE05YkZvc0FYNzhQdUtDSUFK?oc=5\" target=\"_blank\" rel=\"nofollow noopener\">\u00c0 quelle heure et sur quelle cha\u00eene regarder Irlande &#8211; Afrique du Sud ?<\/a>&nbsp;&nbsp;20 Minutes<\/li>\n<li><a href=\"https:\/\/news.google.com\/rss\/articles\/CBMi7wFBVV95cUxNZFRNZjRzNTBybnRLOEh4cHdtZVc3U1I2eGFuMVlkVmxvLU9EYUFkVmVhalBTTGdGTUU4am81X1RYcloycWloMHBwdXZjOVVVZV9ScEpPaG9ENVpjRUJGRm9scUQ5YnVmX3Q0U3htbUxyQkFMRXBFUVM5VTU3UDd1U3ZNMk1LVmtHbzVJRENHNFhnQ2J6MW0tby1ReG5VNWRXRHRIaUdzdjYzNDF6TThwbnE1YXAzUURHRHdrcl9rS0hkWkJlWmYtVE9PclRxcmgxckVMWVdYUEctVWtwck8yQzB3QmU5cW1rbk0zOXJ4WQ?oc=5\" target=\"_blank\" rel=\"nofollow noopener\">DIRECT. Irlande &#8211; Afrique du Sud : suivez le test-match de la tourn\u00e9e d\u2019automne en live<\/a>&nbsp;&nbsp;Ouest-France<\/li>\n<li><a href=\"https:\/\/news.google.com\/rss\/articles\/CBMiiwJBVV95cUxObXlTR1VTSW8tV3dicjRKWmRPS0dKNkNnNHZsQlBXWnZPX25felNiOGM1UnI1aDFuemxvc1I2d3Bqd0diUzZmRFVvajZzZnJId3hwdVpiSG5idGd6elEwRlRHSHhxNGJJaThTODYweGd0S1lxdk9EYkpVQnRCYllrWVNYeWNwMHJaSERLVlFueERmYWVra2Z1RkZ3MndjMlNscTdKXzFWbzNjRnU0TF9MSjFPSkZ6X1A3OEpyeFc2MzN1VW1BbExqazVLeThPWFdxZFUwWUZTVDViTkhIdlREVVpudHlRRTJxMnNYX3pWMlJDLUtrZWZtbDJ1eC03QUY4OHlNTlZmbEtQMHc?oc=5\" target=\"_blank\" rel=\"nofollow noopener\">Rugby : \u00abJe n\u2019ai jamais gagn\u00e9 \u00e0 l\u2019Aviva Stadium\u00bb, la derni\u00e8re id\u00e9e fixe du s\u00e9lectionneur sud-africain pour conclure une saison remarquable<\/a>&nbsp;&nbsp;Le Figaro<\/li>\n<li><a href=\"https:\/\/news.google.com\/rss\/articles\/CBMivwFBVV95cUxPMm9YWmdOdklaU01HLThVeEs0U0k1ZkRDNmdwZGxDNjh1SnhYVXJnZndUUHNaaWdpbDJMREQ3ZHIzRWlDTUVvM003X3RNY1JPUkpLVEtac2NFRXJjbENOTUl6UVlaSDhOR3N6M0M1MEYwUmw4YlktdDZKYVNpdVJxV0MtVFhQQm94cTgweFItSVdweTJROXpid19yLU5vV3REQkJheDdCVHYxbDFEU1BIV3pYTUgyYmc1MTJUZUl6Zw?oc=5\" target=\"_blank\" rel=\"nofollow noopener\">Rugby : rester invaincus, la mission des Springboks, des Pumas et des Anglais<\/a>&nbsp;&nbsp;Sud Ouest<\/li>\n<\/ol>\n","protected":false},"excerpt":{"rendered":"Irlande &#8211; Afrique du Sud \u00e0 suivre en direct, Test-matches de Test-matches automne 2025 (22\/11\/2025)&nbsp;&nbsp;L&rsquo;\u00c9quipe \u00c0 quelle heure&hellip;\n","protected":false},"author":2,"featured_media":72237,"comment_status":"","ping_status":"","sticky":false,"template":"","format":"standard","meta":{"footnotes":""},"categories":[1416],"tags":[1011,27,479,1468,60],"class_list":{"0":"post-551722","1":"post","2":"type-post","3":"status-publish","4":"format-standard","5":"has-post-thumbnail","7":"category-rugby","8":"tag-fr","9":"tag-france","10":"tag-rugby","11":"tag-rugby-football","12":"tag-sports"},"share_on_mastodon":{"url":"https:\/\/pubeurope.com\/@fr\/115594415633402690","error":""},"_links":{"self":[{"href":"https:\/\/www.europesays.com\/fr\/wp-json\/wp\/v2\/posts\/551722","targetHints":{"allow":["GET"]}}],"collection":[{"href":"https:\/\/www.europesays.com\/fr\/wp-json\/wp\/v2\/posts"}],"about":[{"href":"https:\/\/www.europesays.com\/fr\/wp-json\/wp\/v2\/types\/post"}],"author":[{"embeddable":true,"href":"https:\/\/www.europesays.com\/fr\/wp-json\/wp\/v2\/users\/2"}],"replies":[{"embeddable":true,"href":"https:\/\/www.europesays.com\/fr\/wp-json\/wp\/v2\/comments?post=551722"}],"version-history":[{"count":0,"href":"https:\/\/www.europesays.com\/fr\/wp-json\/wp\/v2\/posts\/551722\/revisions"}],"wp:featuredmedia":[{"embeddable":true,"href":"https:\/\/www.europesays.com\/fr\/wp-json\/wp\/v2\/media\/72237"}],"wp:attachment":[{"href":"https:\/\/www.europesays.com\/fr\/wp-json\/wp\/v2\/media?parent=551722"}],"wp:term":[{"taxonomy":"category","embeddable":true,"href":"https:\/\/www.europesays.com\/fr\/wp-json\/wp\/v2\/categories?post=551722"},{"taxonomy":"post_tag","embeddable":true,"href":"https:\/\/www.europesays.com\/fr\/wp-json\/wp\/v2\/tags?post=551722"}],"curies":[{"name":"wp","href":"https:\/\/api.w.org\/{rel}","templated":true}]}}