{"id":551723,"date":"2025-11-22T16:59:14","date_gmt":"2025-11-22T16:59:14","guid":{"rendered":"https:\/\/www.europesays.com\/fr\/551723\/"},"modified":"2025-11-22T16:59:14","modified_gmt":"2025-11-22T16:59:14","slug":"wta-maria-sharapova-pourquoi-je-ne-joue-plus-du-tout-au-tennis-depuis-ma-retraite-pour-etre-tout-a-fait-honnete-je-crois-que-je-ne-veux-pas-devenir-une-version-triste-de-ce-que-jetais","status":"publish","type":"post","link":"https:\/\/www.europesays.com\/fr\/551723\/","title":{"rendered":"WTA > Maria Sharapova : \u00ab\u00a0Pourquoi je ne joue plus du tout au tennis depuis ma retraite ? Pour \u00eatre tout \u00e0 fait honn\u00eate, je crois que je ne veux pas devenir une version triste de ce que j&rsquo;\u00e9tais\u00a0\u00bb"},"content":{"rendered":"<p>Si certains cham\u00adpions et cham\u00adpionnes conti\u00adnuent de jouer m\u00eame apr\u00e8s leur retraite, ce n\u2019est pas du tout ce le cas de Maria Sharapova, qui a d\u00e9cid\u00e9 de tota\u00adle\u00adment couper les ponts avec sa passion et son ancien m\u00e9tier.<\/p>\n<p>D\u00e9sormais femme d\u2019af\u00adfaire, la Russe, r\u00e9cem\u00adment invit\u00e9e de l\u2019\u00e9mis\u00adsion, The David Rubenstein Show, a expliqu\u00e9 son point de\u00a0vue.\u00a0<\/p>\n<p><strong>\u00ab\u202fPourquoi je ne joue plus du tout au tennis depuis ma retraite\u202f? Pour \u00eatre tout \u00e0 fait honn\u00eate, je crois que je ne veux pas devenir une version triste de ce que j\u2019\u00e9tais. Ce que j\u2019ai\u00admais dans ce sport, c\u2019\u00e9tait sa rapi\u00addit\u00e9, sa r\u00e9ac\u00adti\u00advit\u00e9, sa puis\u00adsance. Quand on ne pratique pas pendant long\u00adtemps, on perd tout\u00a0\u00e7a.\u202f\u00bb<\/strong><\/p>\n<p class=\"post-published-date\" style=\"color: silver; font-size: 75%; text-align: left;\">Publi\u00e9 le samedi 22 novembre 2025 \u00e0 16:57<\/p>\n","protected":false},"excerpt":{"rendered":"Si certains cham\u00adpions et cham\u00adpionnes conti\u00adnuent de jouer m\u00eame apr\u00e8s leur retraite, ce n\u2019est pas du tout ce&hellip;\n","protected":false},"author":2,"featured_media":551724,"comment_status":"","ping_status":"","sticky":false,"template":"","format":"standard","meta":{"footnotes":""},"categories":[1415],"tags":[1011,27,60,1467],"class_list":{"0":"post-551723","1":"post","2":"type-post","3":"status-publish","4":"format-standard","5":"has-post-thumbnail","7":"category-tennis","8":"tag-fr","9":"tag-france","10":"tag-sports","11":"tag-tennis"},"share_on_mastodon":{"url":"https:\/\/pubeurope.com\/@fr\/115594419467956194","error":""},"_links":{"self":[{"href":"https:\/\/www.europesays.com\/fr\/wp-json\/wp\/v2\/posts\/551723","targetHints":{"allow":["GET"]}}],"collection":[{"href":"https:\/\/www.europesays.com\/fr\/wp-json\/wp\/v2\/posts"}],"about":[{"href":"https:\/\/www.europesays.com\/fr\/wp-json\/wp\/v2\/types\/post"}],"author":[{"embeddable":true,"href":"https:\/\/www.europesays.com\/fr\/wp-json\/wp\/v2\/users\/2"}],"replies":[{"embeddable":true,"href":"https:\/\/www.europesays.com\/fr\/wp-json\/wp\/v2\/comments?post=551723"}],"version-history":[{"count":0,"href":"https:\/\/www.europesays.com\/fr\/wp-json\/wp\/v2\/posts\/551723\/revisions"}],"wp:featuredmedia":[{"embeddable":true,"href":"https:\/\/www.europesays.com\/fr\/wp-json\/wp\/v2\/media\/551724"}],"wp:attachment":[{"href":"https:\/\/www.europesays.com\/fr\/wp-json\/wp\/v2\/media?parent=551723"}],"wp:term":[{"taxonomy":"category","embeddable":true,"href":"https:\/\/www.europesays.com\/fr\/wp-json\/wp\/v2\/categories?post=551723"},{"taxonomy":"post_tag","embeddable":true,"href":"https:\/\/www.europesays.com\/fr\/wp-json\/wp\/v2\/tags?post=551723"}],"curies":[{"name":"wp","href":"https:\/\/api.w.org\/{rel}","templated":true}]}}