{"id":551727,"date":"2025-11-22T17:05:24","date_gmt":"2025-11-22T17:05:24","guid":{"rendered":"https:\/\/www.europesays.com\/fr\/551727\/"},"modified":"2025-11-22T17:05:24","modified_gmt":"2025-11-22T17:05:24","slug":"incroyable-le-qatar-pret-a-renouer-lhistoire-avec-neymar","status":"publish","type":"post","link":"https:\/\/www.europesays.com\/fr\/551727\/","title":{"rendered":"incroyable, le Qatar pr\u00eat \u00e0 renouer l&rsquo;histoire avec Neymar ?"},"content":{"rendered":"<p>Du c\u00f4t\u00e9 de Santos, l\u2019ambiance ressemble d\u00e9sormais \u00e0 une fin de cycle qui d\u00e9raille. Le retour de Neymar qui \u00e9tait cens\u00e9 ouvrir une \u00e8re d\u2019espoir et d\u2019ambition dans le club de Pel\u00e9 n\u2019a finalement offert qu\u2019un court r\u00e9pit. Sur le terrain et en coulisses, l&rsquo;\u00e9curie s\u2019enfonce avec des dettes colossales,\u00a0 une crise sportive interminable<\/p>\n<p>Face \u00e0 un gouffre financier estim\u00e9 \u00e0 plus de 150 millions d\u2019euros, les dirigeants n\u2019ont plus beaucoup d\u2019options. L\u2019id\u00e9e qui prend d\u00e9sormais de l\u2019ampleur est celle d&rsquo;une transformation SAF (Soci\u00e9t\u00e9 Anonyme du Football), avec la vente de 90 % du capital, comme l&rsquo;explique la presse br\u00e9silienne. Une r\u00e9volution totale pour le g\u00e9ant paulista et une opportunit\u00e9 r\u00eav\u00e9e pour plusieurs acteurs puissants.<\/p>\n<p>QSI en pole pour racheter Santos ?<\/p>\n<p>Ces derni\u00e8res semaines, les visites discr\u00e8tes se seraient multipli\u00e9es. Chelsea, via sa structure BlueCo, a d\u00e9j\u00e0 sond\u00e9 le terrain lors d\u2019une rencontre informelle avec le pr\u00e9sident Marcelo Teixeira. L\u2019Arabie saoudite, toujours \u00e0 l\u2019aff\u00fbt via le PIF (Fonds public d&rsquo;investissement d&rsquo;Arabie saoudite), observerait \u00e9galement le dossier. Mais un acteur se distingue, et pas n\u2019importe lequel.<\/p>\n<p>Selon <a href=\"https:\/\/www.uol.com.br\/\" target=\"_blank\" rel=\"noopener\">UOL<\/a>, le Qatar, \u00e0 travers Qatar Sports Investments, a \u00e9t\u00e9 le tout premier \u00e0 manifester un int\u00e9r\u00eat concret pour reprendre Santos. Une information qui r\u00e9sonne fortement en Europe car QSI, c\u2019est \u00e9videmment le propri\u00e9taire du Paris Saint-Germain. Et c\u2019est ici que le dossier prend une tournure presque romanesque. Alors que Neymar a d\u00e9j\u00e0 \u00e9t\u00e9 \u00e9voqu\u00e9 au Br\u00e9sil comme potentiel relais dans une sorte de vente d\u00e9guis\u00e9e, le club assure qu\u2019aucun accord n\u2019existe avec le joueur ou NR Sports.<\/p>\n<p>Pourtant, l\u2019id\u00e9e d\u2019un retour du Qatar dans l\u2019univers Neymar, cette fois via le rachat de son club formateur, a de quoi faire parler. Pour l\u2019instant, rien n\u2019est act\u00e9. Mais si Santos est mis sur le march\u00e9, alors le Qatar, d\u00e9j\u00e0 positionn\u00e9, pourrait frapper le premier. De quoi nous offrir des retrouvailles inattendues entre le Qatar et le Ney ?<\/p>\n<p>   Partagez cette info avec vos amis et vos proches en cliquant ici<br \/> Pour r\u00e9sumer<\/p>\n<p>Santos, en crise financi\u00e8re (150M\u20ac de dettes) et sportive, envisage une transformation en SAF avec la vente de 90 % de son capital. QSI (Qatar, propri\u00e9taire du PSG) serait en pole position pour le rachat, relan\u00e7ant les sp\u00e9culations sur un retour de Neymar dans l\u2019\u00e9quation. Aucune d\u00e9cision officielle pour l\u2019instant.<\/p>\n<p>R\u00e9dacteur<\/p>\n<p><img decoding=\"async\" width=\"76\" height=\"76\" loading=\"lazy\" src=\"https:\/\/www.europesays.com\/fr\/wp-content\/uploads\/2025\/04\/avatar-onze.webp.webp\" alt=\"La r\u00e9daction\"\/><\/p>\n","protected":false},"excerpt":{"rendered":"Du c\u00f4t\u00e9 de Santos, l\u2019ambiance ressemble d\u00e9sormais \u00e0 une fin de cycle qui d\u00e9raille. Le retour de Neymar&hellip;\n","protected":false},"author":2,"featured_media":551728,"comment_status":"","ping_status":"","sticky":false,"template":"","format":"standard","meta":{"footnotes":""},"categories":[1410],"tags":[66898,63,1011,27,66,93,60],"class_list":{"0":"post-551727","1":"post","2":"type-post","3":"status-publish","4":"format-standard","5":"has-post-thumbnail","7":"category-football","8":"tag-autres-championnats","9":"tag-football","10":"tag-fr","11":"tag-france","12":"tag-ligue-1","13":"tag-psg","14":"tag-sports"},"share_on_mastodon":{"url":"https:\/\/pubeurope.com\/@fr\/115594444567850905","error":""},"_links":{"self":[{"href":"https:\/\/www.europesays.com\/fr\/wp-json\/wp\/v2\/posts\/551727","targetHints":{"allow":["GET"]}}],"collection":[{"href":"https:\/\/www.europesays.com\/fr\/wp-json\/wp\/v2\/posts"}],"about":[{"href":"https:\/\/www.europesays.com\/fr\/wp-json\/wp\/v2\/types\/post"}],"author":[{"embeddable":true,"href":"https:\/\/www.europesays.com\/fr\/wp-json\/wp\/v2\/users\/2"}],"replies":[{"embeddable":true,"href":"https:\/\/www.europesays.com\/fr\/wp-json\/wp\/v2\/comments?post=551727"}],"version-history":[{"count":0,"href":"https:\/\/www.europesays.com\/fr\/wp-json\/wp\/v2\/posts\/551727\/revisions"}],"wp:featuredmedia":[{"embeddable":true,"href":"https:\/\/www.europesays.com\/fr\/wp-json\/wp\/v2\/media\/551728"}],"wp:attachment":[{"href":"https:\/\/www.europesays.com\/fr\/wp-json\/wp\/v2\/media?parent=551727"}],"wp:term":[{"taxonomy":"category","embeddable":true,"href":"https:\/\/www.europesays.com\/fr\/wp-json\/wp\/v2\/categories?post=551727"},{"taxonomy":"post_tag","embeddable":true,"href":"https:\/\/www.europesays.com\/fr\/wp-json\/wp\/v2\/tags?post=551727"}],"curies":[{"name":"wp","href":"https:\/\/api.w.org\/{rel}","templated":true}]}}