{"id":551731,"date":"2025-11-22T17:07:51","date_gmt":"2025-11-22T17:07:51","guid":{"rendered":"https:\/\/www.europesays.com\/fr\/551731\/"},"modified":"2025-11-22T17:07:51","modified_gmt":"2025-11-22T17:07:51","slug":"les-laureats-du-concours-de-photos-recompenses-a-argentonnay","status":"publish","type":"post","link":"https:\/\/www.europesays.com\/fr\/551731\/","title":{"rendered":"les laur\u00e9ats du concours de photos r\u00e9compens\u00e9s \u00e0 Argentonnay"},"content":{"rendered":"<p>L\u2019\u00e9quipe municipale\u00a0d\u2019Argentonnay a r\u00e9compens\u00e9 les laur\u00e9ats de la\u00a0derni\u00e8re \u00e9dition de son\u00a0concours de photos, le jeudi 6\u00a0novembre 2025.\u00a0Cette 5e\u00a0\u00e9dition avait pour th\u00e8me \u00ab\u00a0Point de vue sur le patrimoine\u00a0\u00bb&#8230;. <\/p>\n<p>    Cet article a \u00e9t\u00e9 tronqu\u00e9. Abonnez-vous pour lire l&rsquo;article complet sur notre site.<\/p>\n<p style=\"margin: 0 !important; padding: 0 !important; font-size: 12px !important;\">Cet article a \u00e9t\u00e9 tronqu\u00e9. Abonnez-vous pour lire l&rsquo;article complet.<\/p>\n<p>    <a href=\"https:\/\/www.lanouvellerepublique.fr\/abonnements\" style=\"display: inline-block; margin-top: 5px !important; padding: 6px 12px !important; background: #cb1c27; color: white; text-decoration: none; border-radius: 4px; font-size: 12px !important;\" rel=\"nofollow noopener\" target=\"_blank\"><br \/>\n      S&rsquo;abonner<br \/>\n    <\/a><\/p>\n","protected":false},"excerpt":{"rendered":"L\u2019\u00e9quipe municipale\u00a0d\u2019Argentonnay a r\u00e9compens\u00e9 les laur\u00e9ats de la\u00a0derni\u00e8re \u00e9dition de son\u00a0concours de photos, le jeudi 6\u00a0novembre 2025.\u00a0Cette 5e\u00a0\u00e9dition&hellip;\n","protected":false},"author":2,"featured_media":551732,"comment_status":"","ping_status":"","sticky":false,"template":"","format":"standard","meta":{"footnotes":""},"categories":[1358],"tags":[66899,1348,1384,1385,1674,1386,58,59,1011,27,1393,2551],"class_list":{"0":"post-551731","1":"post","2":"type-post","3":"status-publish","4":"format-standard","5":"has-post-thumbnail","7":"category-arts-et-design","8":"tag-argentonnay","9":"tag-arts","10":"tag-arts-and-design","11":"tag-arts-et-design","12":"tag-communes","13":"tag-design","14":"tag-divertissement","15":"tag-entertainment","16":"tag-fr","17":"tag-france","18":"tag-loisirs","19":"tag-patrimoine"},"share_on_mastodon":{"url":"https:\/\/pubeurope.com\/@fr\/115594454846122892","error":""},"_links":{"self":[{"href":"https:\/\/www.europesays.com\/fr\/wp-json\/wp\/v2\/posts\/551731","targetHints":{"allow":["GET"]}}],"collection":[{"href":"https:\/\/www.europesays.com\/fr\/wp-json\/wp\/v2\/posts"}],"about":[{"href":"https:\/\/www.europesays.com\/fr\/wp-json\/wp\/v2\/types\/post"}],"author":[{"embeddable":true,"href":"https:\/\/www.europesays.com\/fr\/wp-json\/wp\/v2\/users\/2"}],"replies":[{"embeddable":true,"href":"https:\/\/www.europesays.com\/fr\/wp-json\/wp\/v2\/comments?post=551731"}],"version-history":[{"count":0,"href":"https:\/\/www.europesays.com\/fr\/wp-json\/wp\/v2\/posts\/551731\/revisions"}],"wp:featuredmedia":[{"embeddable":true,"href":"https:\/\/www.europesays.com\/fr\/wp-json\/wp\/v2\/media\/551732"}],"wp:attachment":[{"href":"https:\/\/www.europesays.com\/fr\/wp-json\/wp\/v2\/media?parent=551731"}],"wp:term":[{"taxonomy":"category","embeddable":true,"href":"https:\/\/www.europesays.com\/fr\/wp-json\/wp\/v2\/categories?post=551731"},{"taxonomy":"post_tag","embeddable":true,"href":"https:\/\/www.europesays.com\/fr\/wp-json\/wp\/v2\/tags?post=551731"}],"curies":[{"name":"wp","href":"https:\/\/api.w.org\/{rel}","templated":true}]}}