{"id":551737,"date":"2025-11-22T17:11:17","date_gmt":"2025-11-22T17:11:17","guid":{"rendered":"https:\/\/www.europesays.com\/fr\/551737\/"},"modified":"2025-11-22T17:11:17","modified_gmt":"2025-11-22T17:11:17","slug":"en-meme-temps-benoit-delepine-et-gustave-kervern-butent-sur-une-impasse-telerama","status":"publish","type":"post","link":"https:\/\/www.europesays.com\/fr\/551737\/","title":{"rendered":"\u201cEn m\u00eame temps\u201d, Beno\u00eet Del\u00e9pine et Gustave Kervern butent sur une impasse &#8211; T\u00e9l\u00e9rama"},"content":{"rendered":"<ol>\n<li><a href=\"https:\/\/news.google.com\/rss\/articles\/CBMiwAFBVV95cUxOZjZjb09HRnJudGlZVjhOWHR5ZXdDQWtMV0dmZm5RUS1NTDByUVhPdV9Tal9PRW5haC0yS1hwXzBYTnVHaTZaQUd4WU5RaVpEQ2JDYVdvd19hbjBUcVdQTk1xZktvRlFMd0UxSGdwWEp5SWN6a3BzT0Y5LVVCZGlnbTBFVU44X1Z6cU9udExwS1JKOTRBT0hVamhQTHk5TDVKWUZ1ZGg2emxUWTZmaVdPZVM5X2Z1Z1hYdWI1dFB4VEQ?oc=5\" target=\"_blank\" rel=\"nofollow noopener\">\u201cEn m\u00eame temps\u201d, Beno\u00eet Del\u00e9pine et Gustave Kervern butent sur une impasse<\/a>&nbsp;&nbsp;T\u00e9l\u00e9rama<\/li>\n<li><a href=\"https:\/\/news.google.com\/rss\/articles\/CBMi9gFBVV95cUxPRXhGd25QRXNCV21TdkEwS291YUk5NGttelM0QVd3dHVFV3cwN2J6dHlzcjhRYzFmazJJQjNxZGFpeTBUTWY2WlFSUzdyLWJlT0NIcmZNaEZKaGNzLWlrWXVkRmllRjFSWjE5ZERXRl9rOGtvQWt5WGJ3czVSbFpFcG0zdzIxLVNFcVNON3NWcllCSU4yNWtYaEd4Y2txWEh5MFlVNHJQakpqVDJUNlhZRnpxN2ZMUFBxYXgxY3VWemcwRk5SWkVGRVh4SDhneFlGeU9kRUJnQXRVLXB0UzFxb3JWZWlucFc2T2c0aVFtRlFvRkx6ZEE?oc=5\" target=\"_blank\" rel=\"nofollow noopener\">\u201cEn m\u00eame temps\u201d : Jonathan Cohen et Vincent Macaigne coll\u00e9s l\u2019un \u00e0 l\u2019autre dans une farce mordante et cocasse<\/a>&nbsp;&nbsp;Le Nouvel Obs<\/li>\n<li><a href=\"https:\/\/news.google.com\/rss\/articles\/CBMivwJBVV95cUxNQ2l0cWRzVkEwT0hQWnNRSkpyLWZjRTJiakZUM2V1WXRfU1hhWU90YXMxSFFzOTV3bnVoU0g2aVdqdGdldzBfc2Ntb1d2d1dqT3FTSTNnbE1keFlIRnBjUGRLQVRxMTByLTktMEJZSnJRMVRwX0hpbzdqRHFYRGtrOExSVkEtTXEwOXhzOS00d1BoaGV3cTdVaHYxT3plRDRuNVdHWDVETFJyMjgyeUpqSl9kbWIzc1NOeXFNcWUxUlBLVTVHUV81OXBCaU9WaFVLdldoUU1SUUJoMWVwbW5CcGZqenRQSVh3d0pHMERyN2NTRFNTRHNOSmN1c0VLM1RxRkptYTk0UW9xbklFZ2UxWUdGMTRzbWdqV0c0cHVuNlA3aVpFd3VkVEJFckNHaV9RdDBZRDNTZUtUSXhxckJZ?oc=5\" target=\"_blank\" rel=\"nofollow noopener\">Ce samedi, France 4 diffuse le film \u00ab En m\u00eame temps \u00bb, une fable \u00e9colo absurde avec Jonathan Cohen et Vincent Macaigne<\/a>&nbsp;&nbsp;Programme TV Ouest-France<\/li>\n<li><a href=\"https:\/\/news.google.com\/rss\/articles\/CBMiwwFBVV95cUxNVzZoemdLX1lteUprbzlDbEpsLWVWQnZIZ2tMem5oSXBCY28yMG1XRDk4eGFWcnNJeVJJd1FhRk5tOVJmVVJjU1JHR2xUbWZQRGNBMEZtVFQ3UW5jcUF0bXZlNVpXQ2lDdDNuOVFGLTZ4U1lrWlVVR3lHZ3NxcEJWQTBfLXkxcy1OdDE1SWRUTDEyZzR0S2J4Wi1SRzh3Q0c1Vm5HTmY4dVBXRzBDY3FQTG1pazFMY2ZveVRkSGsydFpka2M?oc=5\" target=\"_blank\" rel=\"nofollow noopener\">\u00ab En m\u00eame temps \u00bb : de quoi parle le film in\u00e9dit diffus\u00e9 par France 4 ce soir, samedi 22 novembre ?<\/a>&nbsp;&nbsp;F\u00e9min Actu<\/li>\n<li><a href=\"https:\/\/news.google.com\/rss\/articles\/CBMirAFBVV95cUxQcGdjZEswNUtORnE2N3c2M2dSS0prZGdRVnh6akZVWXJDa0hVXy10bmV5RlhuWDZaT2VGdlNLZnI1RVdrLTliZ3NveXpnalROZ1BkY0ZTNHM5Qnh2SDVLQkkwcFVreE1TM1lfc044NWhSZDFTMXFObkJ3a0J6UnAyWnZrWUtQQWkyMXFrQkk4aUZVOXhkNXNNUzZ0SUtBZ0g0T1dnUGFoTG9VNWot?oc=5\" target=\"_blank\" rel=\"nofollow noopener\">En m\u00eame temps : une vir\u00e9e politique aussi d\u00e9lirante que savoureuse ce soir sur France 4<\/a>&nbsp;&nbsp;screenplus.fr<\/li>\n<\/ol>\n","protected":false},"excerpt":{"rendered":"\u201cEn m\u00eame temps\u201d, Beno\u00eet Del\u00e9pine et Gustave Kervern butent sur une impasse&nbsp;&nbsp;T\u00e9l\u00e9rama \u201cEn m\u00eame temps\u201d : Jonathan Cohen&hellip;\n","protected":false},"author":2,"featured_media":551738,"comment_status":"","ping_status":"","sticky":false,"template":"","format":"standard","meta":{"footnotes":""},"categories":[1354],"tags":[58,59,1346,1011,27,1360],"class_list":{"0":"post-551737","1":"post","2":"type-post","3":"status-publish","4":"format-standard","5":"has-post-thumbnail","7":"category-films","8":"tag-divertissement","9":"tag-entertainment","10":"tag-films","11":"tag-fr","12":"tag-france","13":"tag-movies"},"share_on_mastodon":{"url":"https:\/\/pubeurope.com\/@fr\/115594467011219770","error":""},"_links":{"self":[{"href":"https:\/\/www.europesays.com\/fr\/wp-json\/wp\/v2\/posts\/551737","targetHints":{"allow":["GET"]}}],"collection":[{"href":"https:\/\/www.europesays.com\/fr\/wp-json\/wp\/v2\/posts"}],"about":[{"href":"https:\/\/www.europesays.com\/fr\/wp-json\/wp\/v2\/types\/post"}],"author":[{"embeddable":true,"href":"https:\/\/www.europesays.com\/fr\/wp-json\/wp\/v2\/users\/2"}],"replies":[{"embeddable":true,"href":"https:\/\/www.europesays.com\/fr\/wp-json\/wp\/v2\/comments?post=551737"}],"version-history":[{"count":0,"href":"https:\/\/www.europesays.com\/fr\/wp-json\/wp\/v2\/posts\/551737\/revisions"}],"wp:featuredmedia":[{"embeddable":true,"href":"https:\/\/www.europesays.com\/fr\/wp-json\/wp\/v2\/media\/551738"}],"wp:attachment":[{"href":"https:\/\/www.europesays.com\/fr\/wp-json\/wp\/v2\/media?parent=551737"}],"wp:term":[{"taxonomy":"category","embeddable":true,"href":"https:\/\/www.europesays.com\/fr\/wp-json\/wp\/v2\/categories?post=551737"},{"taxonomy":"post_tag","embeddable":true,"href":"https:\/\/www.europesays.com\/fr\/wp-json\/wp\/v2\/tags?post=551737"}],"curies":[{"name":"wp","href":"https:\/\/api.w.org\/{rel}","templated":true}]}}