{"id":551743,"date":"2025-11-22T17:14:15","date_gmt":"2025-11-22T17:14:15","guid":{"rendered":"https:\/\/www.europesays.com\/fr\/551743\/"},"modified":"2025-11-22T17:14:15","modified_gmt":"2025-11-22T17:14:15","slug":"cest-vraiment-pas-la-fin-une-des-ac","status":"publish","type":"post","link":"https:\/\/www.europesays.com\/fr\/551743\/","title":{"rendered":"\u00ab\u00a0C\u2019est vraiment pas la fin\u00a0\u00bb, une des ac &#8230;"},"content":{"rendered":"<p>EN BREF<\/p>\n<ul class=\"bloc_resume_post_list\">\n<li>Le 22 novembre, Cyril Hanouna annonce la fin des Myst\u00e8res<br \/>\nde l\u00a0\u00bbamour, s\u00e9rie culte depuis plus de trente ans, avec Elsa<br \/>\nEsnoult sur le plateau.<\/li>\n<li>Elsa Esnoult exprime surprise et espoir, affirmant que la<br \/>\nfranchise pourrait continuer malgr\u00e9 l&rsquo;arr\u00eat annonc\u00e9.<\/li>\n<li>Des discussions sont en cours pour un retour potentiel,<br \/>\navec des cha\u00eenes int\u00e9ress\u00e9es et un public fid\u00e8le qui soutient la<br \/>\ns\u00e9rie.<\/li>\n<\/ul>\n<p><a href=\"https:\/\/www.telestar.fr\/serie_tv\/les-mysteres-de-lamour-la-fin-dune-ere-apres-37-saisons-le-programme-sarrete-sur-tmc-1741146\" target=\"_blank\" rel=\"noopener\"><br \/>\nCoup de tonnerre pour les fans des Myst\u00e8res de<br \/>\nl\u2019amour<\/a>. Ce 22 novembre sur le plateau de TBT9,<br \/>\nCyril Hanouna a rappel\u00e9 l\u2019annonce qui a <strong>secou\u00e9<\/strong> les<br \/>\nt\u00e9l\u00e9spectateurs. La <strong>fin<\/strong> de la s\u00e9rie culte,<br \/>\nh\u00e9riti\u00e8re directe de H\u00e9l\u00e8ne et les Gar\u00e7ons. Une<br \/>\ninformation que m\u00eame certains com\u00e9diens ont <strong>d\u00e9couvert\u2026\u00e0 la<br \/>\nderni\u00e8re minute<\/strong>. Parmi eux, Elsa Esnoult, venue parler de<br \/>\n<strong>l\u2019avenir du programme qui dure depuis plus de 30<br \/>\nans<\/strong> sous diff\u00e9rentes appellations.<\/p>\n<p>Face \u00e0 Cyril Hanouna, l\u2019interpr\u00e8te de Fanny a livr\u00e9 un<br \/>\nt\u00e9moignage <strong>sinc\u00e8re<\/strong>, m\u00ealant <strong>surprise,<br \/>\nd\u00e9ception<\/strong> mais aussi\u2026 <strong>espoir<\/strong>. Car pour<br \/>\nelle, la franchise imagin\u00e9e par Jean-Luc Azoulay n\u2019a <strong>pas<br \/>\ndit son dernier mot<\/strong>. Et les fans pourraient bien avoir une<br \/>\nexcellente <strong>nouvelle<\/strong> dans les mois \u00e0 venir.<\/p>\n<p>Une annonce brutale pour l\u2019\u00e9quipe des Myst\u00e8res de<br \/>\nl\u2019amour<\/p>\n<p>Interrog\u00e9e sur la mani\u00e8re dont elle a appris<br \/>\n<strong>l\u2019arr\u00eat<\/strong> de la s\u00e9rie, <a href=\"https:\/\/www.telestar.fr\/people\/elsa-esnoult-maman-la-star-des-mysteres-de-lamour-a-donne-naissance-a-son-premier-enfant-1739741\" target=\"_blank\" rel=\"noopener\"><br \/>\nElsa Esnoult, qui vient de devenir maman<\/a>, n\u2019a pas cach\u00e9 sa<br \/>\n<strong>stup\u00e9faction<\/strong>. \u2018\u2018Franchement, pour \u00eatre<br \/>\nsinc\u00e8re, on a appris \u00e7a un petit peu <strong>du jour au<br \/>\nlendemain.<\/strong> On n\u2019\u00e9tait <strong>pas vraiment au<br \/>\ncourant<\/strong>.\u2019\u2019 L\u2019actrice se souvient m\u00eame avoir<br \/>\n<strong>refus\u00e9<\/strong> d\u2019y croire sur le moment. \u2018\u2018Quand on me<br \/>\nl\u2019a dit sur le plateau, j\u2019ai dit mais <strong>non, ce n\u2019est pas<br \/>\nvrai<\/strong><strong>.\u2019\u2019<\/strong><\/p>\n<p>Si l\u2019arr\u00eat \u00e9tait pr\u00e9sent\u00e9 comme <strong>d\u00e9finitif,<\/strong><br \/>\nl\u2019actrice explique que le groupe derri\u00e8re Les Myst\u00e8res de<br \/>\nl\u2019amour reste l\u2019un des plus <strong>anciens<\/strong> de la<br \/>\nt\u00e9l\u00e9vision fran\u00e7aise avec des <strong>s\u00e9ries<\/strong> d\u00e9clin\u00e9es<br \/>\ndepuis les ann\u00e9es 90. \u2018\u2018<strong>Pourquoi pas continuer<br \/>\n?<\/strong>\u2019\u2019confie-t-elle, rappelant que <a href=\"https:\/\/www.telestar.fr\/serie-tv\/autres-series\/helene-rolles-et-patrick-puydebat-on-a-reussi-a-s-entendre-malgre-des-debuts-difficiles-575590\" target=\"_blank\" rel=\"noopener\"><br \/>\nl\u2019univers d\u2019H\u00e9l\u00e8ne et Nicolas<\/a> a d\u00e9j\u00e0 travers\u00e9 des<br \/>\ng\u00e9n\u00e9rations.<\/p>\n<p>\u201cCe n\u2019est vraiment pas la fin\u201d<br \/>\n: Elsa Esnoult y croit dur comme fer<\/p>\n<p>Et c\u2019est l\u00e0 que la com\u00e9dienne <strong>rassure<\/strong><br \/>\nv\u00e9ritablement. Malgr\u00e9 la <strong>d\u00e9cision brutale,<\/strong><br \/>\nl\u2019avenir de la s\u00e9rie Les myst\u00e8res de l\u2019amour est<br \/>\n<strong>loin d\u2019\u00eatre scell\u00e9.<\/strong> \u2018\u2018Moi, je pense que ce<br \/>\nn\u2019est <strong>vraiment pas la fin.<\/strong> C\u2019est encore en<br \/>\n<strong>discussion<\/strong>. Il y a des cha\u00eenes qui sont<br \/>\n<strong>int\u00e9ress\u00e9es<\/strong>.\u2019\u2019 affirme-t-elle. Selon elle, le<br \/>\ngroupe pourrait revenir sous une autre <strong>appellation<\/strong><br \/>\navec les <strong>m\u00eames com\u00e9diens<\/strong> et de <strong>nouvelles<br \/>\nintrigues.<\/strong><\/p>\n<p>L\u2019un des signaux qu\u2019elle met en avant : le<br \/>\n<strong>public<\/strong>. \u2018\u2018Franchement, les <strong>gens<br \/>\nregardent,<\/strong> c\u2019est m\u00eame <strong>incroyable l\u2019amour<\/strong><br \/>\ndu public qu\u2019on a depuis <strong>tant d\u2019ann\u00e9es<\/strong>.\u2019\u2019 Un<br \/>\nsoutien massif qui pourrait peser <strong>lourd<\/strong> dans les<br \/>\nn\u00e9gociations en cours. Matthieu Delormeau a \u00e9galement \u00e9voqu\u00e9<br \/>\n<strong>l\u2019annulation du tournage \u00e0 Saint-Martin<\/strong>, cens\u00e9<br \/>\ninaugurer cette \u201cnouvelle version\u201d. Elsa Esnoult confirme.<br \/>\n\u2018\u2018Oui, \u00e7a devait se faire en novembre. \u00c7a a \u00e9t\u00e9 <strong>d\u00e9cal\u00e9<br \/>\nen 2026<\/strong>.\u2019\u2019 Une annulation qui ressemble donc<br \/>\ndavantage \u00e0 <strong>un report qu\u2019\u00e0 un abandon.<\/strong><\/p>\n","protected":false},"excerpt":{"rendered":"EN BREF Le 22 novembre, Cyril Hanouna annonce la fin des Myst\u00e8res de l\u00a0\u00bbamour, s\u00e9rie culte depuis plus&hellip;\n","protected":false},"author":2,"featured_media":551744,"comment_status":"","ping_status":"","sticky":false,"template":"","format":"standard","meta":{"footnotes":""},"categories":[8],"tags":[548,58,59,1011,27,58697,38060,47264],"class_list":{"0":"post-551743","1":"post","2":"type-post","3":"status-publish","4":"format-standard","5":"has-post-thumbnail","7":"category-divertissement","8":"tag-article-simple","9":"tag-divertissement","10":"tag-entertainment","11":"tag-fr","12":"tag-france","13":"tag-jean-luc-azoulay","14":"tag-les-mysteres-de-lamour","15":"tag-tbt9"},"share_on_mastodon":{"url":"https:\/\/pubeurope.com\/@fr\/115594478715706563","error":""},"_links":{"self":[{"href":"https:\/\/www.europesays.com\/fr\/wp-json\/wp\/v2\/posts\/551743","targetHints":{"allow":["GET"]}}],"collection":[{"href":"https:\/\/www.europesays.com\/fr\/wp-json\/wp\/v2\/posts"}],"about":[{"href":"https:\/\/www.europesays.com\/fr\/wp-json\/wp\/v2\/types\/post"}],"author":[{"embeddable":true,"href":"https:\/\/www.europesays.com\/fr\/wp-json\/wp\/v2\/users\/2"}],"replies":[{"embeddable":true,"href":"https:\/\/www.europesays.com\/fr\/wp-json\/wp\/v2\/comments?post=551743"}],"version-history":[{"count":0,"href":"https:\/\/www.europesays.com\/fr\/wp-json\/wp\/v2\/posts\/551743\/revisions"}],"wp:featuredmedia":[{"embeddable":true,"href":"https:\/\/www.europesays.com\/fr\/wp-json\/wp\/v2\/media\/551744"}],"wp:attachment":[{"href":"https:\/\/www.europesays.com\/fr\/wp-json\/wp\/v2\/media?parent=551743"}],"wp:term":[{"taxonomy":"category","embeddable":true,"href":"https:\/\/www.europesays.com\/fr\/wp-json\/wp\/v2\/categories?post=551743"},{"taxonomy":"post_tag","embeddable":true,"href":"https:\/\/www.europesays.com\/fr\/wp-json\/wp\/v2\/tags?post=551743"}],"curies":[{"name":"wp","href":"https:\/\/api.w.org\/{rel}","templated":true}]}}