{"id":551745,"date":"2025-11-22T17:15:28","date_gmt":"2025-11-22T17:15:28","guid":{"rendered":"https:\/\/www.europesays.com\/fr\/551745\/"},"modified":"2025-11-22T17:15:28","modified_gmt":"2025-11-22T17:15:28","slug":"stephane-plaza-son-reseau-immobilier-a-fondu-400-franchises-sont-partis-a-la-concurrence","status":"publish","type":"post","link":"https:\/\/www.europesays.com\/fr\/551745\/","title":{"rendered":"St\u00e9phane Plaza : son r\u00e9seau immobilier a fondu, 400 franchis\u00e9s sont partis \u00e0 la concurrence"},"content":{"rendered":"<p>      R\u00e9sum\u00e9<\/p>\n<p>Le r\u00e9seau immobilier de St\u00e9phane Plaza a perdu la majorit\u00e9 de ses franchis\u00e9s, nombreux ayant rejoint des concurrents, ce qui suscite des tensions et des menaces de recours judiciaires.<\/p>\n<p>        Sommaire<\/p>\n<p>Que devient St\u00e9phane Plaza ? L&rsquo;agent immobilier, <a href=\"https:\/\/vsd.fr\/76136-affaire-stephane-plaza-ces-programmes-diffuses-sur-m6-en-remplacement-de-ses-emissions\/\" target=\"_blank\" rel=\"noopener\">\u00e9cart\u00e9 des antennes du groupe M6<\/a> depuis sa condamnation <strong>pour \u00ab\u00a0violences physiques et psychologiques\u00a0\u00bb<\/strong> en d\u00e9but d&rsquo;ann\u00e9e, a bien du mal \u00e0 faire fructifier ses affaires restantes. Selon les informations de L&rsquo;inform\u00e9, son entreprise immobili\u00e8re <strong>a perdu les deux-tiers de ses franchis\u00e9s<\/strong>. Sur <strong>670 agences franchis\u00e9es<\/strong> en 2022, <strong>seules 275<\/strong> sont encore dans l&rsquo;escarcelle de Plaza.<\/p>\n<p>Malheureusement pour l&rsquo;animateur, agent immobilier et com\u00e9dien, les franchis\u00e9s ont pr\u00e9f\u00e9r\u00e9 partir. Sur les deux-tiers qui sont partis, <strong>135 ont choisi d&rsquo;aller \u00e0 Sixi\u00e8me Avenue<\/strong>, <a href=\"https:\/\/www.public.fr\/stephane-plaza-tres-mauvaise-nouvelle-pour-lagent-star\" target=\"_blank\" rel=\"noopener\">la nouvelle marque immobili\u00e8re qu&rsquo;a lanc\u00e9e M6<\/a> en mai dernier afin de donner la possibilit\u00e9 aux franchis\u00e9s de se d\u00e9solidariser de St\u00e9phane Plaza. <strong>Mais les 260 autres agences restantes<\/strong>, elles, sont tout simplement parties \u00e0 la concurrence.<\/p>\n<p>St\u00e9phane Plaza envisage d&rsquo;aller en justice<\/p>\n<p>Ainsi, comme le r\u00e9v\u00e8lent les donn\u00e9es de nos confr\u00e8res, 32 anciennes franchises sont d\u00e9sormais rattach\u00e9es \u00e0 La Bo\u00eete Immo, qui leur permet de devenir ind\u00e9pendants. <strong>Les 228 autres entreprises ont \u00e9t\u00e9 d\u00e9bauch\u00e9es par d&rsquo;autres r\u00e9seaux immobiliers<\/strong>&#8230; Des franchis\u00e9s ont confirm\u00e9 avoir re\u00e7u nombre de coups de fil, courriers et visites de concurrents afin de les pousser \u00e0 <strong>quitter le r\u00e9seau de St\u00e9phane Plaza<\/strong>. <\/p>\n<p>C&rsquo;est le r\u00e9seau L&rsquo;adresse qui en ressort gagnant. Plus de soixante franchis\u00e9s ont accept\u00e9 de rejoindre cette coop\u00e9rative immobili\u00e8re d\u00e9tenue par la FNAIM. <strong>D&rsquo;autres se sont rapproch\u00e9s du r\u00e9seau Orpi<\/strong>, mais \u00e9galement du groupe Arche. Ce dernier d\u00e9tient de nombreuses agences bien connues, telles que Century 21 et Guy Hoquet. Mais St\u00e9phane Plaza n&rsquo;entend pas se laisser faire. L&rsquo;animateur jugerait certaines pratiques d\u00e9loyales, et <strong>envisagerait de faire condamner en justice un d\u00e9marchage massif<\/strong>.<\/p>\n<p>\u00ab\u00a0Ces prises de guerre en s\u00e9rie auraient en effet passablement irrit\u00e9 la direction du groupe St\u00e9phane Plaza France qui r\u00e9fl\u00e9chirait \u00e0 assigner son concurrent\u00a0\u00bb indiquent nos confr\u00e8res pr\u00e9cit\u00e9s. L&rsquo;agent star vise surtout Cyril Parmentier, <strong>un ancien directeur du d\u00e9veloppement de son groupe<\/strong>, qui a depuis rejoint L&rsquo;Adresse. Une dizaine de franchis\u00e9s Plaza, d\u00e9sormais rattach\u00e9s \u00e0 L&rsquo;Adresse, ont \u00e9t\u00e9 invit\u00e9s \u00e0 la convention annuelle de la marque. Une op\u00e9ration de charme que Plaza est loin d&rsquo;avoir appr\u00e9ci\u00e9e&#8230;<\/p>\n<p>\n          Hits &amp; People en continu\n        <\/p>\n<p>\n          Public Radio\n        <\/p>\n<p>      Mentionn\u00e9s dans cet article<\/p>\n<p>      Sur le m\u00eame sujet<\/p>\n","protected":false},"excerpt":{"rendered":"R\u00e9sum\u00e9 Le r\u00e9seau immobilier de St\u00e9phane Plaza a perdu la majorit\u00e9 de ses franchis\u00e9s, nombreux ayant rejoint des&hellip;\n","protected":false},"author":2,"featured_media":551746,"comment_status":"","ping_status":"","sticky":false,"template":"","format":"standard","meta":{"footnotes":""},"categories":[7],"tags":[24432,1011,27,1116,303,2634,2694,43,40,41,39,9826,7221,42,44],"class_list":{"0":"post-551745","1":"post","2":"type-post","3":"status-publish","4":"format-standard","5":"has-post-thumbnail","7":"category-sciences-et-technologies","8":"tag-agent-immobilier","9":"tag-fr","10":"tag-france","11":"tag-immobilier","12":"tag-justice","13":"tag-plainte","14":"tag-proces","15":"tag-science","16":"tag-science-and-technology","17":"tag-sciences","18":"tag-sciences-et-technologies","19":"tag-show-business","20":"tag-stephane-plaza","21":"tag-technologies","22":"tag-technology"},"share_on_mastodon":{"url":"https:\/\/pubeurope.com\/@fr\/115594482401652401","error":""},"_links":{"self":[{"href":"https:\/\/www.europesays.com\/fr\/wp-json\/wp\/v2\/posts\/551745","targetHints":{"allow":["GET"]}}],"collection":[{"href":"https:\/\/www.europesays.com\/fr\/wp-json\/wp\/v2\/posts"}],"about":[{"href":"https:\/\/www.europesays.com\/fr\/wp-json\/wp\/v2\/types\/post"}],"author":[{"embeddable":true,"href":"https:\/\/www.europesays.com\/fr\/wp-json\/wp\/v2\/users\/2"}],"replies":[{"embeddable":true,"href":"https:\/\/www.europesays.com\/fr\/wp-json\/wp\/v2\/comments?post=551745"}],"version-history":[{"count":0,"href":"https:\/\/www.europesays.com\/fr\/wp-json\/wp\/v2\/posts\/551745\/revisions"}],"wp:featuredmedia":[{"embeddable":true,"href":"https:\/\/www.europesays.com\/fr\/wp-json\/wp\/v2\/media\/551746"}],"wp:attachment":[{"href":"https:\/\/www.europesays.com\/fr\/wp-json\/wp\/v2\/media?parent=551745"}],"wp:term":[{"taxonomy":"category","embeddable":true,"href":"https:\/\/www.europesays.com\/fr\/wp-json\/wp\/v2\/categories?post=551745"},{"taxonomy":"post_tag","embeddable":true,"href":"https:\/\/www.europesays.com\/fr\/wp-json\/wp\/v2\/tags?post=551745"}],"curies":[{"name":"wp","href":"https:\/\/api.w.org\/{rel}","templated":true}]}}