{"id":551749,"date":"2025-11-22T17:18:18","date_gmt":"2025-11-22T17:18:18","guid":{"rendered":"https:\/\/www.europesays.com\/fr\/551749\/"},"modified":"2025-11-22T17:18:18","modified_gmt":"2025-11-22T17:18:18","slug":"lelue-de-la-droite-americaine-greene-demissionne-du-congres-apres-sa-rupture-avec-trump-22-11-2025-a-1424","status":"publish","type":"post","link":"https:\/\/www.europesays.com\/fr\/551749\/","title":{"rendered":"L&rsquo;\u00e9lue de la droite am\u00e9ricaine Greene d\u00e9missionne du Congr\u00e8s apr\u00e8s sa rupture avec Trump &#8211; 22\/11\/2025 \u00e0 14:24"},"content":{"rendered":"<p>        <img decoding=\"async\" src=\"https:\/\/www.europesays.com\/fr\/wp-content\/uploads\/2025\/11\/bbbae3818e3488320aeaf87078581cd5-760x507.jpg\" alt=\"La parlementaire am\u00e9ricaine Marjorie Taylor Greene (D) et le pr\u00e9sident Donald Trump, le 22 novembre 2025 \u00e0 Rome, dans l'Etat am\u00e9ricain de G\u00e9orgie ( AFP \/ Elijah Nouvelage )\" loading=\"eager\" fetchpriority=\"high\" width=\"760\" height=\"507\" style=\"max-width: 100%!important; height: auto;\"\/><\/p>\n<p class=\"c-image-news__legend\">La parlementaire am\u00e9ricaine Marjorie Taylor Greene (D) et le pr\u00e9sident Donald Trump, le 22 novembre 2025 \u00e0 Rome, dans l&rsquo;Etat am\u00e9ricain de G\u00e9orgie ( AFP \/ Elijah Nouvelage )<\/p>\n<p>\n La parlementaire am\u00e9ricaine Marjorie Taylor Greene, figure de la droite radicale et qui fut un soutien ind\u00e9fectible de Donald Trump, a annonc\u00e9 vendredi soir sa d\u00e9mission de la Chambre des repr\u00e9sentants, apr\u00e8s la rupture du pr\u00e9sident avec celle qui a d\u00e9nonc\u00e9 sa gestion du scandale sexuel Epstein.\n<\/p>\n<p>\n Une d\u00e9cision aussit\u00f4t qualifi\u00e9e de \u00ab\u00a0bonne nouvelle\u00a0\u00bb par Donald Trump, qui a ajout\u00e9 samedi que Mme Greene avait \u00ab\u00a0mal tourn\u00e9\u00a0\u00bb.\n<\/p>\n<p>\n Ce d\u00e9part fracassant du Congr\u00e8s de cette \u00e9g\u00e9rie du mouvement MAGA (Make America Great Again) survient apr\u00e8s que Donald Trump a promulgu\u00e9 le 20 novembre une loi qui contraint son gouvernement \u00e0 rendre publics tous les documents officiels sur cette affaire impliquant un financier de la jet-set new-yorkaise, Jeffrey Epstein, mort en prison \u00e0 l&rsquo;\u00e9t\u00e9 2019 avant son proc\u00e8s pour crimes sexuels.\n<\/p>\n<p>\n \u00ab\u00a0Je d\u00e9missionnerai de mes fonctions le 5 janvier 2026\u00a0\u00bb, a d\u00e9clar\u00e9 l&rsquo;\u00e9lue r\u00e9publicaine de G\u00e9orgie (sud) dans un communiqu\u00e9 sur le r\u00e9seau social X, ajoutant que \u00ab\u00a0d\u00e9fendre les femmes am\u00e9ricaines qui ont \u00e9t\u00e9 viol\u00e9es \u00e0 l&rsquo;\u00e2ge de 14 ans, victimes de trafic et exploit\u00e9es par des hommes riches et puissants ne devrait pas m&rsquo;exposer \u00e0 \u00eatre qualifi\u00e9e de tra\u00eetre et \u00eatre menac\u00e9e par le pr\u00e9sident des Etats-Unis, pour lequel je me suis battue\u00a0\u00bb.\n<\/p>\n<p>\n Dans une vid\u00e9o, elle a \u00e9galement affirm\u00e9 qu&rsquo;elle avait \u00ab\u00a0toujours \u00e9t\u00e9 m\u00e9pris\u00e9e \u00e0 Washington\u00a0\u00bb et qu&rsquo;elle ne s&rsquo;\u00e9tait \u00ab\u00a0jamais int\u00e9gr\u00e9e\u00a0\u00bb. Elle a enfin pr\u00e9dit que \u00ab\u00a0les r\u00e9publicains perdraient probablement les \u00e9lections (l\u00e9gislatives) de mi-mandat\u00a0\u00bb en novembre 2026.\n<\/p>\n<p> &#8211; \u00ab\u00a0Maggie +la Dingue+\u00a0\u00bb &#8211;<\/p>\n<p>\n Dans une premi\u00e8re r\u00e9action au t\u00e9l\u00e9phone avec la t\u00e9l\u00e9vision ABC News, le pr\u00e9sident am\u00e9ricain a estim\u00e9 que cette d\u00e9mission \u00e9tait \u00ab\u00a0une super nouvelle pour le pays\u00a0\u00bb et que l&rsquo;int\u00e9ress\u00e9e \u00ab\u00a0devrait \u00eatre heureuse\u00a0\u00bb.\n<\/p>\n<p>\n En lui retirant son soutien le week-end dernier, Donald Trump l&rsquo;avait trait\u00e9e de \u00ab\u00a0Marjorie +La Tra\u00eetre+ Greene\u00a0\u00bb et \u00ab\u00a0Maggie +la Dingue+\u00a0\u00bb.\n<\/p>\n<p>\n \u00ab\u00a0Pour une raison quelconque, principalement parce que j&rsquo;ai refus\u00e9 de r\u00e9pondre \u00e0 ses appels t\u00e9l\u00e9phoniques incessants, Marjorie a mal tourn\u00e9,\u00a0\u00bb a ajout\u00e9 Donald Trump t\u00f4t samedi matin sur sa plateforme Truth Social.\n<\/p>\n<p>\n \u00ab\u00a0N\u00e9anmoins, j&rsquo;appr\u00e9cierai toujours Marjorie et je la remercie pour son service envers notre pays !\u00a0\u00bb, a-t-il conclu.\n<\/p>\n<p>\n Le tort de Marjorie Taylor Greene ? Cette femme d&rsquo;extr\u00eame droite de 51 ans avait critiqu\u00e9 la mani\u00e8re dont son mentor g\u00e9rait l&rsquo;affaire Epstein.\n<\/p>\n<p>\n Il faut dire que la position du milliardaire r\u00e9publicain, revenu \u00e0 la Maison Blanche il y a moins d&rsquo;un an, a beaucoup vari\u00e9 sur ce dossier tentaculaire aux r\u00e9v\u00e9lations potentiellement explosives. Et il a sem\u00e9 la division dans son propre camp et au sein de sa base ultra loyale MAGA.\n<\/p>\n<p>\n Le pr\u00e9sident Trump a toujours d\u00e9menti avoir connaissance du comportement criminel d&rsquo;Epstein dont il fut proche dans les ann\u00e9es 1990 \u00e0 New York et en Floride, avant de se brouiller avec lui dans les ann\u00e9es 2000: l&rsquo;homme d&rsquo;affaires de 79 ans a affirm\u00e9 que leur dispute remontait \u00e0 des ann\u00e9es avant que les crimes sexuels d&rsquo;Epstein et de son ancienne comparse et complice Ghislaine Maxwell, qui purge une peine de 20 ans de prison, n&rsquo;\u00e9clatent au grand jour.\n<\/p>\n<p> &#8211; \u00ab\u00a0Canular\u00a0\u00bb d\u00e9mocrate &#8211;<\/p>\n<p>\n Apr\u00e8s avoir promis durant sa campagne victorieuse de 2024 des r\u00e9v\u00e9lations fracassantes, Donald Trump a exhort\u00e9 ses partisans \u00e0 tourner la page en qualifiant l&rsquo;affaire de \u00ab\u00a0canular\u00a0\u00bb mont\u00e9 en \u00e9pingle par l&rsquo;opposition d\u00e9mocrate.\n<\/p>\n<p>\n Il a r\u00e9affirm\u00e9 n&rsquo;avoir \u00ab\u00a0rien \u00e0 voir avec Jeffrey Epstein\u00a0\u00bb, accus\u00e9 de trafic sexuel de jeunes filles mineures, le qualifiant de \u00ab\u00a0pervers malade\u00a0\u00bb.\n<\/p>\n<p>\n Mais selon des courriels publi\u00e9s mi-novembre par des \u00e9lus d\u00e9mocrates de la Chambre, Epstein \u00e9crivait peu avant sa mort que Donald Trump \u00ab\u00a0savait \u00e0 propos des filles\u00a0\u00bb et aurait m\u00eame \u00ab\u00a0pass\u00e9 plusieurs heures\u00a0\u00bb avec l&rsquo;une d&rsquo;elles.\n<\/p>\n<p>\n Epstein, richissime financier, fr\u00e9quentait depuis des ann\u00e9es les cercles des \u00e9lites am\u00e9ricaines, entretenant des liens \u00e9troits avec des magnats, des politiques, universitaires et c\u00e9l\u00e9brit\u00e9s.\n<\/p>\n<p>\n Certains hommes pourraient \u00eatre impliqu\u00e9s dans le r\u00e9seau de trafic sexuel de mineures et de jeunes femmes.\n<\/p>\n<p>\n La mort en prison d&rsquo;Epstein, attribu\u00e9e officiellement \u00e0 un suicide, et les d\u00e9lais pour rendre publics les documents d&rsquo;enqu\u00eate ont nourri le complotisme: des Am\u00e9ricains et des figures de la droite radicale pensent qu&rsquo;il aurait en fait \u00e9t\u00e9 assassin\u00e9 pour l&#8217;emp\u00eacher de mettre en cause des personnalit\u00e9s de premier plan.\n<\/p>\n<p>\n Ainsi, Larry Summers, ancien ministre des Finances du pr\u00e9sident d&rsquo;alors Bill Clinton (1993-2001), va quitter le conseil d&rsquo;administration d&rsquo;OpenAI et se retirer de tout enseignement \u00e0 Harvard, dont il fut le pr\u00e9sident.\n<\/p>\n<p>\n Ces d\u00e9cisions font suite \u00e0 la publication des courriels r\u00e9v\u00e9lant des \u00e9changes entre cet \u00e9conomiste et le d\u00e9linquant sexuel.<\/p>\n","protected":false},"excerpt":{"rendered":"La parlementaire am\u00e9ricaine Marjorie Taylor Greene (D) et le pr\u00e9sident Donald Trump, le 22 novembre 2025 \u00e0 Rome,&hellip;\n","protected":false},"author":2,"featured_media":551750,"comment_status":"","ping_status":"","sticky":false,"template":"","format":"standard","meta":{"footnotes":""},"categories":[5],"tags":[400,11,398,408,405,1011,27,403,14,402,399,404,12,401,406,407,28],"class_list":{"0":"post-551749","1":"post","2":"type-post","3":"status-publish","4":"format-standard","5":"has-post-thumbnail","7":"category-international","8":"tag-action-cac-40","9":"tag-actualites","10":"tag-bourse-de-paris","11":"tag-boursorama","12":"tag-cotations","13":"tag-fr","14":"tag-france","15":"tag-indices-devises","16":"tag-international","17":"tag-investir","18":"tag-investissement","19":"tag-marche-boursier","20":"tag-news","21":"tag-sicav","22":"tag-trackers","23":"tag-warrants","24":"tag-world"},"share_on_mastodon":{"url":"https:\/\/pubeurope.com\/@fr\/115594495511214921","error":""},"_links":{"self":[{"href":"https:\/\/www.europesays.com\/fr\/wp-json\/wp\/v2\/posts\/551749","targetHints":{"allow":["GET"]}}],"collection":[{"href":"https:\/\/www.europesays.com\/fr\/wp-json\/wp\/v2\/posts"}],"about":[{"href":"https:\/\/www.europesays.com\/fr\/wp-json\/wp\/v2\/types\/post"}],"author":[{"embeddable":true,"href":"https:\/\/www.europesays.com\/fr\/wp-json\/wp\/v2\/users\/2"}],"replies":[{"embeddable":true,"href":"https:\/\/www.europesays.com\/fr\/wp-json\/wp\/v2\/comments?post=551749"}],"version-history":[{"count":0,"href":"https:\/\/www.europesays.com\/fr\/wp-json\/wp\/v2\/posts\/551749\/revisions"}],"wp:featuredmedia":[{"embeddable":true,"href":"https:\/\/www.europesays.com\/fr\/wp-json\/wp\/v2\/media\/551750"}],"wp:attachment":[{"href":"https:\/\/www.europesays.com\/fr\/wp-json\/wp\/v2\/media?parent=551749"}],"wp:term":[{"taxonomy":"category","embeddable":true,"href":"https:\/\/www.europesays.com\/fr\/wp-json\/wp\/v2\/categories?post=551749"},{"taxonomy":"post_tag","embeddable":true,"href":"https:\/\/www.europesays.com\/fr\/wp-json\/wp\/v2\/tags?post=551749"}],"curies":[{"name":"wp","href":"https:\/\/api.w.org\/{rel}","templated":true}]}}