{"id":551753,"date":"2025-11-22T17:20:22","date_gmt":"2025-11-22T17:20:22","guid":{"rendered":"https:\/\/www.europesays.com\/fr\/551753\/"},"modified":"2025-11-22T17:20:22","modified_gmt":"2025-11-22T17:20:22","slug":"qui-est-harold-huwart-le-seul-depute-a-avoir-vote-pour","status":"publish","type":"post","link":"https:\/\/www.europesays.com\/fr\/551753\/","title":{"rendered":"Qui est Harold Huwart, le seul d\u00e9put\u00e9 \u00e0 avoir vot\u00e9 pour\u00a0?"},"content":{"rendered":"<p>404 voix contre, 84 absentions et un seul vote pour. A la quasi-unanimit\u00e9, les d\u00e9put\u00e9s ont vot\u00e9 sans surprise dans la nuit de vendredi \u00e0 samedi contre le volet \u00ab\u00a0recettes\u00a0\u00bb <a href=\"https:\/\/www.20minutes.fr\/economie\/budget\/\" class=\"c-link c-link--is-underlined\" target=\"_blank\" rel=\"noopener\">du projet de loi de finances 2026<\/a>, ce qui augure mal de son adoption avant la fin de l\u2019ann\u00e9e. Fragment\u00e9e comme jamais, l\u2019Assembl\u00e9e nationale a donc pour une fois trouv\u00e9 un consensus <a href=\"https:\/\/www.20minutes.fr\/politique\/assemblee_nationale\/4187235-20251122-budget-2026-404-voix-contre-deputes-rejettent-quasi-unanimite-texte-gouvernement\" class=\"c-link c-link--is-underlined\" target=\"_blank\" rel=\"noopener\">en rejetant massivement la copie du Gouvernement<\/a>.<\/p>\n<\/p>\n<p>Dans le d\u00e9tail, les groupes de gauche et le Rassemblement national ont vot\u00e9 contre tandis que ceux que du camp gouvernemental se sont divis\u00e9s entre votes contre et absentions. Seul un d\u00e9put\u00e9 au final a vot\u00e9 au final en faveur du budget. Il s\u2019agit d\u2019Harold Huwart, d\u00e9put\u00e9 de la 3e circonscription<a href=\"https:\/\/www.20minutes.fr\/dossier\/eure_et_loire\" class=\"c-link c-link--is-underlined\" target=\"_blank\" rel=\"noopener\"> d\u2019Eure-et-Loir<\/a> et membre du groupe centriste Liot.<\/p>\n<p>Ancien maire de Nogent-le-Rotrou<\/p>\n<p>Avant le vote, l\u2019ancien maire de Nogent-le-Rotrou avait d\u2019ailleurs annonc\u00e9 la couleur. \u00ab\u00a0Je vais voter pour, avait-il affirm\u00e9. Je veux un budget pour la France. Je ne comprends pas par quelle logique vous arrivez \u00e0 trouver une majorit\u00e9 sur chaque article et une unanimit\u00e9 contre le texte. C\u2019est inou\u00ef, in\u00e9dit. Heureusement que le ridicule ne tue pas, on aurait 577 morts \u00e0 d\u00e9plorer.\u00a0\u00bb<\/p>\n<p><a href=\"https:\/\/www.20minutes.fr\/economie\/budget\/\" class=\"c-link c-btn c-btn--primary\" target=\"_blank\" rel=\"noopener\">Notre dossier sur le budget 2026<\/a><\/p>\n<p>\u00c2g\u00e9 de 43 ans, Harold Huwart est le fils de Fran\u00e7ois Huwart, ancien secr\u00e9taire d\u2019\u00c9tat au Commerce ext\u00e9rieur de Lionel Jospin, et le petit-fils de Robert Huwart, ancien maire comme lui de Nogent-le-Rotrou. Membre <a href=\"https:\/\/www.20minutes.fr\/dossier\/parti_radical\" class=\"c-link c-link--is-underlined\" target=\"_blank\" rel=\"noopener\">du Parti radical de gauche<\/a>, le d\u00e9put\u00e9 avait assur\u00e9 en\u00a02011 la direction de la campagne de Jean-Michel Baylet, candidat \u00e0 la primaire citoyenne pour la pr\u00e9sidentielle de\u00a02012.<\/p>\n<p>Il a ensuite contribu\u00e9 \u00e0 la r\u00e9daction du programme de Fran\u00e7ois Hollande avant de collaborer au sein de plusieurs cabinets minist\u00e9riels aux c\u00f4t\u00e9s de Jean-Marc Ayrault, Marylise Lebranchu ou Michel Sapin.<\/p>\n","protected":false},"excerpt":{"rendered":"404 voix contre, 84 absentions et un seul vote pour. A la quasi-unanimit\u00e9, les d\u00e9put\u00e9s ont vot\u00e9 sans&hellip;\n","protected":false},"author":2,"featured_media":551754,"comment_status":"","ping_status":"","sticky":false,"template":"","format":"standard","meta":{"footnotes":""},"categories":[2],"tags":[47,11,416,1003,7343,422,1939,1011,27,12,316,41282],"class_list":{"0":"post-551753","1":"post","2":"type-post","3":"status-publish","4":"format-standard","5":"has-post-thumbnail","7":"category-actualites","8":"tag-actualite","9":"tag-actualites","10":"tag-assemblee-nationale","11":"tag-budget","12":"tag-centre-val-de-loire","13":"tag-depute","14":"tag-eure-et-loir","15":"tag-fr","16":"tag-france","17":"tag-news","18":"tag-politique","19":"tag-prg"},"share_on_mastodon":{"url":"https:\/\/pubeurope.com\/@fr\/115594502103497373","error":""},"_links":{"self":[{"href":"https:\/\/www.europesays.com\/fr\/wp-json\/wp\/v2\/posts\/551753","targetHints":{"allow":["GET"]}}],"collection":[{"href":"https:\/\/www.europesays.com\/fr\/wp-json\/wp\/v2\/posts"}],"about":[{"href":"https:\/\/www.europesays.com\/fr\/wp-json\/wp\/v2\/types\/post"}],"author":[{"embeddable":true,"href":"https:\/\/www.europesays.com\/fr\/wp-json\/wp\/v2\/users\/2"}],"replies":[{"embeddable":true,"href":"https:\/\/www.europesays.com\/fr\/wp-json\/wp\/v2\/comments?post=551753"}],"version-history":[{"count":0,"href":"https:\/\/www.europesays.com\/fr\/wp-json\/wp\/v2\/posts\/551753\/revisions"}],"wp:featuredmedia":[{"embeddable":true,"href":"https:\/\/www.europesays.com\/fr\/wp-json\/wp\/v2\/media\/551754"}],"wp:attachment":[{"href":"https:\/\/www.europesays.com\/fr\/wp-json\/wp\/v2\/media?parent=551753"}],"wp:term":[{"taxonomy":"category","embeddable":true,"href":"https:\/\/www.europesays.com\/fr\/wp-json\/wp\/v2\/categories?post=551753"},{"taxonomy":"post_tag","embeddable":true,"href":"https:\/\/www.europesays.com\/fr\/wp-json\/wp\/v2\/tags?post=551753"}],"curies":[{"name":"wp","href":"https:\/\/api.w.org\/{rel}","templated":true}]}}