{"id":551757,"date":"2025-11-22T17:22:17","date_gmt":"2025-11-22T17:22:17","guid":{"rendered":"https:\/\/www.europesays.com\/fr\/551757\/"},"modified":"2025-11-22T17:22:17","modified_gmt":"2025-11-22T17:22:17","slug":"une-adjointe-pete-un-cable-au-conseil-decole-de-jacquard","status":"publish","type":"post","link":"https:\/\/www.europesays.com\/fr\/551757\/","title":{"rendered":"une adjointe p\u00e8te un c\u00e2ble au conseil d\u2019\u00e9cole de Jacquard"},"content":{"rendered":"<p>\u00c0 l\u2019\u00e9cole de Jacquard, comme dans toutes les \u00e9coles, les enseignants apprennent aux enfants \u00e0 ne pas dire de gros mots. On ignore dans quel \u00e9tablissement scolaire Pascale Lacour, adjointe aux commerces, a suivi sa scolarit\u00e9, mais elle n\u2019a visiblement pas retenu la le\u00e7on.<\/p>\n<p>Mardi 4\u00a0novembre, c\u2019est jour de conseil d\u2019\u00e9cole \u00e0 Jacquard. Pascale Lacour repr\u00e9sente la mairie. Une vingtaine de parents d\u2019\u00e9l\u00e8ves et enseignants sont pr\u00e9sents \u00e0 cette r\u00e9union, qui ne va pas se d\u00e9rouler comme pr\u00e9vu.<\/p>\n<p>Les repr\u00e9sentants des parents&#8230;<\/p>\n","protected":false},"excerpt":{"rendered":"\u00c0 l\u2019\u00e9cole de Jacquard, comme dans toutes les \u00e9coles, les enseignants apprennent aux enfants \u00e0 ne pas dire&hellip;\n","protected":false},"author":2,"featured_media":551758,"comment_status":"","ping_status":"","sticky":false,"template":"","format":"standard","meta":{"footnotes":""},"categories":[9653],"tags":[1111,11,2430,7539,1057,1777,674,107,1011,27,3367,10425,12,25,4001,7538],"class_list":{"0":"post-551757","1":"post","2":"type-post","3":"status-publish","4":"format-standard","5":"has-post-thumbnail","7":"category-saint-etienne","8":"tag-actu","9":"tag-actualites","10":"tag-auvergne-rhone-alpes","11":"tag-edition-loire-sud","12":"tag-education","13":"tag-eu","14":"tag-europe","15":"tag-fil-info","16":"tag-fr","17":"tag-france","18":"tag-loire","19":"tag-maternelle-elementaire","20":"tag-news","21":"tag-republique-francaise","22":"tag-saint-etienne","23":"tag-saint-etienne-ville"},"share_on_mastodon":{"url":"https:\/\/pubeurope.com\/@fr\/115594509885527667","error":""},"_links":{"self":[{"href":"https:\/\/www.europesays.com\/fr\/wp-json\/wp\/v2\/posts\/551757","targetHints":{"allow":["GET"]}}],"collection":[{"href":"https:\/\/www.europesays.com\/fr\/wp-json\/wp\/v2\/posts"}],"about":[{"href":"https:\/\/www.europesays.com\/fr\/wp-json\/wp\/v2\/types\/post"}],"author":[{"embeddable":true,"href":"https:\/\/www.europesays.com\/fr\/wp-json\/wp\/v2\/users\/2"}],"replies":[{"embeddable":true,"href":"https:\/\/www.europesays.com\/fr\/wp-json\/wp\/v2\/comments?post=551757"}],"version-history":[{"count":0,"href":"https:\/\/www.europesays.com\/fr\/wp-json\/wp\/v2\/posts\/551757\/revisions"}],"wp:featuredmedia":[{"embeddable":true,"href":"https:\/\/www.europesays.com\/fr\/wp-json\/wp\/v2\/media\/551758"}],"wp:attachment":[{"href":"https:\/\/www.europesays.com\/fr\/wp-json\/wp\/v2\/media?parent=551757"}],"wp:term":[{"taxonomy":"category","embeddable":true,"href":"https:\/\/www.europesays.com\/fr\/wp-json\/wp\/v2\/categories?post=551757"},{"taxonomy":"post_tag","embeddable":true,"href":"https:\/\/www.europesays.com\/fr\/wp-json\/wp\/v2\/tags?post=551757"}],"curies":[{"name":"wp","href":"https:\/\/api.w.org\/{rel}","templated":true}]}}