{"id":551761,"date":"2025-11-22T17:25:23","date_gmt":"2025-11-22T17:25:23","guid":{"rendered":"https:\/\/www.europesays.com\/fr\/551761\/"},"modified":"2025-11-22T17:25:23","modified_gmt":"2025-11-22T17:25:23","slug":"basket-les-espoirs-du-sluc-nancy-nont-pas-fait-le-poids-face-au-mans","status":"publish","type":"post","link":"https:\/\/www.europesays.com\/fr\/551761\/","title":{"rendered":"Basket. Les espoirs du SLUC Nancy n\u2019ont pas fait le poids face au Mans"},"content":{"rendered":"<p>SLUC &#8211; Le Mans<\/p>\n<p>65-83<\/p>\n<p>Alors qu\u2019ils menaient 8-0 d\u2019entr\u00e9e, les espoirs nanc\u00e9iens ont ensuite d\u00e9jou\u00e9 dans le deuxi\u00e8me quart-temps pour finalement se retrouver en position d\u00e9licate. Ainsi apr\u00e8s avoir encaiss\u00e9 un lourd 3-17 (25-33, 18e), les joueurs de Pierre Verdi\u00e8re semblaient \u00e0 la peine avant la mi-temps. M\u00eame les rebonds \u00e9taient souvent \u00e0 l\u2019avantage des Manceaux.<\/p>\n<p>Les Nanc\u00e9iens faisaient alors leur possible (61-70, 36e), mais l\u2019\u00e9cart \u00e9tait toujours r\u00e9dhibitoire \u00e0 la faveur de Manceaux qui se contentaient de parfaitement g\u00e9rer. C\u2019est la 8e  d\u00e9faite de la saison du SLUC dans le championnat espoirs (65-83).<\/p>\n<p class=\"note\"><strong>Les marqueurs<br \/><\/strong><strong>SLUC :<\/strong> Kalubi, Laubouet (13 points), Seesie, Munongo, Chaney (20), Chammartin, Issa Pavy (7), Dayas (3), Nfomoum Lomby (16), Moller (0), N\u2019Kouka (6), Modestine <br \/><strong>Le Mans :<\/strong> Cognet, Simonovic (7), Grasshoff (22), Diaby (11), Simonovic (2), Durand (12), Beracou (14), Penda (10), Nguyen (5)<\/p>\n","protected":false},"excerpt":{"rendered":"SLUC &#8211; Le Mans 65-83 Alors qu\u2019ils menaient 8-0 d\u2019entr\u00e9e, les espoirs nanc\u00e9iens ont ensuite d\u00e9jou\u00e9 dans le&hellip;\n","protected":false},"author":2,"featured_media":551762,"comment_status":"","ping_status":"","sticky":false,"template":"","format":"standard","meta":{"footnotes":""},"categories":[9635],"tags":[1111,11,1791,1704,1777,674,107,1701,1011,27,775,1702,1703,12,25,11567,517,1700],"class_list":{"0":"post-551761","1":"post","2":"type-post","3":"status-publish","4":"format-standard","5":"has-post-thumbnail","7":"category-nancy","8":"tag-actu","9":"tag-actualites","10":"tag-basket-ball","11":"tag-edition-nancy-et-agglomeration","12":"tag-eu","13":"tag-europe","14":"tag-fil-info","15":"tag-fil-info-sport","16":"tag-fr","17":"tag-france","18":"tag-grand-est","19":"tag-nancy","20":"tag-nancy-ville-54b","21":"tag-news","22":"tag-republique-francaise","23":"tag-sluc","24":"tag-sport","25":"tag-sport-lorrain"},"share_on_mastodon":{"url":"https:\/\/pubeurope.com\/@fr\/115594521871712548","error":""},"_links":{"self":[{"href":"https:\/\/www.europesays.com\/fr\/wp-json\/wp\/v2\/posts\/551761","targetHints":{"allow":["GET"]}}],"collection":[{"href":"https:\/\/www.europesays.com\/fr\/wp-json\/wp\/v2\/posts"}],"about":[{"href":"https:\/\/www.europesays.com\/fr\/wp-json\/wp\/v2\/types\/post"}],"author":[{"embeddable":true,"href":"https:\/\/www.europesays.com\/fr\/wp-json\/wp\/v2\/users\/2"}],"replies":[{"embeddable":true,"href":"https:\/\/www.europesays.com\/fr\/wp-json\/wp\/v2\/comments?post=551761"}],"version-history":[{"count":0,"href":"https:\/\/www.europesays.com\/fr\/wp-json\/wp\/v2\/posts\/551761\/revisions"}],"wp:featuredmedia":[{"embeddable":true,"href":"https:\/\/www.europesays.com\/fr\/wp-json\/wp\/v2\/media\/551762"}],"wp:attachment":[{"href":"https:\/\/www.europesays.com\/fr\/wp-json\/wp\/v2\/media?parent=551761"}],"wp:term":[{"taxonomy":"category","embeddable":true,"href":"https:\/\/www.europesays.com\/fr\/wp-json\/wp\/v2\/categories?post=551761"},{"taxonomy":"post_tag","embeddable":true,"href":"https:\/\/www.europesays.com\/fr\/wp-json\/wp\/v2\/tags?post=551761"}],"curies":[{"name":"wp","href":"https:\/\/api.w.org\/{rel}","templated":true}]}}