{"id":55177,"date":"2025-04-26T20:03:19","date_gmt":"2025-04-26T20:03:19","guid":{"rendered":"https:\/\/www.europesays.com\/fr\/55177\/"},"modified":"2025-04-26T20:03:19","modified_gmt":"2025-04-26T20:03:19","slug":"bretagne-jeunes-de-judo-par-equipes-le-cpb-rennes-rafle-deux-titres-sur-quatre","status":"publish","type":"post","link":"https:\/\/www.europesays.com\/fr\/55177\/","title":{"rendered":"Bretagne jeunes de judo par \u00e9quipes\u00a0: le CPB Rennes rafle deux titres sur quatre"},"content":{"rendered":"<p>Championnats de Bretagne par \u00e9quipes jeunes \u00e0 Plo\u00ebrmel<\/p>\n<p>Le CPB Rennes a d\u00e9montr\u00e9, ce samedi, \u00e0 Plo\u00ebrmel lors des championnats de Bretagne par \u00e9quipes benjamins, benjamines, cadets et cadettes, qu\u2019il \u00e9tait bien, du moins dans les cat\u00e9gories jeunes, le club le plus hupp\u00e9 de l\u2019Ouest. Un double titre chez les benjamines, une deuxi\u00e8me place en benjamins, un sans faute en cadets et une place dans les cinq premiers en cadettes. Pour Charly Menuet, responsables des cat\u00e9gories jeunes au CPB Rennes, \u00ab\u00a0l\u2019ensemble des r\u00e9sultats du jour ne constituent pas vraiment une surprise \u00e0 mes yeux. C\u2019est d\u2019abord la qualit\u00e9 de la formation au sein du club qui est la cons\u00e9quence de ces r\u00e9sultats.\u00a0\u00bb<\/p>\n<p>Le fait d\u2019associer \u00e9galement quelques autres combattants du bassin rennais \u00ab\u00a0contribue aussi \u00e0 notre capacit\u00e9 de pr\u00e9senter des \u00e9quipes \u00e0 fort potentiel\u00a0\u00bb ajoute ce dernier. Mais tout ce travail en amont traduit la volont\u00e9 du club \u00ab\u00a0de bien figurer lors des prochains championnats de France\u00a0\u00bb pr\u00e9cise encore le responsable rennais. Les championnats 2025 n\u2019auront donc rien \u00e0 envier aux mill\u00e9simes pr\u00e9c\u00e9dents. Pour Charly Menuet \u00ab\u00a0il y a une bonne g\u00e9n\u00e9ration, et on commence \u00e0 grappiller un peu de terrain sur cette cat\u00e9gorie cadet avec une belle coh\u00e9sion.\u00a0\u00bb<\/p>\n<p class=\"titre-tech\">Les r\u00e9sultats<\/p>\n<p class=\"tech\"><strong class=\"tech\">Benjamins\u00a0: <\/strong>1. CPB Rennes 1\u00a0; 2. CPB Rennes 2\/Judo Ouest Rennais\u00a0; 3. Dojo Pays Saint-Renan\u00a0; 4.Judo Club du Pays Gallo\u00a0; 5. Judo Club 56 Vannes\u00a0: 6. Passion Judo 35\u00a0; 7\u00a0? Dojo C\u00f4te de Granit St-Brieuc\u00a0; 7. Amical judo Morbihan.<\/p>\n<p class=\"tech\"><strong class=\"tech\">Benjamines\u00a0: <\/strong>1. Dojo Vitr\u00e9en\/Janz\u00e9\/Chateaugiron\u00a0; 2. CPB Rennes 1. Ouest Rennais\u00a0; 3. Dojo des Abers\u00a0; 4. Dojo Pays Saint-Renan\u00a0; 5. Amical Dojo Morbihan\u00a0; 6. CPB Rennes 2\u00a0; 7. Kumo 1\u00a0; 8. CPB Rennes 3.<\/p>\n<p class=\"tech\"><strong class=\"tech\">Cadets\u00a0: <\/strong>1. CPB Rennes\u00a0; 2. Dojo C\u00f4te de Granit St-Brieuc\u00a0; 3. Kawatokan St-Gr\u00e9goire\u00a0; 4. Dojo Pays de Lorient.<\/p>\n<p class=\"tech\"><strong class=\"tech\">Cadettes\u00a0: <\/strong>1. AL Foug\u00e8res\u00a0; 2. Judo Club du Pays Gallo\u00a0; 3. Dojo de Cornouaille\u00a0; 4. Dojo des Abers\u00a0; 5. CPB Rennes\u00a0; 6. Yffiniac Judo\u00a0; 7. Dojo Vitre\u00e9en\u00a0; 8. Kawatokan St-Gr\u00e9goire.<\/p>\n","protected":false},"excerpt":{"rendered":"Championnats de Bretagne par \u00e9quipes jeunes \u00e0 Plo\u00ebrmel Le CPB Rennes a d\u00e9montr\u00e9, ce samedi, \u00e0 Plo\u00ebrmel lors&hellip;\n","protected":false},"author":2,"featured_media":55178,"comment_status":"","ping_status":"","sticky":false,"template":"","format":"standard","meta":{"footnotes":""},"categories":[2821],"tags":[1111,11,829,3166,1777,674,1011,27,13739,12,14972,584,25,60],"class_list":{"0":"post-55177","1":"post","2":"type-post","3":"status-publish","4":"format-standard","5":"has-post-thumbnail","7":"category-rennes","8":"tag-actu","9":"tag-actualites","10":"tag-bretagne","11":"tag-en-continu-sports","12":"tag-eu","13":"tag-europe","14":"tag-fr","15":"tag-france","16":"tag-judo","17":"tag-news","18":"tag-ploermel","19":"tag-rennes","20":"tag-republique-francaise","21":"tag-sports"},"share_on_mastodon":{"url":"https:\/\/pubeurope.com\/@fr\/114406057796875851","error":""},"_links":{"self":[{"href":"https:\/\/www.europesays.com\/fr\/wp-json\/wp\/v2\/posts\/55177","targetHints":{"allow":["GET"]}}],"collection":[{"href":"https:\/\/www.europesays.com\/fr\/wp-json\/wp\/v2\/posts"}],"about":[{"href":"https:\/\/www.europesays.com\/fr\/wp-json\/wp\/v2\/types\/post"}],"author":[{"embeddable":true,"href":"https:\/\/www.europesays.com\/fr\/wp-json\/wp\/v2\/users\/2"}],"replies":[{"embeddable":true,"href":"https:\/\/www.europesays.com\/fr\/wp-json\/wp\/v2\/comments?post=55177"}],"version-history":[{"count":0,"href":"https:\/\/www.europesays.com\/fr\/wp-json\/wp\/v2\/posts\/55177\/revisions"}],"wp:featuredmedia":[{"embeddable":true,"href":"https:\/\/www.europesays.com\/fr\/wp-json\/wp\/v2\/media\/55178"}],"wp:attachment":[{"href":"https:\/\/www.europesays.com\/fr\/wp-json\/wp\/v2\/media?parent=55177"}],"wp:term":[{"taxonomy":"category","embeddable":true,"href":"https:\/\/www.europesays.com\/fr\/wp-json\/wp\/v2\/categories?post=55177"},{"taxonomy":"post_tag","embeddable":true,"href":"https:\/\/www.europesays.com\/fr\/wp-json\/wp\/v2\/tags?post=55177"}],"curies":[{"name":"wp","href":"https:\/\/api.w.org\/{rel}","templated":true}]}}