{"id":551773,"date":"2025-11-22T17:32:18","date_gmt":"2025-11-22T17:32:18","guid":{"rendered":"https:\/\/www.europesays.com\/fr\/551773\/"},"modified":"2025-11-22T17:32:18","modified_gmt":"2025-11-22T17:32:18","slug":"un-quotidien-a-se-demander-ou-vous-allez-vivre-demain","status":"publish","type":"post","link":"https:\/\/www.europesays.com\/fr\/551773\/","title":{"rendered":"un quotidien \u00e0 \u00ab\u00a0se demander o\u00f9 vous allez vivre demain \u00bb"},"content":{"rendered":"<p>                    Par<br \/>\n        <strong><br \/>\n            <a href=\"https:\/\/actu.fr\/auteur\/lily-dedeye\" title=\"Consulter tous les articles de Lily Dedeye\" target=\"_blank\" rel=\"noopener\">Lily Dedeye<\/a><br \/>\n                    <\/strong><\/p>\n<p>        Publi\u00e9 le<\/p>\n<p>            22 nov. 2025 \u00e0 17h16        <\/p>\n<p>Arda et Anil ne se connaissaient pas en arrivant en France. Ce sont leurs difficult\u00e9s pour se loger en ao\u00fbt 2025 qui les ont rapproch\u00e9s.\u00a0En 2024, Arda et Anil, tous deux originaires d\u2019Istanbul et passionn\u00e9s de litt\u00e9rature fran\u00e7aise ont<strong> l\u2019opportunit\u00e9 avec leur universit\u00e9 turque<\/strong> de venir \u00e9tudier un an <a href=\"https:\/\/actu.fr\/normandie\/rouen_76540\" target=\"_blank\" rel=\"noopener\">\u00e0 Rouen<\/a> pour un \u00e9change universitaire. \u00ab\u00a0Nous \u00e9tions super contents. La France c\u2019\u00e9tait un objectif pour nous. Cela fait des ann\u00e9es que je lis Sartre, Baudelaire\u2026\u00a0\u00bb, raconte Arda. Les d\u00e9marches \u00e9tant bien encadr\u00e9es pour les Erasmus, ils trouvent facilement une chambre gr\u00e2ce au <a href=\"https:\/\/actu.fr\/tag\/crous\" target=\"_blank\" rel=\"noopener\">Crous Normandie<\/a> et viennent \u00e9tudier sereinement \u00e0 Rouen pendant un an. <strong>Jusqu\u2019au jour o\u00f9\u2026<\/strong><\/p>\n<p>\u00ab\u00a0Le Crous a fait de nous des sans abri\u00a0\u00bb<\/p>\n<p class=\" wall-content\">Mais en ao\u00fbt dernier, la situation bascule. Les deux amis, accept\u00e9s \u00e0 l\u2019universit\u00e9 de Rouen pour continuer des \u00e9tudes en France, <strong>sont expuls\u00e9s de leur chambre \u00e9tudiante<\/strong>. \u00ab\u00a0Nous avions chang\u00e9 de statut. Nous passions d\u2019\u00e9tudiants Erasmus \u00e0 \u00e9tudiants classiques. Donc ils nous ont demand\u00e9 de quitter les lieux sous dix jours et de repostuler pour une chambre\u00a0\u00bb, explique Arda. \u00ab\u00a0On a repostul\u00e9 mais <strong>notre dossier a \u00e9t\u00e9 refus\u00e9<\/strong>. Ils nous ont dit qu\u2019il n\u2019y avait plus de place et qu\u2019il fallait se mettre sur liste d\u2019attente\u00a0\u00bb, compl\u00e8te Anil.<\/p>\n<p class=\" wall-content\">Anil et Arda patientent quelque temps sur liste d\u2019attente mais rien ne bouge. Au bout de deux semaines, la date d\u2019expulsion approchant \u00e0 grand pas, les deux amis entament des d\u00e9marches pour retrouver un logement. \u00ab\u00a0On a pris contact avec le Crous, on a expliqu\u00e9 la situation, <strong>ils nous ont dit qu\u2019il n\u2019y avait pas de place<\/strong> pour le moment et qu\u2019il fallait encore patienter\u00a0\u00bb, t\u00e9moigne Anil. \u00ab\u00a0Mais quand on regardait sur leur site,<strong> on voyait bien qu\u2019il y avait des chambres<\/strong> disponibles\u00a0\u00bb, s\u2019indigne Arda. \u00ab\u00a0On leur a dit et ils ont r\u00e9torqu\u00e9 que ces chambres \u00e9taient r\u00e9serv\u00e9es aux boursiers ou aux Fran\u00e7ais qui avaient un dossier social \u00e9tudiant\u00a0\u00bb.\u00a0\u00a0<\/p>\n<p>De multiples efforts pour se reloger\u00a0<\/p>\n<p class=\" wall-content\">Fin ao\u00fbt, les deux amis sont contraints de quitter leur logement. <strong>Un ami accepte de les h\u00e9berger temporairement<\/strong>. Mais la situation n\u2019est pas viable sur le long terme. \u00ab\u00a0Vous vous imaginez ? Vous vous r\u00e9veillez tous les jours sur le canap\u00e9 de votre ami, vous ouvrez tous les matins votre valise pour vous habiller\u00a0\u00bb, d\u00e9crit Arda. \u00ab\u00a0Rester quelques jours chez quelqu\u2019un, \u00e7a va. Mais apr\u00e8s plusieurs semaines, vous commencez \u00e0 sentir que vous d\u00e9rangez\u00a0\u00bb, rench\u00e9rit Anil.\u00a0<\/p>\n<p class=\" wall-content\">Les semaines passent. La situation ne se d\u00e9bloque pas pour les \u00e9tudiants, qui chaque jour redoublent d\u2019efforts pour trouver un moyen de se reloger. \u00ab\u00a0On est all\u00e9 au Crous <strong>peut-\u00eatre 20, 30 fois en deux mois.<\/strong> La dame de l\u2019accueil n\u2019avait aucune empathie et nous disait de chercher un Airbnb ou une chambre priv\u00e9e. Mais vous pensez vraiment que si j\u2019avais les moyens de prendre un Airbnb je m\u2019emb\u00eaterais \u00e0 faire toutes ces d\u00e9marches ?\u00a0\u00bb, souligne Arda. \u00ab\u00a0Et pour les chambres priv\u00e9es ou colocations, il faut un garant. Comme nous sommes \u00e9trangers, nous n\u2019en avons pas\u00a0\u00bb, explique Anil.<\/p>\n<p>L\u2019aide du maire<\/p>\n<p class=\" wall-content\">Apr\u00e8s deux mois de combat, Arda a fini par retrouver un logement.<strong> \u00ab\u00a0J\u2019ai harcel\u00e9 le maire\u00a0\u00bb<\/strong>, explique-t-il, mails \u00e0 l\u2019appui. Il me disait d\u2019arr\u00eater de lui \u00e9crire mais \u00e0 quel moment quand vous \u00eates sans abri vous allez vous arr\u00eater d\u2019\u00e9crire ? Et j\u2019ai bien fait car il a fini par \u00e9crire au Crous et ils m\u2019ont trouv\u00e9 une chambre.\u00a0\u00bb\u00a0<\/p>\n<p>Votre r\u00e9gion, votre actu !<\/p>\n<p>Recevez chaque jour les infos qui comptent pour vous.<\/p>\n<p>\t<a href=\"https:\/\/actu.fr\/newsletter\" class=\"ac-btn ac-btn--corner ac-btn--medium ac-btn--blue800\" target=\"_blank\" rel=\"noopener\">S&rsquo;incrire<\/a><\/p>\n<p class=\" wall-content\">Anil, de son c\u00f4t\u00e9, est toujours en recherche de logement et cette situation a fortement impact\u00e9 sa sant\u00e9 mentale et physique. \u00ab\u00a0J\u2019ai perdu 14 kilos, <strong>je prends des anti-d\u00e9presseurs<\/strong> et je pense que si je ne trouve aucune solution d\u2019ici la fin de l\u2019ann\u00e9e, je rentrerais chez moi\u2019, confie-t-il. \u00ab\u00a0Ce semestre a \u00e9t\u00e9 du g\u00e2chis pour nous deux, vous ne pouvez rien apprendre quand vous vous r\u00e9veillez le matin en vous demandant o\u00f9 vous allez vivre demain\u00a0\u00bb, dit Arda.<\/p>\n<blockquote class=\"ac-article-quote wall-content\">\n<p>On racontait notre histoire aux gens, ils disaient qu&rsquo;ils nous comprenaient. Mais personne ne peut comprendre ce que cela fait d&rsquo;\u00eatre sans abri dans un pays \u00e9tranger.<\/p>\n<p>    <strong>Arda<\/strong><br \/>\n        Etudiant en sciences du langage \u00e0 l&rsquo;universit\u00e9 de Rouen    <\/p><\/blockquote>\n<p>T\u00e9moigner pour les autres<\/p>\n<p class=\" wall-content\">Aujourd\u2019hui les deux amis qui s\u2019estimaient si chanceux de venir en France, sont d\u00e9\u00e7us par le pays : \u00ab\u00a0On dit que la France est un pays riche mais elle met des \u00e9tudiants \u00e9trangers \u00e0 la rue\u00a0\u00bb, regrette Anil. \u00ab\u00a0Libert\u00e9, \u00e9galit\u00e9, fraternit\u00e9\u2026 je ne vois pas d\u2019\u00e9galit\u00e9 l\u00e0-dedans\u00a0\u00bb, finit Arda.<\/p>\n<p class=\" wall-content\">\u00c0 ce jour, leur situation semble presque r\u00e9solue mais beaucoup d\u2019\u00e9tudiants \u00e9trangers se retrouvent face \u00e0 des contraintes similaires. C\u2019est pour eux qu\u2019ils ont souhait\u00e9 t\u00e9moigner.\u00a0<\/p>\n<p class=\" wall-content\">Contact\u00e9 pour faire le point sur la situation, le Crous n\u2019a pour l\u2019heure pas donn\u00e9 suite \u00e0 nos sollicitations.<\/p>\n<p>Suivez l\u2019actualit\u00e9 de Rouen <a href=\"https:\/\/www.whatsapp.com\/channel\/0029VaKfnf99hXF2ddApFB1D\" target=\"_blank\" rel=\"noopener\">sur notre cha\u00eene WhatsApp<\/a> et <a href=\"https:\/\/www.tiktok.com\/@76actu.fr?lang=fr\" target=\"_blank\" rel=\"noopener\">sur notre compte TikTok<\/a><\/p>\n<p class=\" wall-content\">Personnalisez votre actualit\u00e9 en ajoutant vos villes et m\u00e9dias en favori avec <a href=\"https:\/\/moncompte.actu.fr\" title=\"D\u00e9couvez Mon Actu\" rel=\"nofollow noopener\" data-trk=\"{&quot;cta&quot;:{&quot;action&quot;:&quot;https:\\\/\\\/moncompte.actu.fr&quot;,&quot;category&quot;:&quot;mon compte&quot;,&quot;from&quot;:&quot;article footer&quot;,&quot;name&quot;:&quot;Mon actu&quot;,&quot;type&quot;:&quot;cta&quot;}}\" target=\"_blank\">Mon Actu<\/a>.<\/p>\n<p>                    <script async src=\"\/\/www.tiktok.com\/embed.js\"><\/script><\/p>\n","protected":false},"excerpt":{"rendered":"Par Lily Dedeye Publi\u00e9 le 22 nov. 2025 \u00e0 17h16 Arda et Anil ne se connaissaient pas en&hellip;\n","protected":false},"author":2,"featured_media":551774,"comment_status":"","ping_status":"","sticky":false,"template":"","format":"standard","meta":{"footnotes":""},"categories":[9587],"tags":[1111,11,13684,1064,1777,674,1011,27,1908,12,5161,25,9590,104],"class_list":{"0":"post-551773","1":"post","2":"type-post","3":"status-publish","4":"format-standard","5":"has-post-thumbnail","7":"category-rouen","8":"tag-actu","9":"tag-actualites","10":"tag-crous","11":"tag-etudiantses","12":"tag-eu","13":"tag-europe","14":"tag-fr","15":"tag-france","16":"tag-logement","17":"tag-news","18":"tag-normandie","19":"tag-republique-francaise","20":"tag-rouen","21":"tag-societe"},"share_on_mastodon":{"url":"https:\/\/pubeurope.com\/@fr\/115594549167264876","error":""},"_links":{"self":[{"href":"https:\/\/www.europesays.com\/fr\/wp-json\/wp\/v2\/posts\/551773","targetHints":{"allow":["GET"]}}],"collection":[{"href":"https:\/\/www.europesays.com\/fr\/wp-json\/wp\/v2\/posts"}],"about":[{"href":"https:\/\/www.europesays.com\/fr\/wp-json\/wp\/v2\/types\/post"}],"author":[{"embeddable":true,"href":"https:\/\/www.europesays.com\/fr\/wp-json\/wp\/v2\/users\/2"}],"replies":[{"embeddable":true,"href":"https:\/\/www.europesays.com\/fr\/wp-json\/wp\/v2\/comments?post=551773"}],"version-history":[{"count":0,"href":"https:\/\/www.europesays.com\/fr\/wp-json\/wp\/v2\/posts\/551773\/revisions"}],"wp:featuredmedia":[{"embeddable":true,"href":"https:\/\/www.europesays.com\/fr\/wp-json\/wp\/v2\/media\/551774"}],"wp:attachment":[{"href":"https:\/\/www.europesays.com\/fr\/wp-json\/wp\/v2\/media?parent=551773"}],"wp:term":[{"taxonomy":"category","embeddable":true,"href":"https:\/\/www.europesays.com\/fr\/wp-json\/wp\/v2\/categories?post=551773"},{"taxonomy":"post_tag","embeddable":true,"href":"https:\/\/www.europesays.com\/fr\/wp-json\/wp\/v2\/tags?post=551773"}],"curies":[{"name":"wp","href":"https:\/\/api.w.org\/{rel}","templated":true}]}}