{"id":551775,"date":"2025-11-22T17:35:03","date_gmt":"2025-11-22T17:35:03","guid":{"rendered":"https:\/\/www.europesays.com\/fr\/551775\/"},"modified":"2025-11-22T17:35:03","modified_gmt":"2025-11-22T17:35:03","slug":"gagnez-vos-entrees-au-spa-dair-et-deau-a-grenoble","status":"publish","type":"post","link":"https:\/\/www.europesays.com\/fr\/551775\/","title":{"rendered":"Gagnez vos entr\u00e9es au Spa d\u2019air et d\u2019eau \u00e0 Grenoble"},"content":{"rendered":"<p>Cette semaine, Max Radio vous offre vos entr\u00e9es au spa d&rsquo;air et d&rsquo;eau \u00e0 Grenoble.<\/p>\n<p>\u00c0 votre rythme, passez des remous d\u00e9lassants du spa aux vapeurs enveloppantes du hammam&#8230;  <br \/>Pour votre d\u00e9tente, le Spa d&rsquo;air &amp; d&rsquo;eau vous propose un grand espace dans lequel vous pouvez librement aller de l&rsquo;un \u00e0 l&rsquo;autre de quatre types de bain: <\/p>\n<p>&#8211; Le bain \u00e0 remous (jacuzzi) avec un puissant bouillonnement de bulles, chauff\u00e9 \u00e0 36\u00b0 en hiver <br \/>&#8211; Le bain baln\u00e9o semblable \u00e0 une mini-piscine temp\u00e9r\u00e9e \u00e0 32,5\u00b0 <br \/>&#8211; Le bain de vapeur humide \u00e0 41\u00b0 (hammam) <br \/>&#8211; Le bain de chaleur s\u00e8che \u00e0 65\u00b0 ( sauna \u00e0 rayonnement infra-rouge) <\/p>\n<p>Pour le bien-\u00eatre de tous, le nombre de personnes dans l&rsquo;espace baignade est limit\u00e9 \u00e0 8 au maximum, le calme et le chuchotement sont demand\u00e9s \u00e0 chacun. <\/p>\n<p>Pour jouer et gagner, \u00e9coutez Gardez le Rythme entre 10h et 13h sur Max Radio, et au lancement jeu de l&rsquo;animateur, appelez le standard 04 76 76 98 00<\/p>\n<p>(jeu antenne du 24\/11\/2025 au 28\/11\/2025)<\/p>\n<p><\/p>\n<p>Jouez aussi en remplissant le formulaire en bas de page<\/p>\n<p>Plus de d\u00e9tails sur le site <a class=\"url\" href=\"https:\/\/www.dairetdeau.fr\/tarifs-spa.html\" target=\"_blank\" rel=\"noopener\">dairetdeau.fr<\/a><\/p>\n<p><b>Suivez-nous aussi sur les r\u00e9seaux sociaux : <a class=\"url\" href=\"https:\/\/www.facebook.com\/MAXRADIOGRENOBLE\" target=\"_blank\" rel=\"noopener\">Facebook Max Radio<\/a>, <a class=\"url\" href=\"https:\/\/www.instagram.com\/max__radio\/\" target=\"_blank\" rel=\"noopener\">Instagram max__radio<\/a>, <a class=\"url\" href=\"https:\/\/x.com\/maxfmgrenoble\" target=\"_blank\">X @maxfmgrenoble<\/a> et <a class=\"url\" href=\"https:\/\/www.linkedin.com\/company\/maxradiogrenoble\/\" target=\"_blank\" rel=\"noopener\">LinkedIn Max Radio<\/a>.<\/b><\/p>\n<p><b>T\u00e9l\u00e9chargez gratuitement l&rsquo;application Max Radio sur <a class=\"url\" href=\"https:\/\/apps.apple.com\/fr\/app\/max-radio\/id1643119751\" target=\"_blank\" rel=\"noopener\">App Store<\/a> ou <a class=\"url\" href=\"https:\/\/play.google.com\/store\/apps\/details?id=radio.max.app.android&amp;hl=fr\" target=\"_blank\" rel=\"noopener\">Google Play<\/a>.<\/b><\/p>\n<p>\n<script async src=\"\/\/www.instagram.com\/embed.js\"><\/script><\/p>\n","protected":false},"excerpt":{"rendered":"Cette semaine, Max Radio vous offre vos entr\u00e9es au spa d&rsquo;air et d&rsquo;eau \u00e0 Grenoble. \u00c0 votre rythme,&hellip;\n","protected":false},"author":2,"featured_media":551776,"comment_status":"","ping_status":"","sticky":false,"template":"","format":"standard","meta":{"footnotes":""},"categories":[9566],"tags":[1111,11,2430,903,66907,1777,674,1011,27,7683,2731,1197,23889,12,25,66906,4984],"class_list":{"0":"post-551775","1":"post","2":"type-post","3":"status-publish","4":"format-standard","5":"has-post-thumbnail","7":"category-grenoble","8":"tag-actu","9":"tag-actualites","10":"tag-auvergne-rhone-alpes","11":"tag-concours","12":"tag-dtente","13":"tag-eu","14":"tag-europe","15":"tag-fr","16":"tag-france","17":"tag-gagner","18":"tag-grenoble","19":"tag-jeu","20":"tag-massage","21":"tag-news","22":"tag-republique-francaise","23":"tag-rituels-dcouvertes","24":"tag-soins"},"share_on_mastodon":{"url":"https:\/\/pubeurope.com\/@fr\/115594561149679847","error":""},"_links":{"self":[{"href":"https:\/\/www.europesays.com\/fr\/wp-json\/wp\/v2\/posts\/551775","targetHints":{"allow":["GET"]}}],"collection":[{"href":"https:\/\/www.europesays.com\/fr\/wp-json\/wp\/v2\/posts"}],"about":[{"href":"https:\/\/www.europesays.com\/fr\/wp-json\/wp\/v2\/types\/post"}],"author":[{"embeddable":true,"href":"https:\/\/www.europesays.com\/fr\/wp-json\/wp\/v2\/users\/2"}],"replies":[{"embeddable":true,"href":"https:\/\/www.europesays.com\/fr\/wp-json\/wp\/v2\/comments?post=551775"}],"version-history":[{"count":0,"href":"https:\/\/www.europesays.com\/fr\/wp-json\/wp\/v2\/posts\/551775\/revisions"}],"wp:featuredmedia":[{"embeddable":true,"href":"https:\/\/www.europesays.com\/fr\/wp-json\/wp\/v2\/media\/551776"}],"wp:attachment":[{"href":"https:\/\/www.europesays.com\/fr\/wp-json\/wp\/v2\/media?parent=551775"}],"wp:term":[{"taxonomy":"category","embeddable":true,"href":"https:\/\/www.europesays.com\/fr\/wp-json\/wp\/v2\/categories?post=551775"},{"taxonomy":"post_tag","embeddable":true,"href":"https:\/\/www.europesays.com\/fr\/wp-json\/wp\/v2\/tags?post=551775"}],"curies":[{"name":"wp","href":"https:\/\/api.w.org\/{rel}","templated":true}]}}