{"id":551784,"date":"2025-11-22T17:45:39","date_gmt":"2025-11-22T17:45:39","guid":{"rendered":"https:\/\/www.europesays.com\/fr\/551784\/"},"modified":"2025-11-22T17:45:39","modified_gmt":"2025-11-22T17:45:39","slug":"trams-et-bus-modifies-pendant-le-marche-de-noel-de-strasbourg-2025-voici-le-detail","status":"publish","type":"post","link":"https:\/\/www.europesays.com\/fr\/551784\/","title":{"rendered":"trams et bus modifi\u00e9s pendant le march\u00e9 de No\u00ebl de Strasbourg 2025, voici le d\u00e9tail"},"content":{"rendered":"<p>                    Par<br \/>\n        <strong><br \/>\n            <a href=\"https:\/\/actu.fr\/auteur\/thomas-blanc\" title=\"Consulter tous les articles de Thomas Blanc\" target=\"_blank\" rel=\"noopener\">Thomas Blanc<\/a><br \/>\n                    <\/strong><\/p>\n<p>        Publi\u00e9 le<\/p>\n<p>            22 nov. 2025 \u00e0 18h04        <\/p>\n<p>\u00c0 l\u2019occasion du <a href=\"https:\/\/actu.fr\/tag\/marche-de-noel-de-strasbourg\" target=\"_blank\" rel=\"noopener\">march\u00e9 de No\u00ebl<\/a> (du 26\u00a0novembre au 24\u00a0d\u00e9cembre), la circulation dans le centre-ville de <a href=\"https:\/\/actu.fr\/strasbourg\/\" target=\"_blank\" rel=\"noopener\">Strasbourg<\/a> sera plus complexe que d\u2019habitude. La <a href=\"https:\/\/actu.fr\/tag\/compagnie-des-transports-strasbourgeois-cts\" target=\"_blank\" rel=\"noopener\">Compagnie des transports strasbourgeois (CTS)<\/a> a, pour cela, <strong>adapt\u00e9 son offre de transport<\/strong> pour r\u00e9pondre aux besoins des locaux et des visiteurs. Elle l\u2019a d\u00e9taill\u00e9 dans un communiqu\u00e9 publi\u00e9 le mardi 18 novembre.<\/p>\n<p>Un tram quasi absent de la Grande-\u00cele mais renforc\u00e9 dans sa fr\u00e9quence<\/p>\n<p class=\" wall-content\">Sur la Grande-\u00cele, les tramways ne s\u2019arr\u00eateront <strong>qu\u2019\u00e0 la station Homme de Fer<\/strong>. Les stations\u00a0Broglie, Alt Winm\u00e4rik et Langstross Grand\u2019Rue ne seront <strong>pas desservies<\/strong> pendant les horaires d\u2019ouverture du march\u00e9 (11h30 \u00e0 21h00). La CTS rappelle que <a href=\"https:\/\/actu.fr\/grand-est\/strasbourg_67482\/marche-de-noel-de-strasbourg-tout-savoir-du-dispositif-de-securite-mis-en-place-cette-annee_63453885.html\" target=\"_blank\" rel=\"noopener\">des fouilles seront possibles<\/a> \u00e0 la sortie du tram \u00e0 Homme de Fer.<\/p>\n<p class=\" wall-content\">Les stations les plus proches de l\u2019hypercentre seront donc <strong>R\u00e9publique<\/strong> (ligne B, C et F), <strong>Porte de l\u2019H\u00f4pital<\/strong> (ligne A et D) et <strong>Faubourg National<\/strong> (ligne B et F).<\/p>\n<p class=\" wall-content\">Mais, pour r\u00e9pondre \u00e0 la forte affluence attendue, notamment les week-ends, \u00ab\u2009des renforts d\u2019offre sont pr\u00e9vus sur plusieurs lignes de tram\u2009\u00bb.<\/p>\n<p class=\" wall-content\">Les samedis 29 novembre, 6, 13 et 20 d\u00e9cembre 2025, il faudra compter un tram toutes les <strong>6 \u00e0 8\u00a0minutes<\/strong>\u00a0environ sur les lignes (sauf la F). Les dimanches 30\u00a0novembre, 7, 14 et 21\u00a0d\u00e9cembre 2025, un tram <strong>toutes les 10\u00a0minutes<\/strong> \u00e0 partir de 11h00 sur toutes les lignes (sauf la F).<\/p>\n<p>Le r\u00e9seau de bus modifi\u00e9<\/p>\n<p class=\" wall-content\">Pour les bus, ces modifications d\u2019itin\u00e9raires seront effectives tous les jours jusqu\u2019au<strong> 26 d\u00e9cembre<\/strong>\u2009:<\/p>\n<ul class=\" wall-content\">\n<li><strong>La ligne de bus C8<\/strong> effectuera son terminus \u00e0 l\u2019arr\u00eat \u00c9toile Bourse. Le terminus porte de l\u2019H\u00f4pital ne sera pas desservi.<\/li>\n<li><strong>La ligne C3<\/strong> effectuera son terminus \u00e0 l\u2019arr\u00eat Ancienne Synagogue Les Halles, rue du Marais Vert, sp\u00e9cifiquement am\u00e9nag\u00e9 durant le March\u00e9 de No\u00ebl.<\/li>\n<li><strong>Les lignes C6 et C9<\/strong> effectueront leur bascule, dans les deux sens de circulation, \u00e0 la station R\u00e9publique. Exceptionnellement, elles desserviront les arr\u00eats Faubourg de Pierre et Place de Pierre en direction du Nord et les arr\u00eats Palais des F\u00eates et Vosges Oberlin en direction de R\u00e9publique. Les arr\u00eats Les Halles Pont de Paris et Wilson Les Halles ne seront pas desservis.<\/li>\n<li><strong>Les lignes 71, 73, 75 et 76<\/strong> effectueront leur terminus \u00e0 l\u2019arr\u00eat Les Halles Marais Vert apr\u00e8s avoir desservi le nouvel arr\u00eat Les Halles Square, situ\u00e9 rue du Travail.<\/li>\n<\/ul>\n<p>Votre r\u00e9gion, votre actu !<\/p>\n<p>Recevez chaque jour les infos qui comptent pour vous.<\/p>\n<p>\t<a href=\"https:\/\/actu.fr\/newsletter\" class=\"ac-btn ac-btn--corner ac-btn--medium ac-btn--blue800\" target=\"_blank\" rel=\"noopener\">S&rsquo;incrire<\/a><\/p>\n<p class=\" wall-content\">Pour les automobilistes, le P+R \u00e9ph\u00e9m\u00e8re du Z\u00e9nith revient cette ann\u00e9e, associ\u00e9 \u00e0 une navette directe vers le centre-ville les week-ends.<\/p>\n<p class=\" wall-content\">\u00c0 noter que, comme tous les ans, le r\u00e9seau CTS sera interrompu <strong>\u00e0 partir de 19h le mercredi 24\u00a0d\u00e9cembre.<\/strong><\/p>\n<p class=\" wall-content\">Personnalisez votre actualit\u00e9 en ajoutant vos villes et m\u00e9dias en favori avec <a href=\"https:\/\/moncompte.actu.fr\" title=\"D\u00e9couvez Mon Actu\" rel=\"nofollow noopener\" data-trk=\"{&quot;cta&quot;:{&quot;action&quot;:&quot;https:\\\/\\\/moncompte.actu.fr&quot;,&quot;category&quot;:&quot;mon compte&quot;,&quot;from&quot;:&quot;article footer&quot;,&quot;name&quot;:&quot;Mon actu&quot;,&quot;type&quot;:&quot;cta&quot;}}\" target=\"_blank\">Mon Actu<\/a>.<\/p>\n","protected":false},"excerpt":{"rendered":"Par Thomas Blanc Publi\u00e9 le 22 nov. 2025 \u00e0 18h04 \u00c0 l\u2019occasion du march\u00e9 de No\u00ebl (du 26\u00a0novembre&hellip;\n","protected":false},"author":2,"featured_media":551785,"comment_status":"","ping_status":"","sticky":false,"template":"","format":"standard","meta":{"footnotes":""},"categories":[2820],"tags":[1111,11,7344,1777,674,1011,27,775,56596,12,25,104,640,2803],"class_list":{"0":"post-551784","1":"post","2":"type-post","3":"status-publish","4":"format-standard","5":"has-post-thumbnail","7":"category-strasbourg","8":"tag-actu","9":"tag-actualites","10":"tag-compagnie-des-transports-strasbourgeois-cts","11":"tag-eu","12":"tag-europe","13":"tag-fr","14":"tag-france","15":"tag-grand-est","16":"tag-marche-de-noel-de-strasbourg","17":"tag-news","18":"tag-republique-francaise","19":"tag-societe","20":"tag-strasbourg","21":"tag-transport"},"share_on_mastodon":{"url":"https:\/\/pubeurope.com\/@fr\/115594600271011776","error":""},"_links":{"self":[{"href":"https:\/\/www.europesays.com\/fr\/wp-json\/wp\/v2\/posts\/551784","targetHints":{"allow":["GET"]}}],"collection":[{"href":"https:\/\/www.europesays.com\/fr\/wp-json\/wp\/v2\/posts"}],"about":[{"href":"https:\/\/www.europesays.com\/fr\/wp-json\/wp\/v2\/types\/post"}],"author":[{"embeddable":true,"href":"https:\/\/www.europesays.com\/fr\/wp-json\/wp\/v2\/users\/2"}],"replies":[{"embeddable":true,"href":"https:\/\/www.europesays.com\/fr\/wp-json\/wp\/v2\/comments?post=551784"}],"version-history":[{"count":0,"href":"https:\/\/www.europesays.com\/fr\/wp-json\/wp\/v2\/posts\/551784\/revisions"}],"wp:featuredmedia":[{"embeddable":true,"href":"https:\/\/www.europesays.com\/fr\/wp-json\/wp\/v2\/media\/551785"}],"wp:attachment":[{"href":"https:\/\/www.europesays.com\/fr\/wp-json\/wp\/v2\/media?parent=551784"}],"wp:term":[{"taxonomy":"category","embeddable":true,"href":"https:\/\/www.europesays.com\/fr\/wp-json\/wp\/v2\/categories?post=551784"},{"taxonomy":"post_tag","embeddable":true,"href":"https:\/\/www.europesays.com\/fr\/wp-json\/wp\/v2\/tags?post=551784"}],"curies":[{"name":"wp","href":"https:\/\/api.w.org\/{rel}","templated":true}]}}