{"id":551786,"date":"2025-11-22T17:47:18","date_gmt":"2025-11-22T17:47:18","guid":{"rendered":"https:\/\/www.europesays.com\/fr\/551786\/"},"modified":"2025-11-22T17:47:18","modified_gmt":"2025-11-22T17:47:18","slug":"qui-etait-le-pretre-alfred-daumas-qui-va-etre-honore-tres-bientot-a-nice","status":"publish","type":"post","link":"https:\/\/www.europesays.com\/fr\/551786\/","title":{"rendered":"qui \u00e9tait le pr\u00eatre Alfred Daumas, qui va \u00eatre honor\u00e9 tr\u00e8s bient\u00f4t \u00e0 Nice ?"},"content":{"rendered":"<p class=\"fs-5 \">Sans le savoir, sur les trottoirs que nous empruntons quotidiennement, se sont nou\u00e9s des <strong>drames innommables <\/strong>et des <strong>actes d\u2019un h\u00e9ro\u00efsme inou\u00ef<\/strong>. Durant la Seconde Guerre mondiale et l\u2019occupation de Nice, il y a seulement huit d\u00e9cennies, sur le palier de notre immeuble, parfois m\u00eame au c\u0153ur de notre appartement, des mains hideuses, haineuses ont rafl\u00e9 des familles enti\u00e8res, quand des<strong> r\u00e9sistants \u00e0 l\u2019immense courage <\/strong>\u0153uvraient en secret \u00e0 la chute du nazisme.<\/p>\n<p class=\"fs-5 \">Pour que l\u2019oubli et la routine n\u2019alt\u00e8rent en rien ces moments d\u2019Histoire, des plaques fleurissent un peu partout \u00e0 l\u2019angle des rues. Comme au <strong>37, boulevard Carabacel<\/strong>, o\u00f9 le marbre figera, ce <strong>vendredi 28 novembre 2025 \u00e0 18 heures<\/strong>, l\u2019arrestation par la Gestapo du<strong> pr\u00eatre Alfred Daumas, le 11 novembre 1943<\/strong>.<\/p>\n<p class=\"fs-5 \">\u00ab En plus de g\u00e9rer les \u0153uvres sociales du dioc\u00e8se, il aide \u00e0 exfiltrer des juifs \u00e9trangers et des r\u00e9fugi\u00e9s politiques \u00bb, retrace Jean-Marc Giaume. L\u2019adjoint au maire d\u00e9l\u00e9gu\u00e9 \u00e0 la Culture scientifique milite de longue date pour c\u00e9l\u00e9brer la m\u00e9moire de celui qui sera fait <strong>pr\u00e9lat d\u2019honneur<\/strong> puis <strong>Juste parmi les Nations<\/strong>.<\/p>\n<p>            <img src=\"https:\/\/www.europesays.com\/fr\/wp-content\/uploads\/2025\/11\/e613a5d_upload-from-url-1-dg24xt0sqoyv-archive-photo-1-77186-7718670.jpg\"   loading=\"lazy\" decoding=\"async\" alt=\"Comment Nice s'est lib\u00e9r\u00e9e des occupants allemands avant l'arriv\u00e9e des Alli\u00e9s. \" class=\"img-fluid position-absolute w-100 object-fit-cover rounded-2\" width=\"600\" height=\"400\"\/><\/p>\n<p>                                                                                Dans des caches, attendre des faux papiers<\/p>\n<p class=\"fs-5 \">Un parcours \u00e9difiant qui d\u00e9bute certainement en d\u00e9cembre 1942, lorsque l\u2019homme d\u2019\u00c9glise, alors trentenaire, est <strong>approch\u00e9 par des membres du r\u00e9seau Andr\u00e9 Gart<\/strong>, baptis\u00e9 selon le surnom de guerre de Joseph Bass.<\/p>\n<p class=\"fs-5 \">Apr\u00e8s avoir \u00e9tabli des relais dans tout le sud-est de la France, ce r\u00e9sistant juif, n\u00e9 en Lituanie, cherche \u00e0 s\u2019ancrer sur Nice. En l\u2019engageant comme <strong>\u00ab conseiller technique \u00bb<\/strong>, le p\u00e8re Daumas lui offre une couverture id\u00e9ale pour mener \u00e0 bien ses missions. C\u2019est donc depuis les bureaux de l\u2019\u0152uvre que les comparses organisent convoyages et mises \u00e0 l\u2019abri.<\/p>\n<p class=\"fs-5 \">Dans des caches provisoires en ville ou des maisons s\u00fbres du haut pays, des dizaines(1) d\u2019exil\u00e9s traqu\u00e9s attendent de faux papiers leur ouvrant la fronti\u00e8re de meilleurs lendemains, loin de la France vichyste et de ses rafles.<\/p>\n<p>            <img src=\"https:\/\/www.europesays.com\/fr\/wp-content\/uploads\/2025\/11\/868d397_upload-from-url-1-tabqhu69ke8e-data-art-13989355-mqh2iqfr.jpg\"   loading=\"lazy\" decoding=\"async\" alt=\"\" class=\"img-fluid position-absolute w-100 object-fit-cover rounded-2\" width=\"600\" height=\"400\"\/><\/p>\n<p>                                                                                <strong>En septembre 1943, l\u2019arriv\u00e9e des soldats nazis change la donne<\/strong><\/p>\n<p class=\"fs-5 \">Mais en septembre 1943, le filet antis\u00e9mite se resserre avec le remplacement des fascistes italiens abdicataires par les troupes allemandes.<\/p>\n<p class=\"fs-5 \"><strong>Sous les ordres du Waffen-SS<\/strong> Alois Brunner,<strong> les arrestations se multiplient<\/strong>. D\u00e9but novembre, Alfred Daumas n\u2019y \u00e9chappe pas. Proche des progressistes, aum\u00f4nier des syndicats chr\u00e9tiens, il n\u2019est gu\u00e8re appr\u00e9ci\u00e9 des franges p\u00e9tainistes du dioc\u00e8se et des milieux collaborationnistes. Dans la voiture qui le conduit au palais de l\u2019Hermitage, o\u00f9 les services de renseignement vont l\u2019interroger,<strong> le religieux se croit certainement trahi par un d\u00e9lateur<\/strong>.<\/p>\n<p class=\"fs-5 \">Peut-\u00eatre s\u2019imagine-t-il d\u00e9j\u00e0 condamn\u00e9 \u00e0 subir torture et d\u00e9portation. <a href=\"https:\/\/www.nicematin.com\/societe\/histoire\/une-ceremonie-a-nice-pour-robert-thivin-ce-resistant-mort-sous-la-torture-des-nazis-il-y-a-81-ans-jour-pour-jour-971531\" rel=\"nofollow noopener\" target=\"_blank\">Trop nombreux sont les camarades d\u00e9j\u00e0 emport\u00e9s par la nuit et le brouillard<\/a>.<\/p>\n<p class=\"fs-5 \">Malgr\u00e9 tout, <strong>face aux officiers nazis qui le questionnent durant pr\u00e8s de quatre heures<\/strong>, sa foi en l\u2019homme et en Dieu ne flanche pas. Au p\u00e9ril de sa vie, pour sauver celles des autres, <strong>il ne livrera aucun nom<\/strong>. Faute de preuves \u00e0 son encontre et sous la pression de Monseigneur R\u00e9mond, il sera finalement rel\u00e2ch\u00e9. \u00c0 peine la libert\u00e9 recouvr\u00e9e, le rescap\u00e9 d\u00e9p\u00eache un \u00e9missaire j\u00e9suite \u00e0 Marseille. Intervention salutaire sans laquelle Joseph Bass aurait sans doute \u00e9t\u00e9 captur\u00e9 puis assassin\u00e9.<\/p>\n<p>                                                                                Fomente la Lib\u00e9ration du 28 ao\u00fbt<\/p>\n<p class=\"fs-5 \">Avoir tutoy\u00e9 la mort en aurait d\u00e9courag\u00e9 plus d\u2019un. Il n\u2019en fut rien pour ces r\u00e9sistants. Quelques mois apr\u00e8s sa m\u00e9saventure, Alfred Daumas devient, dans le d\u00e9partement, le <strong>n\u00b02 du Front national de lutte pour la lib\u00e9ration et l\u2019ind\u00e9pendance de la France<\/strong>.<\/p>\n<p class=\"fs-5 \">C\u2019est \u00e0 ce titre qu\u2019il participe au comit\u00e9 insurrectionnel et fomente les ultimes combats du 28 ao\u00fbt 1944, o\u00f9 l\u2019occupant sera d\u00e9finitivement bout\u00e9 hors de Nice.<\/p>\n<p class=\"fs-5 \">S\u2019ouvre ensuite le temps de la reconstruction. Tout un pays est \u00e0 repenser. C\u2019est donc fort de sa popularit\u00e9 que le <strong>pr\u00eatre humaniste<\/strong> tente l\u2019aventure politique en se pr\u00e9sentant aux <strong>\u00e9lections l\u00e9gislatives d\u2019octobre 1945<\/strong>. Mais sans l\u2019appui d\u2019un parti, l\u2019\u00e9lectron libre ne r\u00e9colte que 6 % des voix. Une gifle. Le grand homme \u00e0 l\u2019imposante stature et au verbe haut se fera dor\u00e9navant plus discret sur la sc\u00e8ne publique.<\/p>\n<p>                                                                                Bless\u00e9 par l\u2019injustice, mais port\u00e9 par l\u2019humanisme<\/p>\n<p class=\"fs-5 \">\u00ab Sa bont\u00e9 \u00e9tait immense. Mais en priv\u00e9, c\u2019\u00e9tait un homme bless\u00e9 par de terribles injustices \u00bb, confie Michel Castello, dont la famille a accueilli le religieux des d\u00e9cennies durant.<\/p>\n<p class=\"fs-5 \">L\u2019historien Jean-Louis Panicacci, sp\u00e9cialiste de la p\u00e9riode, acquiesce : \u00ab Lors de mes entretiens avec Alfred Daumas, j\u2019ai not\u00e9 ses divergences vis-\u00e0-vis de l\u2019\u00e9v\u00eaque Paul R\u00e9mond. Bien qu\u2019ayant sauv\u00e9 des enfants juifs, ce dernier \u00e9tait p\u00e9tainiste. S\u2019il avait d\u00e9couvert que l\u2019un de ses pr\u00eatres faisait de la r\u00e9sistance, il aurait envisag\u00e9 de le r\u00e9voquer sur-le-champ. \u00bb<\/p>\n<p>            <img src=\"https:\/\/www.europesays.com\/fr\/wp-content\/uploads\/2025\/11\/524656e_upload-from-url-1-onty2ye2u63g-data-art-14003787-gsxkbek0.jpg\"   loading=\"lazy\" decoding=\"async\" alt=\"\" class=\"img-fluid position-absolute w-100 object-fit-cover rounded-2\" width=\"600\" height=\"400\"\/><\/p>\n<p class=\"fs-5 \">Le d\u00e9c\u00e8s du pr\u00e9lat n\u2019apaisera pas les ressentiments. Son successeur, Monseigneur Jean Mouisset, tentera en vain de r\u00e9habiliter son confr\u00e8re\u2026 qui refusera toute fonction \u00e9minente. Il acceptera tout de m\u00eame d\u2019\u00eatre fait pr\u00e9lat d\u2019honneur de Sa saintet\u00e9 en 1960, puis Commandeur de la L\u00e9gion d\u2019Honneur en 1975.<\/p>\n<p class=\"fs-5 \"><strong>De ses ann\u00e9es r\u00e9sistantes, Alfred Daumas ne laissera aucun \u00e9crit<\/strong>, pr\u00e9f\u00e9rant dispenser de brillantes conf\u00e9rences et \u0153uvrer \u00e0 la m\u00e9moire de son fraternel ami, Ren\u00e9 Cassin, principal inspirateur de la D\u00e9claration Universelle des Droits de l\u2019Homme.<\/p>\n<p class=\"fs-5 \">En 1987, en partie gr\u00e2ce au concours du pr\u00eatre, la d\u00e9pouille du <strong>Prix Nobel de la paix<\/strong> est transf\u00e9r\u00e9e au Panth\u00e9on. Les deux fid\u00e8les compagnons seront r\u00e9unis dans le tombeau national, lorsque les Justes y feront symboliquement leur entr\u00e9e, en 2007. En effet, un an apr\u00e8s sa mort en 1997, Alfred Daumas sera reconnu par Yad Vashem comme un phare humaniste dans la nuit inhumaine.<\/p>\n<p class=\"fs-5 \">(1). Aucune source ne permet d\u2019identifier avec certitude la quantit\u00e9 de personnes secourues. L\u2019historien Jean-Louis Panicacci estime leur nombre entre quarante et cinquante.<\/p>\n","protected":false},"excerpt":{"rendered":"Sans le savoir, sur les trottoirs que nous empruntons quotidiennement, se sont nou\u00e9s des drames innommables et des&hellip;\n","protected":false},"author":2,"featured_media":551787,"comment_status":"","ping_status":"","sticky":false,"template":"","format":"standard","meta":{"footnotes":""},"categories":[2819],"tags":[1111,11,1777,674,1011,27,12,2401,882,25],"class_list":{"0":"post-551786","1":"post","2":"type-post","3":"status-publish","4":"format-standard","5":"has-post-thumbnail","7":"category-nice","8":"tag-actu","9":"tag-actualites","10":"tag-eu","11":"tag-europe","12":"tag-fr","13":"tag-france","14":"tag-news","15":"tag-nice","16":"tag-provence-alpes-cote-dazur","17":"tag-republique-francaise"},"share_on_mastodon":{"url":"https:\/\/pubeurope.com\/@fr\/115594609102794751","error":""},"_links":{"self":[{"href":"https:\/\/www.europesays.com\/fr\/wp-json\/wp\/v2\/posts\/551786","targetHints":{"allow":["GET"]}}],"collection":[{"href":"https:\/\/www.europesays.com\/fr\/wp-json\/wp\/v2\/posts"}],"about":[{"href":"https:\/\/www.europesays.com\/fr\/wp-json\/wp\/v2\/types\/post"}],"author":[{"embeddable":true,"href":"https:\/\/www.europesays.com\/fr\/wp-json\/wp\/v2\/users\/2"}],"replies":[{"embeddable":true,"href":"https:\/\/www.europesays.com\/fr\/wp-json\/wp\/v2\/comments?post=551786"}],"version-history":[{"count":0,"href":"https:\/\/www.europesays.com\/fr\/wp-json\/wp\/v2\/posts\/551786\/revisions"}],"wp:featuredmedia":[{"embeddable":true,"href":"https:\/\/www.europesays.com\/fr\/wp-json\/wp\/v2\/media\/551787"}],"wp:attachment":[{"href":"https:\/\/www.europesays.com\/fr\/wp-json\/wp\/v2\/media?parent=551786"}],"wp:term":[{"taxonomy":"category","embeddable":true,"href":"https:\/\/www.europesays.com\/fr\/wp-json\/wp\/v2\/categories?post=551786"},{"taxonomy":"post_tag","embeddable":true,"href":"https:\/\/www.europesays.com\/fr\/wp-json\/wp\/v2\/tags?post=551786"}],"curies":[{"name":"wp","href":"https:\/\/api.w.org\/{rel}","templated":true}]}}