{"id":551788,"date":"2025-11-22T17:48:13","date_gmt":"2025-11-22T17:48:13","guid":{"rendered":"https:\/\/www.europesays.com\/fr\/551788\/"},"modified":"2025-11-22T17:48:13","modified_gmt":"2025-11-22T17:48:13","slug":"direct-nationale-nice-veut-rebondir-face-a-albi-regardez-le-choc-de-la-12e-journee","status":"publish","type":"post","link":"https:\/\/www.europesays.com\/fr\/551788\/","title":{"rendered":"DIRECT. Nationale : Nice veut rebondir face \u00e0 Albi, regardez le choc de la 12e journ\u00e9e"},"content":{"rendered":"<p>\n                Bonjour et bienvenue sur Rugbyrama pour suivre le match de la 12e journ\u00e9e de Nationale entre Nice et Albi.\u00a0\n            <\/p>\n<p>Dans une Nationale plus comp\u00e9titive que jamais, le duel entre Nice et Albi, ce samedi 22 novembre, s\u2019annonce comme l\u2019un des sommets du week-end. Deux pr\u00e9tendants aux places d\u2019honneur, deux styles affirm\u00e9s, et un contexte d\u00e9j\u00e0 \u00e9lectrique. Nice, ambitieux et solide \u00e0 domicile, entend confirmer son renouveau en s\u2019appuyant sur une d\u00e9fense herm\u00e9tique et un pragmatisme efficace.<\/p>\n<p>En face, Albi d\u00e9barque avec l\u2019une des meilleures attaques du championnat, d\u00e9termin\u00e9e \u00e0 frapper un grand coup loin de ses bases. Au-del\u00e0 des points, c\u2019est un test de caract\u00e8re : les Ni\u00e7ois veulent asseoir leur statut, les Albigeois prouver qu\u2019ils peuvent s\u2019imposer chez un gros. Intensit\u00e9, engagement et enjeu maximal : tout indique que ce Nice\u2013Albi pourrait bien devenir l\u2019un des temps forts de la saison de Nationale.<\/p>\n","protected":false},"excerpt":{"rendered":"Bonjour et bienvenue sur Rugbyrama pour suivre le match de la 12e journ\u00e9e de Nationale entre Nice et&hellip;\n","protected":false},"author":2,"featured_media":551789,"comment_status":"","ping_status":"","sticky":false,"template":"","format":"standard","meta":{"footnotes":""},"categories":[2819],"tags":[1111,11,1777,674,1011,27,12,2401,882,25],"class_list":{"0":"post-551788","1":"post","2":"type-post","3":"status-publish","4":"format-standard","5":"has-post-thumbnail","7":"category-nice","8":"tag-actu","9":"tag-actualites","10":"tag-eu","11":"tag-europe","12":"tag-fr","13":"tag-france","14":"tag-news","15":"tag-nice","16":"tag-provence-alpes-cote-dazur","17":"tag-republique-francaise"},"share_on_mastodon":{"url":"https:\/\/pubeurope.com\/@fr\/115594612238137415","error":""},"_links":{"self":[{"href":"https:\/\/www.europesays.com\/fr\/wp-json\/wp\/v2\/posts\/551788","targetHints":{"allow":["GET"]}}],"collection":[{"href":"https:\/\/www.europesays.com\/fr\/wp-json\/wp\/v2\/posts"}],"about":[{"href":"https:\/\/www.europesays.com\/fr\/wp-json\/wp\/v2\/types\/post"}],"author":[{"embeddable":true,"href":"https:\/\/www.europesays.com\/fr\/wp-json\/wp\/v2\/users\/2"}],"replies":[{"embeddable":true,"href":"https:\/\/www.europesays.com\/fr\/wp-json\/wp\/v2\/comments?post=551788"}],"version-history":[{"count":0,"href":"https:\/\/www.europesays.com\/fr\/wp-json\/wp\/v2\/posts\/551788\/revisions"}],"wp:featuredmedia":[{"embeddable":true,"href":"https:\/\/www.europesays.com\/fr\/wp-json\/wp\/v2\/media\/551789"}],"wp:attachment":[{"href":"https:\/\/www.europesays.com\/fr\/wp-json\/wp\/v2\/media?parent=551788"}],"wp:term":[{"taxonomy":"category","embeddable":true,"href":"https:\/\/www.europesays.com\/fr\/wp-json\/wp\/v2\/categories?post=551788"},{"taxonomy":"post_tag","embeddable":true,"href":"https:\/\/www.europesays.com\/fr\/wp-json\/wp\/v2\/tags?post=551788"}],"curies":[{"name":"wp","href":"https:\/\/api.w.org\/{rel}","templated":true}]}}