{"id":55179,"date":"2025-04-26T20:04:09","date_gmt":"2025-04-26T20:04:09","guid":{"rendered":"https:\/\/www.europesays.com\/fr\/55179\/"},"modified":"2025-04-26T20:04:09","modified_gmt":"2025-04-26T20:04:09","slug":"strasbourg-une-manifestation-politique-pour-la-visibilite-lesbienne","status":"publish","type":"post","link":"https:\/\/www.europesays.com\/fr\/55179\/","title":{"rendered":"Strasbourg. Une manifestation politique pour la visibilit\u00e9 lesbienne"},"content":{"rendered":"<p>\u00ab\u00a0Ma main pleine de bagues dans ta face pleine de haine\u00a0\u00bb, clame la pancarte de Marie et Pauline, deux jeunes participantes \u00e0 la marche de la visibilit\u00e9 lesbienne, samedi, place Kl\u00e9ber \u00e0 Strasbourg. Dans la face de qui\u00a0? \u00ab\u00a0Surtout des hommes\u00a0!\u00a0\u00bb, s\u2019esclaffent-elles. \u00ab\u00a0Ma m\u00e8re est compr\u00e9hensive, mais l\u2019amour lesbien n\u2019est pas bien accept\u00e9 dans la soci\u00e9t\u00e9. On en fait les frais par des remarques dans l\u2019espace public. Nous sommes doublement stigmatis\u00e9es\u00a0: en tant que femmes et lesbiennes\u00a0\u00bb, affirment-elles.<\/p>\n<p>Les participants sont majoritairement des jeunes gens de tout poil, look\u00e9s, maquill\u00e9s ou pas\u00a0: femmes, hommes, queer, trans\u2026 Avec sa barbe noire fournie, ses multiples piercings discrets sur tout le visage et sa longue jupe grise, Mateo trouve important de se rendre visible afin que \u00ab\u00a0tout le monde puisse s\u2019habiller comme il veut sans \u00eatre jug\u00e9\u00a0\u00bb. Qu\u2019il porte du vernis, du maquillage ou une robe, cela lui attire des remarques peu am\u00e8nes d\u2019autres hommes.<\/p>\n<p>  Secret entre les jambes<\/p>\n<p>\u00ab\u00a0Ce que j\u2019ai entre les jambes ne vous regarde pas\u00a0\u00bb, clame une pancarte. Les discours des organisateurs (les collectifs Ascendant Butch, FAGs, FemiGouin\u2019Fest et OST Strasbourg) sont bien plus v\u00e9h\u00e9ments, dans une veine assum\u00e9e \u00ab\u00a0trans-PD-gouines-queer\u00a0\u00bb\u00a0: opposition \u00e0 \u00ab\u00a0l\u2019h\u00e9t\u00e9ro-patriarcat capitaliste et raciste, au syst\u00e8me antifasciste et anticolonialiste\u00a0\u00bb, d\u00e9nonciation des violences \u00e0 l\u2019encontre des lesbiennes en demande d\u2019asile, des mutilations sur les personnes intersexes et de la psychiatrisation des parcours de transition, soutien \u00e0 toutes les lesbiennes (trans, voil\u00e9es, sans papiers), appel \u00e0 manifester en faveur des prisonniers politiques et \u00e0 s\u2019organiser contre la \u00ab\u00a0tendance r\u00e9actionnaire de la soci\u00e9t\u00e9\u00a0\u00bb.<\/p>\n<p>Venue pour soutenir ses amies, Marie, de Strasbourg, est plus apais\u00e9e\u00a0: \u00ab\u00a0Je n\u2019ai pas besoin de me sentir visible pour exister. Mais je comprends ce besoin de ne pas rester confin\u00e9es dans le lesbianisme pur, de se r\u00e9approprier l\u2019espace public en tant que femmes.\u00a0\u00bb<\/p>\n<p>Apais\u00e9 lui aussi, et m\u00eame festif\u00a0: les manifestants \u00e0 peine partis pour leur d\u00e9ambulation jusqu\u2019\u00e0 la place de l\u2019Universit\u00e9, un groupe de musique invit\u00e9 par l\u2019\u00c9glise de la Pentec\u00f4te, \u00e0 Neudorf, a fait danser un bout de la place Kl\u00e9ber aux rythmes de \u00ab\u00a0Seigneur J\u00e9sus, comment ne pas te louer\u00a0?\u00a0\u00bb.<\/p>\n","protected":false},"excerpt":{"rendered":"\u00ab\u00a0Ma main pleine de bagues dans ta face pleine de haine\u00a0\u00bb, clame la pancarte de Marie et Pauline,&hellip;\n","protected":false},"author":2,"featured_media":55180,"comment_status":"","ping_status":"","sticky":false,"template":"","format":"standard","meta":{"footnotes":""},"categories":[2820],"tags":[1111,11,2389,2649,2880,1777,674,6757,107,1011,27,775,12,25,104,640,2879],"class_list":{"0":"post-55179","1":"post","2":"type-post","3":"status-publish","4":"format-standard","5":"has-post-thumbnail","7":"category-strasbourg","8":"tag-actu","9":"tag-actualites","10":"tag-alsace","11":"tag-bas-rhin","12":"tag-edition-strasbourg","13":"tag-eu","14":"tag-europe","15":"tag-feminisme","16":"tag-fil-info","17":"tag-fr","18":"tag-france","19":"tag-grand-est","20":"tag-news","21":"tag-republique-francaise","22":"tag-societe","23":"tag-strasbourg","24":"tag-strasbourg-ville"},"share_on_mastodon":{"url":"https:\/\/pubeurope.com\/@fr\/114406061912302379","error":""},"_links":{"self":[{"href":"https:\/\/www.europesays.com\/fr\/wp-json\/wp\/v2\/posts\/55179","targetHints":{"allow":["GET"]}}],"collection":[{"href":"https:\/\/www.europesays.com\/fr\/wp-json\/wp\/v2\/posts"}],"about":[{"href":"https:\/\/www.europesays.com\/fr\/wp-json\/wp\/v2\/types\/post"}],"author":[{"embeddable":true,"href":"https:\/\/www.europesays.com\/fr\/wp-json\/wp\/v2\/users\/2"}],"replies":[{"embeddable":true,"href":"https:\/\/www.europesays.com\/fr\/wp-json\/wp\/v2\/comments?post=55179"}],"version-history":[{"count":0,"href":"https:\/\/www.europesays.com\/fr\/wp-json\/wp\/v2\/posts\/55179\/revisions"}],"wp:featuredmedia":[{"embeddable":true,"href":"https:\/\/www.europesays.com\/fr\/wp-json\/wp\/v2\/media\/55180"}],"wp:attachment":[{"href":"https:\/\/www.europesays.com\/fr\/wp-json\/wp\/v2\/media?parent=55179"}],"wp:term":[{"taxonomy":"category","embeddable":true,"href":"https:\/\/www.europesays.com\/fr\/wp-json\/wp\/v2\/categories?post=55179"},{"taxonomy":"post_tag","embeddable":true,"href":"https:\/\/www.europesays.com\/fr\/wp-json\/wp\/v2\/tags?post=55179"}],"curies":[{"name":"wp","href":"https:\/\/api.w.org\/{rel}","templated":true}]}}