{"id":551790,"date":"2025-11-22T17:49:15","date_gmt":"2025-11-22T17:49:15","guid":{"rendered":"https:\/\/www.europesays.com\/fr\/551790\/"},"modified":"2025-11-22T17:49:15","modified_gmt":"2025-11-22T17:49:15","slug":"assassinat-de-mehdi-kessaci-tout-le-monde-est-concerne-plus-de-350-personnes-a-nantes","status":"publish","type":"post","link":"https:\/\/www.europesays.com\/fr\/551790\/","title":{"rendered":"Assassinat de Mehdi Kessaci\u00a0: \u00ab\u00a0Tout le monde est concern\u00e9\u00a0\u00bb, plus de 350\u00a0personnes \u00e0 Nantes"},"content":{"rendered":"<p><strong>\u00ab\u00a0Le narcotrafic corrompt\u00a0; le narcotrafic tue.\u00a0\u00bb<\/strong> La voix d\u2019Amine Kessaci s\u2019\u00e9l\u00e8ve du haut-parleur pos\u00e9 au sol. Le cercle se forme. Les visages sont graves. <strong>\u00ab\u00a0Mehdi, Mehdi, Mehdi, mon fr\u00e8re, je suis inconsolable\u00a0; je demande la justice pour Mehdi, pour Brahim mon autre fr\u00e8re assassin\u00e9\u00a0; pour toutes les victimes.\u00a0\u00bb<\/strong><\/p>\n<p>La prise de parole en &#8230;<\/p>\n<p>\u00a0<\/p>\n","protected":false},"excerpt":{"rendered":"\u00ab\u00a0Le narcotrafic corrompt\u00a0; le narcotrafic tue.\u00a0\u00bb La voix d\u2019Amine Kessaci s\u2019\u00e9l\u00e8ve du haut-parleur pos\u00e9 au sol. Le cercle&hellip;\n","protected":false},"author":2,"featured_media":551791,"comment_status":"","ping_status":"","sticky":false,"template":"","format":"standard","meta":{"footnotes":""},"categories":[2818],"tags":[21726,1111,11,6744,19560,1777,674,1011,27,65188,33735,74,766,12,2636,3744,25,6689,9693],"class_list":{"0":"post-551790","1":"post","2":"type-post","3":"status-publish","4":"format-standard","5":"has-post-thumbnail","7":"category-nantes","8":"tag-21726","9":"tag-actu","10":"tag-actualites","11":"tag-assassinat","12":"tag-concerne","13":"tag-eu","14":"tag-europe","15":"tag-fr","16":"tag-france","17":"tag-kessaci","18":"tag-mehdi","19":"tag-monde","20":"tag-nantes","21":"tag-news","22":"tag-pays-de-la-loire","23":"tag-personnes","24":"tag-republique-francaise","25":"tag-roche","26":"tag-yon"},"share_on_mastodon":{"url":"https:\/\/pubeurope.com\/@fr\/115594616236304457","error":""},"_links":{"self":[{"href":"https:\/\/www.europesays.com\/fr\/wp-json\/wp\/v2\/posts\/551790","targetHints":{"allow":["GET"]}}],"collection":[{"href":"https:\/\/www.europesays.com\/fr\/wp-json\/wp\/v2\/posts"}],"about":[{"href":"https:\/\/www.europesays.com\/fr\/wp-json\/wp\/v2\/types\/post"}],"author":[{"embeddable":true,"href":"https:\/\/www.europesays.com\/fr\/wp-json\/wp\/v2\/users\/2"}],"replies":[{"embeddable":true,"href":"https:\/\/www.europesays.com\/fr\/wp-json\/wp\/v2\/comments?post=551790"}],"version-history":[{"count":0,"href":"https:\/\/www.europesays.com\/fr\/wp-json\/wp\/v2\/posts\/551790\/revisions"}],"wp:featuredmedia":[{"embeddable":true,"href":"https:\/\/www.europesays.com\/fr\/wp-json\/wp\/v2\/media\/551791"}],"wp:attachment":[{"href":"https:\/\/www.europesays.com\/fr\/wp-json\/wp\/v2\/media?parent=551790"}],"wp:term":[{"taxonomy":"category","embeddable":true,"href":"https:\/\/www.europesays.com\/fr\/wp-json\/wp\/v2\/categories?post=551790"},{"taxonomy":"post_tag","embeddable":true,"href":"https:\/\/www.europesays.com\/fr\/wp-json\/wp\/v2\/tags?post=551790"}],"curies":[{"name":"wp","href":"https:\/\/api.w.org\/{rel}","templated":true}]}}