{"id":551800,"date":"2025-11-22T17:54:11","date_gmt":"2025-11-22T17:54:11","guid":{"rendered":"https:\/\/www.europesays.com\/fr\/551800\/"},"modified":"2025-11-22T17:54:11","modified_gmt":"2025-11-22T17:54:11","slug":"toulouse-la-vente-de-cet-ancien-squat-promise-a-ses-benevoles-soudainement-repoussee-par-la-mairie","status":"publish","type":"post","link":"https:\/\/www.europesays.com\/fr\/551800\/","title":{"rendered":"Toulouse. La vente de cet ancien squat, promise \u00e0 ses b\u00e9n\u00e9voles, soudainement repouss\u00e9e par la Mairie"},"content":{"rendered":"<p>                    Par<br \/>\n        <strong><br \/>\n            <a href=\"https:\/\/actu.fr\/auteur\/mareva-laville-actu-fr\" title=\"Consulter tous les articles de Mar\u00e9va Laville\" rel=\"nofollow noopener\" target=\"_blank\">Mar\u00e9va Laville<\/a><br \/>\n                    <\/strong><\/p>\n<p>        Publi\u00e9 le<\/p>\n<p>            22 nov. 2025 \u00e0 18h46        <\/p>\n<p>La boucle devait \u00eatre boucl\u00e9e. Et apr\u00e8s huit ann\u00e9es de travaux, une trentaine d\u2019autres de militantisme et b\u00e9n\u00e9volat, <a href=\"https:\/\/actu.fr\/occitanie\/toulouse_31555\/operation-de-crowdfunding-pour-le-rachat-du-squat-culturel-la-chapelle-a-toulouse_3845195.html\" rel=\"nofollow noopener\" target=\"_blank\">des cagnottes capables de regrouper des milliers d\u2019euros<\/a> pour retaper <strong>l\u2019ancienne chapelle Sainte-Jeanne d\u2019Arc<\/strong>, situ\u00e9e derri\u00e8re le Conseil d\u00e9partemental, l\u2019association <a href=\"https:\/\/actu.fr\/occitanie\/toulouse_31555\/le-plus-vieux-squat-de-toulouse-veut-devenir-eternel-cette-asso-lance-une-campagne-d-achat-collectif_61715771.html\" rel=\"nofollow noopener\" target=\"_blank\">La Chapelle devait \u00ab\u2009enfin\u2009\u00bb \u00eatre propri\u00e9taire de ce <strong>vieux squat toulousain<\/strong><\/a>, devenu un v\u00e9ritable <strong>lieu alternatif \u00e0 Toulouse.<\/strong><br \/>C\u2019\u00e9tait le deal conclu avec la Mairie, \u00e0 qui le Dioc\u00e8se avait vendu le site. En 2018, une <strong>promesse de vente<\/strong> avait \u00e9t\u00e9 sign\u00e9e par Jean-Luc Moudenc en m\u00eame temps que <a href=\"https:\/\/actu.fr\/occitanie\/toulouse_31555\/toulouse-chapelle-plus-vieux-squat-france-rentre-dans-legalite_15155999.html\" rel=\"nofollow noopener\" target=\"_blank\">le bail emphyt\u00e9otique<\/a> (bail permettant \u00e0 l\u2019association d\u2019avoir les droits et devoirs d\u2019un propri\u00e9taire pendant 40\u00a0ans). Celle-ci devait alors lieu officiellement en septembre dernier, mais a \u00e9t\u00e9 report\u00e9e \u00e0 une date inconnue. \u00ab\u2009Sans raison expliqu\u00e9e\u2009\u00bb, s\u2019agace l\u2019association aupr\u00e8s d\u2019Actu Toulouse. La Mairie a-t-elle chang\u00e9 d\u2019avis\u2009? Les r\u00e9ponses.<\/p>\n<p>La promesse de vente d\u2019il y a sept ans, r\u00e9activ\u00e9e<\/p>\n<p class=\" wall-content\">\u00ab\u2009La Mairie nous avait propos\u00e9 une clause valable jusque d\u00e9but janvier\u00a02025 pour le rachat du lieu au prix de 100\u2009000\u00a0\u20ac\u00bb, retrace Lo\u00efc, membre du collectif Atelier Id\u00e9al d\u00e9sormais regroup\u00e9, avec La D\u00e9rive Jubilatoire, le Clip et le Kiosk, de l\u2019association La Chapelle.<\/p>\n<p class=\" wall-content\">Apr\u00e8s avoir remis aux normes la chapelle, organis\u00e9 des conf\u00e9rences, programm\u00e9 des \u00e9v\u00e8nements culturels, am\u00e9nag\u00e9 une librairie\u2026 les quatre associations qui font vivre b\u00e9n\u00e9volement La Chapelle depuis plusieurs d\u00e9cennies \u00e9taient pr\u00eates pour l\u2019ultime \u00e9tape, symbolique.<\/p>\n<p class=\" wall-content\">Elles avaient r\u00e9ussi en quelques mois, l\u2019an dernier, <a href=\"https:\/\/actu.fr\/occitanie\/toulouse_31555\/toulouse-cet-ancien-squat-vieux-de-plus-de-30-ans-va-enfin-etre-la-propriete-de-ses-occupants_62039341.html\" rel=\"nofollow noopener\" target=\"_blank\">\u00e0 r\u00e9colter<strong> 120\u2009000\u00a0\u20ac de dons<\/strong><\/a>. Le prix d\u2019achat convenu, frais de notaire compris. Et le fruit de 1 3000 g\u00e9n\u00e9reux contributeurs. Si bien que <strong>le 27\u00a0novembre 2024, la promesse de vente datant de 2018 \u00e9tait r\u00e9activ\u00e9e<\/strong> dans les temps, et la Mairie de Toulouse avait<strong> r\u00e9pondu positivement<\/strong> \u00e0 la requ\u00eate, qui devra \u00eatre valid\u00e9e par d\u00e9lib\u00e9ration municipale. <strong>Le grand jour tombera le 26\u00a0septembre 2025.<\/strong><\/p>\n<p class=\" wall-content\">\u00c0 cette date, le conseil municipal devait valider, par vote, la vente du site.<\/p>\n<p>Coup de th\u00e9\u00e2tre au conseil municipal\u2009: la vente est report\u00e9e<\/p>\n<p class=\" wall-content\">\u00ab\u2009Mais voil\u00e0 que M. le Maire informe l\u2019assembl\u00e9e en d\u00e9but de s\u00e9ance qu\u2019<strong>il retire du vote la d\u00e9lib\u00e9ration<\/strong> qui concerne notre bien-aim\u00e9e Chapelle\u2009\u00bb, raconte \u00e0 ses adh\u00e9rents, l\u2019association dans un communiqu\u00e9. Depuis, elle reste sans r\u00e9ponse malgr\u00e9 ses coups de fil au service Culture de la Mairie.<\/p>\n<blockquote class=\"ac-article-quote wall-content\">\n<p>On ne sait pas pourquoi elle a \u00e9t\u00e9 retir\u00e9e ni \u00e0 quand elle sera report\u00e9e. La d\u00e9lib\u00e9ration ne figure pas \u00e0 l&rsquo;ordre du jour du prochain conseil municipal, du 26 novembre prochain.<\/p>\n<p>    <strong>Lo\u00efc<\/strong><br \/>\n        membre de La Chapelle    <\/p><\/blockquote>\n<p>Votre r\u00e9gion, votre actu !<\/p>\n<p>Recevez chaque jour les infos qui comptent pour vous.<\/p>\n<p>\t<a href=\"https:\/\/actu.fr\/newsletter\" class=\"ac-btn ac-btn--corner ac-btn--medium ac-btn--blue800\" rel=\"nofollow noopener\" target=\"_blank\">S&rsquo;incrire<\/a><\/p>\n<p class=\" wall-content\">\u00ab\u2009Un coup de th\u00e9\u00e2tre, sans autre forme de proc\u00e8s\u2009\u00bb, r\u00e9sume l\u2019association. Furieuse, elle a alors pr\u00e9vu d\u2019adresser une lettre \u00e0 Jean-Luc Moudenc, deux jours avant le prochain conseil. Une lettre qu\u2019Actu Toulouse a pu consulter.<\/p>\n<p>\u00ab\u2009Nous n\u2019attendons que vous\u2009\u00bb<\/p>\n<p class=\" wall-content\">\u00ab\u2009\u00c0 quelques mois des \u00e9lections municipales, <strong>vos promesses n\u2019ont-elles donc pas de valeur\u2009?<\/strong> C\u2019est une question l\u00e9gitime que chaque toulousain\u00b7e est en droit de se poser au sujet du lieu-dit la Chapelle\u2009\u00bb, \u00e9crit La Chapelle.<\/p>\n<p class=\" wall-content\">\u00ab\u2009Vos services sont incapables de nous dire o\u00f9 en est le dossier. Des milliers de toulousains et de toulousaines vous avaient pourtant pris au mot et se sont investis b\u00e9n\u00e9volement dans les travaux [de mise aux normes] qu\u2019a n\u00e9cessit\u00e9s la Chapelle durant huit longues ann\u00e9es. D\u2019autres les ont financ\u00e9s [\u2026] et ont permis de rassembler le montant n\u00e9cessaire \u00e0 l\u2019achat. Que faites-vous de ce temps, de cette \u00e9nergie et de cet argent\u2009?\u2009\u00bb<\/p>\n<p class=\" wall-content\"><strong>\u00ab\u2009Nous n\u2019attendons que vous\u2009\u00bb<\/strong>, conclut l\u2019association. Et si ce n\u2019\u00e9tait qu\u2019une histoire de patience\u2009?<\/p>\n<p>La question du prix coince \u00e0 la Mairie<\/p>\n<p class=\" wall-content\">Contact\u00e9e par Actu Toulouse, la Mairie r\u00e9affirme pourtant sa promesse. Mais pourquoi l\u2019avoir repouss\u00e9e\u2009? \u00ab\u2009Il faut que nous traitions mieux<strong> la question du prix\u2009\u00bb,<\/strong> r\u00e9pond Sacha Briand, \u00e9lu charg\u00e9 du patrimoine communal et des finances. En 2018, 100\u2009000\u20ac \u00e9tait convenu, en incluant les travaux, \u00ab\u2009ce qu\u2019ils ont fait\u2009\u00bb. Mais selon l\u2019adjoint au Maire, \u00ab\u2009cette valeur reste<strong> tr\u00e8s basse par rapport \u00e0 la valeur r\u00e9elle du bien\u2009\u00bb<\/strong>. M\u00eame le terrain nu vaudrait davantage.<\/p>\n<p class=\" wall-content\">S\u2019il n\u2019est pas question de r\u00e9\u00e9valuer le prix de vente, l\u2019avocat de profession, peut-\u00eatre par d\u00e9formation professionnelle, craint \u00ab\u2009des probl\u00e8mes en termes de contr\u00f4les de l\u00e9galit\u00e9 ou des<strong> recours de tiers\u2009\u00bb<\/strong>. \u00ab\u2009On n\u2019est pas \u00e0 l\u2019abri qu\u2019un quelconque contribuable s\u2019interroge sur ce prix\u2009\u00bb, avance-t-il.<\/p>\n<p>La d\u00e9lib\u00e9ration \u00ab\u2009doit \u00eatre plus solide\u2009\u00bb<\/p>\n<p class=\" wall-content\">Alors, l\u2019\u00e9lu en charge des finances de la Ville veut <strong>une justification en b\u00e9ton.<\/strong><\/p>\n<blockquote class=\"ac-article-quote wall-content\">\n<p>Il faut qu&rsquo;on s&rsquo;assure de certaines choses, qu&rsquo;on puisse bien argumenter cette d\u00e9lib\u00e9ration. Et pour l&rsquo;instant, cela me semble un peu l\u00e9ger. Elle doit \u00eatre plus solide.<\/p>\n<p>    <strong>Sacha Briand<\/strong><br \/>\n        \u00e9lu en charge du patrimoine communal et des finances    <\/p><\/blockquote>\n<p class=\" wall-content\">Mais de tout ce travail, ses services n\u2019ont pas eu le temps de s\u2019y consacrer. \u00ab\u2009Chaque jour, on a une nouvelle urgence \u00e0 traiter. Je comprends que pour eux, cela semble urgent, mais de notre c\u00f4t\u00e9, on a 100 dossiers comme \u00e7a sur la table\u2009\u00bb, d\u00e9clare Sacha Briand, regrettant toutefois que cette vente soit arriv\u00e9e \u00ab\u2009au dernier moment\u2009\u00bb.<\/p>\n<p class=\" wall-content\">Pour autant, l\u2019adjoint au Maire tient \u00e0 rassurer\u2009: <strong>\u00ab\u2009Il reste encore des r\u00e9unions municipales<\/strong> avant<a href=\"https:\/\/actu.fr\/tag\/municipales-2026\" rel=\"nofollow noopener\" target=\"_blank\"> la fin du mandat de Jean-Luc Moudenc<\/a>. Nous avions vot\u00e9 pour en 2018, il n\u2019y a pas de raison de s\u2019inqui\u00e9ter.\u2009\u00bb<\/p>\n<p class=\" wall-content\">Personnalisez votre actualit\u00e9 en ajoutant vos villes et m\u00e9dias en favori avec <a href=\"https:\/\/moncompte.actu.fr\" title=\"D\u00e9couvez Mon Actu\" rel=\"nofollow noopener\" data-trk=\"{&quot;cta&quot;:{&quot;action&quot;:&quot;https:\\\/\\\/moncompte.actu.fr&quot;,&quot;category&quot;:&quot;mon compte&quot;,&quot;from&quot;:&quot;article footer&quot;,&quot;name&quot;:&quot;Mon actu&quot;,&quot;type&quot;:&quot;cta&quot;}}\" target=\"_blank\">Mon Actu<\/a>.<\/p>\n","protected":false},"excerpt":{"rendered":"Par Mar\u00e9va Laville Publi\u00e9 le 22 nov. 2025 \u00e0 18h46 La boucle devait \u00eatre boucl\u00e9e. Et apr\u00e8s huit&hellip;\n","protected":false},"author":2,"featured_media":551801,"comment_status":"","ping_status":"","sticky":false,"template":"","format":"standard","meta":{"footnotes":""},"categories":[2816],"tags":[1111,11,10263,1777,674,1011,27,1116,12,2680,25,104,2312],"class_list":{"0":"post-551800","1":"post","2":"type-post","3":"status-publish","4":"format-standard","5":"has-post-thumbnail","7":"category-toulouse","8":"tag-actu","9":"tag-actualites","10":"tag-benevolat","11":"tag-eu","12":"tag-europe","13":"tag-fr","14":"tag-france","15":"tag-immobilier","16":"tag-news","17":"tag-occitanie","18":"tag-republique-francaise","19":"tag-societe","20":"tag-toulouse"},"share_on_mastodon":{"url":"https:\/\/pubeurope.com\/@fr\/115594635867479576","error":""},"_links":{"self":[{"href":"https:\/\/www.europesays.com\/fr\/wp-json\/wp\/v2\/posts\/551800","targetHints":{"allow":["GET"]}}],"collection":[{"href":"https:\/\/www.europesays.com\/fr\/wp-json\/wp\/v2\/posts"}],"about":[{"href":"https:\/\/www.europesays.com\/fr\/wp-json\/wp\/v2\/types\/post"}],"author":[{"embeddable":true,"href":"https:\/\/www.europesays.com\/fr\/wp-json\/wp\/v2\/users\/2"}],"replies":[{"embeddable":true,"href":"https:\/\/www.europesays.com\/fr\/wp-json\/wp\/v2\/comments?post=551800"}],"version-history":[{"count":0,"href":"https:\/\/www.europesays.com\/fr\/wp-json\/wp\/v2\/posts\/551800\/revisions"}],"wp:featuredmedia":[{"embeddable":true,"href":"https:\/\/www.europesays.com\/fr\/wp-json\/wp\/v2\/media\/551801"}],"wp:attachment":[{"href":"https:\/\/www.europesays.com\/fr\/wp-json\/wp\/v2\/media?parent=551800"}],"wp:term":[{"taxonomy":"category","embeddable":true,"href":"https:\/\/www.europesays.com\/fr\/wp-json\/wp\/v2\/categories?post=551800"},{"taxonomy":"post_tag","embeddable":true,"href":"https:\/\/www.europesays.com\/fr\/wp-json\/wp\/v2\/tags?post=551800"}],"curies":[{"name":"wp","href":"https:\/\/api.w.org\/{rel}","templated":true}]}}