{"id":551804,"date":"2025-11-22T17:56:13","date_gmt":"2025-11-22T17:56:13","guid":{"rendered":"https:\/\/www.europesays.com\/fr\/551804\/"},"modified":"2025-11-22T17:56:13","modified_gmt":"2025-11-22T17:56:13","slug":"lille-en-quete-defficacite-face-au-paris-fc","status":"publish","type":"post","link":"https:\/\/www.europesays.com\/fr\/551804\/","title":{"rendered":"Lille en qu\u00eate d\u2019efficacit\u00e9 face au Paris FC"},"content":{"rendered":"<p><strong>Lille\u00a0&#8211; Paris FC<\/strong><\/p>\n<p>Battu \u00e0 quatre reprises en six matchs, Lille doit se ressaisir pour continuer \u00e0 suivre le rythme des candidats \u00e0 l\u2019Europe, lors de la r\u00e9ception du Paris FC dimanche 23\u00a0novembre 2025\u00a0pour la 13e journ\u00e9e de Ligue\u00a01.<\/p>\n<p>Au sortir de la tr\u00eave internationale d\u2019octobre, Bruno Genesio avait \u00e9mis le souhait de voir ses Dogues r\u00e9ussir une s\u00e9rie de victoires. En vain, puisqu\u2019ils sont rest\u00e9s inconstants, <a target=\"_self\" href=\"https:\/\/www.lanouvellerepublique.fr\/sports\/ligue-europa-lyon-veut-garder-le-rythme-lille-se-relancer-1762367146\" rel=\"nofollow noopener\">perdant m\u00eame contre le Paok Salonique (3-4)<\/a> et l\u2019\u00c9toile rouge de Belgrade (1-0) en Ligue Conf\u00e9rence, \u00e0 Nice (2-0) et <a target=\"_self\" href=\"https:\/\/www.lanouvellerepublique.fr\/sports\/ligue-1-lille-se-saborde-a-strasbourg-1762715858\" rel=\"nofollow noopener\">Strasbourg (2-0)<\/a> en championnat. Malgr\u00e9 tout, le Losc reste bien plac\u00e9, en cinqui\u00e8me position (20 points) avant de recevoir l\u2019ambitieux promu parisien (11e, 14\u00a0pt).<\/p>\n<p>Mais Lille devra donc gagner en constance pour esp\u00e9rer d\u00e9crocher une qualification en Ligue des champions la saison prochaine. Ces derniers temps, Genesio a identifi\u00e9 l\u2019efficacit\u00e9 offensive, que les cartons \u00e0 Lorient (1-7) et <a target=\"_self\" href=\"https:\/\/www.lanouvellerepublique.fr\/sports\/ligue-1-lille-reagit-avec-autorite-et-enfonce-metz-6-1-1761500811\" rel=\"nofollow noopener\">face \u00e0 Metz (6-1)<\/a> cachent \u00e0 peine, et la solidit\u00e9 d\u00e9fensive comme les principaux maux de ses troupes.<\/p>\n<p>\u00ab\u00a0On manque cruellement d\u2019efficacit\u00e9 dans les deux surfaces, affirme-t-il. Marquer des buts, c\u2019est ce qu\u2019il y a\u00a0de plus difficile dans le football, il y a des p\u00e9riodes o\u00f9 on est moins efficace, adroit, juste, mais il faut savoir aussi faire des matchs nuls. On les fait si on r\u00e9duit les erreurs d\u00e9fensives.\u00a0\u00bb<\/p>\n<p>L\u2019ancien entra\u00eeneur de l\u2019Olympique lyonnais et de Rennes, notamment, fait r\u00e9f\u00e9rence aux bourdes de Berke \u00d6zer \u00e0 Belgrade et \u00e0 Strasbourg, o\u00f9 Nathan Ngoy et Olivier Giroud ont aussi failli individuellement. Le gardien de but turc, dont bien des supporteurs lillois jugent qu\u2019il n\u2019est pas suffisamment bon pour remplacer Lucas Chevalier, parti l\u2019\u00e9t\u00e9 dernier au Paris Saint-Germain, doit absolument se rattraper.<\/p>\n<p>\u00ab\u00a0Plus de spontan\u00e9it\u00e9\u00a0\u00bb et de \u00ab\u00a0courage\u00a0\u00bb<\/p>\n<p>Mais en attaque aussi, les Nordistes ont sembl\u00e9 manquer d\u2019allant ces derni\u00e8res semaines et \u00ab\u00a0de prise de risque\u00a0\u00bb, selon Genesio. \u00ab\u00a0Pas seulement dans le geste mais aussi dans la vari\u00e9t\u00e9 qu\u2019on doit amener dans nos courses, dans notre jeu combin\u00e9, notamment dans les petits espaces, parce qu\u2019on est souvent face \u00e0 des blocs plut\u00f4t bas, comme \u00e0 Strasbourg\u00a0\u00bb, poursuit-il.<\/p>\n<p>Il demande \u00e0 ses joueurs \u00ab\u00a0d\u2019avoir plus de spontan\u00e9it\u00e9, de faire davantage de courses, m\u00eame s\u2019il y a peu d\u2019espaces, il y a toujours ce qu\u2019on appelle la petite profondeur pour faire des courses, \u00eatre servi ou lib\u00e9rer des espaces\u00a0\u00bb. Mais aussi de \u00ab\u00a0faire preuve de davantage de courage, pour mettre la t\u00eate l\u00e0 o\u00f9 d\u2019autres n\u2019ont pas envie de mettre le pied\u00a0\u00bb.<\/p>\n<p>\u00ab\u00a0Je trouve que notre \u00e9quipe joue tr\u00e8s, tr\u00e8s bien, note-t-il encore. Nos sorties de balle sont dans l\u2019ensemble tr\u00e8s bonnes, nos approches aussi. Ce qui nous manque aujourd\u2019hui, c\u2019est de mieux finir nos actions, de se cr\u00e9er plus d\u2019occasions nettes par rapport au jeu qu\u2019on fait et de marquer plus de buts pour concr\u00e9tiser nos matchs en victoires.\u00a0\u00bb<\/p>\n<p>Le retour au sein du groupe d\u2019Ethan Mbapp\u00e9, qui a montr\u00e9 ses qualit\u00e9s de finisseur avant de se blesser, pourrait aider les Lillois, qui devront toutefois faire sans leur capitaine Benjamin Andr\u00e9, suspendu face \u00e0 des Parisiens qui restent sur une d\u00e9faite frustrante \u00e0 domicile contre Rennes (1-0).<\/p>\n<p>Dimanche 23\u00a0novembre 2025 \u00e0 20\u00a0h\u00a045, sur Ligue 1+.<\/p>\n","protected":false},"excerpt":{"rendered":"Lille\u00a0&#8211; Paris FC Battu \u00e0 quatre reprises en six matchs, Lille doit se ressaisir pour continuer \u00e0 suivre&hellip;\n","protected":false},"author":2,"featured_media":551805,"comment_status":"","ping_status":"","sticky":false,"template":"","format":"standard","meta":{"footnotes":""},"categories":[2815],"tags":[1111,11,1777,674,63,1011,27,811,66,1307,12,25,60],"class_list":{"0":"post-551804","1":"post","2":"type-post","3":"status-publish","4":"format-standard","5":"has-post-thumbnail","7":"category-lille","8":"tag-actu","9":"tag-actualites","10":"tag-eu","11":"tag-europe","12":"tag-football","13":"tag-fr","14":"tag-france","15":"tag-hauts-de-france","16":"tag-ligue-1","17":"tag-lille","18":"tag-news","19":"tag-republique-francaise","20":"tag-sports"},"share_on_mastodon":{"url":"https:\/\/pubeurope.com\/@fr\/115594643724980432","error":""},"_links":{"self":[{"href":"https:\/\/www.europesays.com\/fr\/wp-json\/wp\/v2\/posts\/551804","targetHints":{"allow":["GET"]}}],"collection":[{"href":"https:\/\/www.europesays.com\/fr\/wp-json\/wp\/v2\/posts"}],"about":[{"href":"https:\/\/www.europesays.com\/fr\/wp-json\/wp\/v2\/types\/post"}],"author":[{"embeddable":true,"href":"https:\/\/www.europesays.com\/fr\/wp-json\/wp\/v2\/users\/2"}],"replies":[{"embeddable":true,"href":"https:\/\/www.europesays.com\/fr\/wp-json\/wp\/v2\/comments?post=551804"}],"version-history":[{"count":0,"href":"https:\/\/www.europesays.com\/fr\/wp-json\/wp\/v2\/posts\/551804\/revisions"}],"wp:featuredmedia":[{"embeddable":true,"href":"https:\/\/www.europesays.com\/fr\/wp-json\/wp\/v2\/media\/551805"}],"wp:attachment":[{"href":"https:\/\/www.europesays.com\/fr\/wp-json\/wp\/v2\/media?parent=551804"}],"wp:term":[{"taxonomy":"category","embeddable":true,"href":"https:\/\/www.europesays.com\/fr\/wp-json\/wp\/v2\/categories?post=551804"},{"taxonomy":"post_tag","embeddable":true,"href":"https:\/\/www.europesays.com\/fr\/wp-json\/wp\/v2\/tags?post=551804"}],"curies":[{"name":"wp","href":"https:\/\/api.w.org\/{rel}","templated":true}]}}