{"id":551808,"date":"2025-11-22T17:58:15","date_gmt":"2025-11-22T17:58:15","guid":{"rendered":"https:\/\/www.europesays.com\/fr\/551808\/"},"modified":"2025-11-22T17:58:15","modified_gmt":"2025-11-22T17:58:15","slug":"contre-le-narcotrafic-emotion-et-colere-a-marseille-en-hommage-a-mehdi-kessaci","status":"publish","type":"post","link":"https:\/\/www.europesays.com\/fr\/551808\/","title":{"rendered":"contre le narcotrafic, \u00e9motion et col\u00e8re \u00e0 Marseille en hommage \u00e0 Mehdi Kessaci"},"content":{"rendered":"<p>      \u00ab\u00a0Mon coeur est d\u00e9chir\u00e9, je suis inconsolable\u00a0\u00bb, dit la m\u00e8re de Mehdi Kessaci<\/p>\n<p class=\"badge badge-epingle\">\n          Alerte\n        <\/p>\n<p>La m\u00e8re de Mehdi Kessaci prend la parole. \u00ab\u00a0Mon coeur est d\u00e9chir\u00e9, je suis inconsolable\u00a0\u00bb, dit-elle au micro face aux marseillais rassembl\u00e9s pour soutenir la famille d&rsquo;Amine Kessaci. \u00ab\u00a0Aucune m\u00e8re ne veut voir ses enfants mourir avant elle\u00a0\u00bb, poursuit-elle.\u00a0<\/p>\n<p>\u00ab\u00a0Mon fils ch\u00e9ri aimait offrir des fleurs, il \u00e9tait attentionn\u00e9 et toujours tr\u00e8s attentif, il me t\u00e9moignait d&rsquo;un amour infini\u00a0\u00bb, raconte-t-elle.\u00a0\u00ab\u00a0Assassins, vous m&rsquo;avez d\u00e9j\u00e0 tu\u00e9e mais vous ne tuerez jamais l&rsquo;amour que j&rsquo;ai pour mes enfants\u00a0\u00bb, a-t-elle ajout\u00e9.\u00a0<\/p>\n<p>Partager<\/p>\n","protected":false},"excerpt":{"rendered":"\u00ab\u00a0Mon coeur est d\u00e9chir\u00e9, je suis inconsolable\u00a0\u00bb, dit la m\u00e8re de Mehdi Kessaci Alerte La m\u00e8re de Mehdi&hellip;\n","protected":false},"author":2,"featured_media":551809,"comment_status":"","ping_status":"","sticky":false,"template":"","format":"standard","meta":{"footnotes":""},"categories":[2814],"tags":[1111,11,898,1052,1777,674,118,107,1011,27,884,12,882,25],"class_list":{"0":"post-551808","1":"post","2":"type-post","3":"status-publish","4":"format-standard","5":"has-post-thumbnail","7":"category-marseille","8":"tag-actu","9":"tag-actualites","10":"tag-alerte","11":"tag-drogue","12":"tag-eu","13":"tag-europe","14":"tag-faits-divers","15":"tag-fil-info","16":"tag-fr","17":"tag-france","18":"tag-marseille","19":"tag-news","20":"tag-provence-alpes-cote-dazur","21":"tag-republique-francaise"},"share_on_mastodon":{"url":"https:\/\/pubeurope.com\/@fr\/115594651552933578","error":""},"_links":{"self":[{"href":"https:\/\/www.europesays.com\/fr\/wp-json\/wp\/v2\/posts\/551808","targetHints":{"allow":["GET"]}}],"collection":[{"href":"https:\/\/www.europesays.com\/fr\/wp-json\/wp\/v2\/posts"}],"about":[{"href":"https:\/\/www.europesays.com\/fr\/wp-json\/wp\/v2\/types\/post"}],"author":[{"embeddable":true,"href":"https:\/\/www.europesays.com\/fr\/wp-json\/wp\/v2\/users\/2"}],"replies":[{"embeddable":true,"href":"https:\/\/www.europesays.com\/fr\/wp-json\/wp\/v2\/comments?post=551808"}],"version-history":[{"count":0,"href":"https:\/\/www.europesays.com\/fr\/wp-json\/wp\/v2\/posts\/551808\/revisions"}],"wp:featuredmedia":[{"embeddable":true,"href":"https:\/\/www.europesays.com\/fr\/wp-json\/wp\/v2\/media\/551809"}],"wp:attachment":[{"href":"https:\/\/www.europesays.com\/fr\/wp-json\/wp\/v2\/media?parent=551808"}],"wp:term":[{"taxonomy":"category","embeddable":true,"href":"https:\/\/www.europesays.com\/fr\/wp-json\/wp\/v2\/categories?post=551808"},{"taxonomy":"post_tag","embeddable":true,"href":"https:\/\/www.europesays.com\/fr\/wp-json\/wp\/v2\/tags?post=551808"}],"curies":[{"name":"wp","href":"https:\/\/api.w.org\/{rel}","templated":true}]}}