{"id":551810,"date":"2025-11-22T17:59:13","date_gmt":"2025-11-22T17:59:13","guid":{"rendered":"https:\/\/www.europesays.com\/fr\/551810\/"},"modified":"2025-11-22T17:59:13","modified_gmt":"2025-11-22T17:59:13","slug":"chambery-exposition-de-peintures-et-de-sculptures-a-la-traboule-2","status":"publish","type":"post","link":"https:\/\/www.europesays.com\/fr\/551810\/","title":{"rendered":"Chamb\u00e9ry. Exposition de peintures et de sculptures \u00e0 La Traboule"},"content":{"rendered":"<p>Une exposition de cinq artistes femmes de la r\u00e9gion\u00a0: Clarisse Roche (sculptrice), Lau Blou (peintre), Sophie Luline (c\u00e9ramiste), Odile Escolier (peintre) et St\u00e9phanie Roux (peintre). Elles collaborent pour nous proposer une exposition de toiles et de sculptures en r\u00e9sonance avec la nature, la rencontre et les liens humains.<\/p>\n<p class=\"note\">Exposition. Jusqu\u2019au samedi 29\u00a0novembre \u00e0 l\u2019espace Traboule, place m\u00e9tropole du mardi au samedi de 11\u00a0h \u00e0 19\u00a0h. Entr\u00e9e libre.<\/p>\n","protected":false},"excerpt":{"rendered":"Une exposition de cinq artistes femmes de la r\u00e9gion\u00a0: Clarisse Roche (sculptrice), Lau Blou (peintre), Sophie Luline (c\u00e9ramiste),&hellip;\n","protected":false},"author":2,"featured_media":551811,"comment_status":"","ping_status":"","sticky":false,"template":"","format":"standard","meta":{"footnotes":""},"categories":[1889],"tags":[1111,11,2430,5509,12844,1687,7001,1777,674,2271,1011,27,2428,12,25],"class_list":{"0":"post-551810","1":"post","2":"type-post","3":"status-publish","4":"format-standard","5":"has-post-thumbnail","7":"category-lyon","8":"tag-actu","9":"tag-actualites","10":"tag-auvergne-rhone-alpes","11":"tag-chambery","12":"tag-chambery-bassin","13":"tag-culture-loisirs","14":"tag-edition-chambery-aix-les-bains","15":"tag-eu","16":"tag-europe","17":"tag-exposition-arts-plastiques","18":"tag-fr","19":"tag-france","20":"tag-lyon","21":"tag-news","22":"tag-republique-francaise"},"share_on_mastodon":{"url":"https:\/\/pubeurope.com\/@fr\/115594655698758556","error":""},"_links":{"self":[{"href":"https:\/\/www.europesays.com\/fr\/wp-json\/wp\/v2\/posts\/551810","targetHints":{"allow":["GET"]}}],"collection":[{"href":"https:\/\/www.europesays.com\/fr\/wp-json\/wp\/v2\/posts"}],"about":[{"href":"https:\/\/www.europesays.com\/fr\/wp-json\/wp\/v2\/types\/post"}],"author":[{"embeddable":true,"href":"https:\/\/www.europesays.com\/fr\/wp-json\/wp\/v2\/users\/2"}],"replies":[{"embeddable":true,"href":"https:\/\/www.europesays.com\/fr\/wp-json\/wp\/v2\/comments?post=551810"}],"version-history":[{"count":0,"href":"https:\/\/www.europesays.com\/fr\/wp-json\/wp\/v2\/posts\/551810\/revisions"}],"wp:featuredmedia":[{"embeddable":true,"href":"https:\/\/www.europesays.com\/fr\/wp-json\/wp\/v2\/media\/551811"}],"wp:attachment":[{"href":"https:\/\/www.europesays.com\/fr\/wp-json\/wp\/v2\/media?parent=551810"}],"wp:term":[{"taxonomy":"category","embeddable":true,"href":"https:\/\/www.europesays.com\/fr\/wp-json\/wp\/v2\/categories?post=551810"},{"taxonomy":"post_tag","embeddable":true,"href":"https:\/\/www.europesays.com\/fr\/wp-json\/wp\/v2\/tags?post=551810"}],"curies":[{"name":"wp","href":"https:\/\/api.w.org\/{rel}","templated":true}]}}