{"id":551814,"date":"2025-11-22T18:03:13","date_gmt":"2025-11-22T18:03:13","guid":{"rendered":"https:\/\/www.europesays.com\/fr\/551814\/"},"modified":"2025-11-22T18:03:13","modified_gmt":"2025-11-22T18:03:13","slug":"a-quoi-sattendre-a-paris-et-en-ile-de-france-2","status":"publish","type":"post","link":"https:\/\/www.europesays.com\/fr\/551814\/","title":{"rendered":"\u00e0 quoi s&rsquo;attendre \u00e0 Paris et en \u00cele-de-France\u00a0?"},"content":{"rendered":"<p>                    Par<br \/>\n        <strong><br \/>\n            <a href=\"https:\/\/actu.fr\/auteur\/thomas-martin\" title=\"Consulter tous les articles de Thomas Martin\" target=\"_blank\" rel=\"noopener\">Thomas Martin<\/a><br \/>\n                    <\/strong><\/p>\n<p>        Publi\u00e9 le<\/p>\n<p>            22 nov. 2025 \u00e0 19h00        <\/p>\n<p>Ce samedi 22 novembre, <a href=\"https:\/\/actu.fr\/meteo\/meteo-la-neige-arrive-a-paris-et-en-ile-de-france-voici-ou-elle-devrait-tomber-en-plus-grande-quantite_63474554.html\" target=\"_blank\" rel=\"noopener\">la neige arrive en Ile-de-France<\/a> plac\u00e9e en <a href=\"https:\/\/actu.fr\/meteo\/jusqu-a-7-cm-de-neige-en-ile-de-france-meteo-france-declenche-la-vigilance-orange-pour-toute-la-region_63473815.html\" target=\"_blank\" rel=\"noopener\">vigilance orange<\/a> par M\u00e9t\u00e9o-France. Celle-ci s\u2019applique \u00e0 partir de 20h jusqu\u2019\u00e0 dimanche matin, 8h. \u00ab\u00a0La tenue au sol est attendue avec 5 \u00e0 7 cm sur la moiti\u00e9 ouest de la r\u00e9gion parisienne et 2 \u00e0 5 cm sur la moiti\u00e9 est. Pour Paris et la Petite-Couronne, 1 \u00e0 2 cm de neige au sol sont attendus,\u00a0\u00bb selon le site de l\u2019organisme, qui pr\u00e9cise que la neige devrait \u00ab\u00a0fondre \u00e0 partir de la mi-journ\u00e9e \u00e0 la faveur d\u2019un net redoux\u00a0\u00bb.<\/p>\n<p>Des temp\u00e9ratures plus basses que pr\u00e9vu<\/p>\n<p class=\" wall-content\">Le m\u00e9t\u00e9orologue Guillaume S\u00e9chet indique sur X qu&rsquo;\u00a0\u00bbIl est possible que la neige tienne un peu plus que pr\u00e9vu en \u00cele-de-France car les temp\u00e9ratures ont \u00e9t\u00e9 l\u00e9g\u00e8rement plus basses qu\u2019annonc\u00e9\u00a0\u00bb. Tout en pr\u00e9cisant que \u00ab\u00a0les \u00e9paisseurs simul\u00e9es restent toutefois assez faibles\u00a0\u00bb.<\/p>\n<p class=\" wall-content\">\n<p class=\" wall-content\">Sur le site <a href=\"https:\/\/www.meteo-villes.com\/actualites\/neige-a-paris-idf-et-ailleurs-faut-il-s-attendre-a-un-manteau-blanc-ce-week-end\" target=\"_blank\" rel=\"noopener\">M\u00e9t\u00e9o Paris<\/a>, il d\u00e9veloppe : \u00ab\u00a0Paris pourrait donc connaitre un tapis blanc. Les secteurs o\u00f9 la neige pourrait s\u2019accumuler plus durablement sont probablement les plateaux du Nord de l\u2019\u00cele-de-France et des Yvelines, ainsi que les zones les plus continentales, \u00e0 savoir l\u2019Essonne et la Seine-et-Marne.\u00a0\u00a0Des accumulations locales pouvant atteindre 5 cm sont envisageables vers les hauteurs du plateau de l\u2019Hautil et du d\u00e9partement de l\u2019Oise\u00a0\u00bb.<\/p>\n<p>Baisse de 20 km\/h de la vitesse sur les routes<\/p>\n<p class=\" wall-content\">\u00ab\u00a0Les premiers \u00e9pisodes quelquefois ne sont pas pris suffisamment au s\u00e9rieux et il y a des difficult\u00e9s suite \u00e0 un manque de prudence. Nous avons donc voulu intervenir en amont pour informer\u00a0\u00bb le public, a dit samedi le ministre, Philippe Tabarot, depuis le centre de crise r\u00e9unissant les services de M\u00e9t\u00e9o France, des Infrastructures, de l\u2019Aviation civile, des Routes, la Pr\u00e9fecture de police et les op\u00e9rateurs de transport.<\/p>\n<p class=\" wall-content\">\u00ab\u00a0La question principale, c\u2019est la question des routes\u00a0\u00bb, a-t-il dit \u00e0 la presse. \u00ab\u00a0Les personnes ont compris que si leurs d\u00e9placements n\u2019\u00e9taient pas indispensables, il valait mieux les reporter. Et pour celles qui sont dans l\u2019obligation de se d\u00e9placer aujourd\u2019hui, notamment \u00e0 partir de 20h et jusqu\u2019\u00e0 demain 8h, on leur demande de s\u2019informer sur la situation du r\u00e9seau, de s\u2019\u00e9quiper et d\u2019\u00e9quiper leur v\u00e9hicule. Et puis bien s\u00fbr la prudence est le message principal que je souhaite faire passer\u00a0\u00bb.<\/p>\n<p class=\" wall-content\">La vitesse autoris\u00e9e sur toute l\u2019Ile-de-France sera r\u00e9duite de 20 km\/h pour tous les v\u00e9hicules, et les d\u00e9passements interdits sur les grands axes pour les poids lourds de plus de 3,5 tonnes et v\u00e9hicules de transport de personnes, a d\u00e9cid\u00e9 la pr\u00e9fecture de police.<\/p>\n<p class=\" wall-content\">En revanche, selon le ministre, \u00ab\u00a0les trains ne seront pas particuli\u00e8rement impact\u00e9s, et les r\u00e9seaux urbains et interurbains (\u2026) sont op\u00e9r\u00e9s actuellement\u00a0\u00bb. Du c\u00f4t\u00e9 des a\u00e9roports, o\u00f9 les conditions affectent la visibilit\u00e9, \u00ab\u00a0il y a environ une heure de retard sur les vols de Roissy, \u00e7a risque d\u2019\u00eatre le cas \u00e9galement demain (dimanche), ce sont des \u00e9pisodes qui arrivent malheureusement bien souvent tout au long de l\u2019ann\u00e9e\u00a0\u00bb.\u00a0<\/p>\n<p class=\" wall-content\"><strong>Avec AFP<\/strong><\/p>\n<p class=\" wall-content\">Personnalisez votre actualit\u00e9 en ajoutant vos villes et m\u00e9dias en favori avec <a href=\"https:\/\/moncompte.actu.fr\" title=\"D\u00e9couvez Mon Actu\" rel=\"nofollow noopener\" data-trk=\"{&quot;cta&quot;:{&quot;action&quot;:&quot;https:\\\/\\\/moncompte.actu.fr&quot;,&quot;category&quot;:&quot;mon compte&quot;,&quot;from&quot;:&quot;article footer&quot;,&quot;name&quot;:&quot;Mon actu&quot;,&quot;type&quot;:&quot;cta&quot;}}\" target=\"_blank\">Mon Actu<\/a>.<\/p>\n","protected":false},"excerpt":{"rendered":"Par Thomas Martin Publi\u00e9 le 22 nov. 2025 \u00e0 19h00 Ce samedi 22 novembre, la neige arrive en&hellip;\n","protected":false},"author":2,"featured_media":551815,"comment_status":"","ping_status":"","sticky":false,"template":"","format":"standard","meta":{"footnotes":""},"categories":[1592],"tags":[1111,11,1777,674,1011,27,3447,662,2487,2357,10584,12,626,25],"class_list":{"0":"post-551814","1":"post","2":"type-post","3":"status-publish","4":"format-standard","5":"has-post-thumbnail","7":"category-ile-de-france","8":"tag-actu","9":"tag-actualites","10":"tag-eu","11":"tag-europe","12":"tag-fr","13":"tag-france","14":"tag-froid","15":"tag-ile-de-france","16":"tag-meteo","17":"tag-meteo-france","18":"tag-neige","19":"tag-news","20":"tag-paris","21":"tag-republique-francaise"},"share_on_mastodon":{"url":"https:\/\/pubeurope.com\/@fr\/115594671292286758","error":""},"_links":{"self":[{"href":"https:\/\/www.europesays.com\/fr\/wp-json\/wp\/v2\/posts\/551814","targetHints":{"allow":["GET"]}}],"collection":[{"href":"https:\/\/www.europesays.com\/fr\/wp-json\/wp\/v2\/posts"}],"about":[{"href":"https:\/\/www.europesays.com\/fr\/wp-json\/wp\/v2\/types\/post"}],"author":[{"embeddable":true,"href":"https:\/\/www.europesays.com\/fr\/wp-json\/wp\/v2\/users\/2"}],"replies":[{"embeddable":true,"href":"https:\/\/www.europesays.com\/fr\/wp-json\/wp\/v2\/comments?post=551814"}],"version-history":[{"count":0,"href":"https:\/\/www.europesays.com\/fr\/wp-json\/wp\/v2\/posts\/551814\/revisions"}],"wp:featuredmedia":[{"embeddable":true,"href":"https:\/\/www.europesays.com\/fr\/wp-json\/wp\/v2\/media\/551815"}],"wp:attachment":[{"href":"https:\/\/www.europesays.com\/fr\/wp-json\/wp\/v2\/media?parent=551814"}],"wp:term":[{"taxonomy":"category","embeddable":true,"href":"https:\/\/www.europesays.com\/fr\/wp-json\/wp\/v2\/categories?post=551814"},{"taxonomy":"post_tag","embeddable":true,"href":"https:\/\/www.europesays.com\/fr\/wp-json\/wp\/v2\/tags?post=551814"}],"curies":[{"name":"wp","href":"https:\/\/api.w.org\/{rel}","templated":true}]}}