{"id":551828,"date":"2025-11-22T18:12:15","date_gmt":"2025-11-22T18:12:15","guid":{"rendered":"https:\/\/www.europesays.com\/fr\/551828\/"},"modified":"2025-11-22T18:12:15","modified_gmt":"2025-11-22T18:12:15","slug":"une-rapporteuse-speciale-de-lonu-demande-la-levee-de-lembargo-americain-contre-cuba","status":"publish","type":"post","link":"https:\/\/www.europesays.com\/fr\/551828\/","title":{"rendered":"Une rapporteuse sp\u00e9ciale de l&rsquo;ONU demande la lev\u00e9e de l&#8217;embargo am\u00e9ricain contre Cuba"},"content":{"rendered":"<p class=\"svelte-qfpp5o first-paragraph\">\u00ab\u00a0Je demande aux \u00c9tats-Unis de lever toutes les mesures coercitives unilat\u00e9rales contre Cuba et les entreprises cubaines\u00a0\u00bb, a d\u00e9clar\u00e9 lors d&rsquo;une conf\u00e9rence de presse \u00e0 La Havane la Bi\u00e9lorusse Alena Douhan, rapporteuse sp\u00e9ciale des Nations Unies sur les r\u00e9percussions n\u00e9gatives des mesures coercitives unilat\u00e9rales sur les droits humains.<\/p>\n<p class=\"svelte-qfpp5o\">L&rsquo;\u00eele communiste est soumise \u00e0 un embargo commercial et financier des Etats-Unis depuis plus de six d\u00e9cennies, que le pr\u00e9sident Donald Trump a durci pendant son premier mandat (2017-2021), comme aucun autre pr\u00e9sident am\u00e9ricain ne l&rsquo;avait fait auparavant. <\/p>\n<p class=\"svelte-qfpp5o\">Depuis son retour \u00e0 la Maison Blanche en janvier, le magnat r\u00e9publicain a intensifi\u00e9 sa pression contre l&rsquo;\u00eele et l&rsquo;a de nouveau inscrite sur la \u00ab\u00a0Liste des Etats soutenant le terrorisme\u00a0\u00bb, ce qui complique le commerce et les investissements \u00e9trangers. <\/p>\n<p class=\"svelte-qfpp5o\">\u00ab\u00a0J&rsquo;exhorte les \u00c9tats-Unis \u00e0 cesser d&rsquo;utiliser la rh\u00e9torique des sanctions, les campagnes de pression maximale\u00a0\u00bb et \u00ab\u00a0la d\u00e9signation d&rsquo;Etat soutien du terrorisme (&#8230;) pour isoler Cuba\u00a0\u00bb, a ajout\u00e9 Alena Douhan.<\/p>\n<p class=\"svelte-qfpp5o\">Elle a soulign\u00e9 que l&#8217;embargo, qu&rsquo;elle a qualifi\u00e9 de \u00ab\u00a0politique de sanctions unilat\u00e9rales la plus longue de l&rsquo;histoire\u00a0\u00bb, entra\u00eene \u00ab\u00a0de graves cons\u00e9quences pour la jouissance des droits humains, y compris les droits \u00e0 la vie, \u00e0 l&rsquo;alimentation, \u00e0 la sant\u00e9 et au d\u00e9veloppement\u00a0\u00bb. <\/p>\n<p class=\"svelte-qfpp5o\">Depuis cinq ans, Cuba conna\u00eet une grave crise \u00e9conomique, avec une forte inflation, des p\u00e9nuries de toutes sortes et des coupures d&rsquo;\u00e9lectricit\u00e9 quotidiennes. <\/p>\n<p class=\"svelte-qfpp5o\">La rapporteuse a dit avoir rencontr\u00e9, pendant sa visite qui s&rsquo;ach\u00e8ve vendredi, des repr\u00e9sentants du gouvernement et du secteur priv\u00e9, des religieux, des diplomates et des membres de la soci\u00e9t\u00e9 civile, sans \u00ab\u00a0aucun obstacle\u00a0\u00bb. <\/p>\n<p class=\"svelte-qfpp5o\">Son rapport sera pr\u00e9sent\u00e9 en septembre 2026 devant le Conseil des droits de l&rsquo;Homme de l&rsquo;ONU.<\/p>\n","protected":false},"excerpt":{"rendered":"\u00ab\u00a0Je demande aux \u00c9tats-Unis de lever toutes les mesures coercitives unilat\u00e9rales contre Cuba et les entreprises cubaines\u00a0\u00bb, a&hellip;\n","protected":false},"author":2,"featured_media":551829,"comment_status":"","ping_status":"","sticky":false,"template":"","format":"standard","meta":{"footnotes":""},"categories":[1589],"tags":[11,73,1866,12,1864,1865,1863,308],"class_list":{"0":"post-551828","1":"post","2":"type-post","3":"status-publish","4":"format-standard","5":"has-post-thumbnail","7":"category-etats-unis","8":"tag-actualites","9":"tag-etats-unis","10":"tag-etats-unis-damerique","11":"tag-news","12":"tag-united-states","13":"tag-united-states-of-america","14":"tag-us","15":"tag-usa"},"share_on_mastodon":{"url":"https:\/\/pubeurope.com\/@fr\/115594706595908042","error":""},"_links":{"self":[{"href":"https:\/\/www.europesays.com\/fr\/wp-json\/wp\/v2\/posts\/551828","targetHints":{"allow":["GET"]}}],"collection":[{"href":"https:\/\/www.europesays.com\/fr\/wp-json\/wp\/v2\/posts"}],"about":[{"href":"https:\/\/www.europesays.com\/fr\/wp-json\/wp\/v2\/types\/post"}],"author":[{"embeddable":true,"href":"https:\/\/www.europesays.com\/fr\/wp-json\/wp\/v2\/users\/2"}],"replies":[{"embeddable":true,"href":"https:\/\/www.europesays.com\/fr\/wp-json\/wp\/v2\/comments?post=551828"}],"version-history":[{"count":0,"href":"https:\/\/www.europesays.com\/fr\/wp-json\/wp\/v2\/posts\/551828\/revisions"}],"wp:featuredmedia":[{"embeddable":true,"href":"https:\/\/www.europesays.com\/fr\/wp-json\/wp\/v2\/media\/551829"}],"wp:attachment":[{"href":"https:\/\/www.europesays.com\/fr\/wp-json\/wp\/v2\/media?parent=551828"}],"wp:term":[{"taxonomy":"category","embeddable":true,"href":"https:\/\/www.europesays.com\/fr\/wp-json\/wp\/v2\/categories?post=551828"},{"taxonomy":"post_tag","embeddable":true,"href":"https:\/\/www.europesays.com\/fr\/wp-json\/wp\/v2\/tags?post=551828"}],"curies":[{"name":"wp","href":"https:\/\/api.w.org\/{rel}","templated":true}]}}