{"id":551830,"date":"2025-11-22T18:13:15","date_gmt":"2025-11-22T18:13:15","guid":{"rendered":"https:\/\/www.europesays.com\/fr\/551830\/"},"modified":"2025-11-22T18:13:15","modified_gmt":"2025-11-22T18:13:15","slug":"un-migrant-afghan-avoue-le-viol-dune-fillette-de-12-ans-et-relance-la-polemique-sur-les-dissimulations-policieres-au-royaume-uni","status":"publish","type":"post","link":"https:\/\/www.europesays.com\/fr\/551830\/","title":{"rendered":"un migrant afghan avoue le viol d\u2019une fillette de 12 ans \u2014 et relance la pol\u00e9mique sur les dissimulations polici\u00e8res au Royaume-Uni"},"content":{"rendered":"<p style=\"text-align: justify;\">Une affaire criminelle secoue <a href=\"https:\/\/www.dailymail.co.uk\/news\/article-15313173\/Afghan-migrant-admits-raping-12-year-old-girl-denies-string-offences-amid-police-cover-row.html\" target=\"_blank\" rel=\"noopener\">depuis des mois la petite ville de Nuneaton, au c\u0153ur de l\u2019Angleterre<\/a>. Elle vient de conna\u00eetre un tournant majeur : l\u2019un des deux migrants afghans mis en examen a finalement reconnu l\u2019un des viols commis sur une enfant de 12 ans, r\u00e9v\u00e9lant l\u2019ampleur d\u2019un dossier d\u00e9j\u00e0 explosif pour les autorit\u00e9s britanniques.<\/p>\n<p><strong>Un acte reconnu, mais un proc\u00e8s \u00e0 venir pour le reste<\/strong><\/p>\n<p style=\"text-align: justify;\">Ahmad Mulakhil, 23 ans, entr\u00e9 ill\u00e9galement au Royaume-Uni apr\u00e8s avoir travers\u00e9 la Manche sur une embarcation pr\u00e9caire, a admis devant la cour de Warwick un viol commis en juillet dernier sur la fillette, dans un quartier r\u00e9sidentiel de la ville.<\/p>\n<p style=\"text-align: justify;\">Il continue en revanche \u00e0 nier plusieurs accusations suppl\u00e9mentaires :<br \/>\u2013 deux autres viols pr\u00e9sum\u00e9s,<br \/>\u2013 des agressions sexuelles,<br \/>\u2013 et l\u2019enl\u00e8vement de la victime.<\/p>\n<p style=\"text-align: justify;\">Un second Afghan du m\u00eame \u00e2ge, Mohammed Kabir, doit \u00eatre jug\u00e9 \u00e0 ses c\u00f4t\u00e9s pour complicit\u00e9 pr\u00e9sum\u00e9e, strangulation et tentative d\u2019enl\u00e8vement.<br \/>Les deux hommes restent d\u00e9tenus en attendant leur proc\u00e8s pr\u00e9vu fin janvier.<\/p>\n<p><strong>Une affaire r\u00e9v\u00e9l\u00e9e par la presse \u2014 et un silence embarrass\u00e9 de la police<\/strong><\/p>\n<p style=\"text-align: justify;\">Ce dossier, d\u00e9j\u00e0 gla\u00e7ant par sa nature, a pris une dimension nationale quand la presse britannique a r\u00e9v\u00e9l\u00e9 que la police locale avait demand\u00e9 \u00e0 des \u00e9lus et \u00e0 des services municipaux\u00a0<strong>de ne pas \u00e9voquer l\u2019origine des suspects<\/strong>.<\/p>\n<p style=\"text-align: justify;\">Objectif : \u00e9viter de \u00ab provoquer des tensions \u00bb, selon des documents internes exhum\u00e9s par un quotidien dominical.<br \/>Cette strat\u00e9gie, d\u00e9j\u00e0 observ\u00e9e dans d\u2019autres affaires impliquant des migrants, a imm\u00e9diatement fait scandale, y compris au sein du camp conservateur.<\/p>\n<p style=\"text-align: justify;\">Nigel Farage, chef de Reform UK, ainsi que le jeune pr\u00e9sident du conseil du comt\u00e9, George Finch, ont d\u00e9nonc\u00e9 une\u00a0<strong>v\u00e9ritable op\u00e9ration de dissimulation<\/strong>, accusant la police de sacrifier la transparence publique sur l\u2019autel de l\u2019apaisement communautaire.<\/p>\n<p style=\"text-align: justify;\">Face \u00e0 la pression m\u00e9diatique, la ministre de l\u2019Int\u00e9rieur Yvette Cooper a d\u00fb reconna\u00eetre la n\u00e9cessit\u00e9 d\u2019une meilleure information du public.<\/p>\n<p style=\"text-align: justify;\">Les faits avaient profond\u00e9ment choqu\u00e9 la population locale.<br \/>Des images de vid\u00e9osurveillance montrant la jeune victime marchant aux c\u00f4t\u00e9s d\u2019un homme peu avant l\u2019agression avaient \u00e9t\u00e9 r\u00e9cup\u00e9r\u00e9es par un habitant, puis transmises aux m\u00e9dias. L\u2019enfant, une Britannique blanche de 12 ans, re\u00e7oit depuis un accompagnement sp\u00e9cialis\u00e9.<\/p>\n<p style=\"text-align: justify;\">Mulakhil avait \u00e9t\u00e9 interpell\u00e9 quelques jours apr\u00e8s les faits et mis en examen dans la foul\u00e9e.<\/p>\n<p><strong>Des hommes log\u00e9s aux frais du contribuable<\/strong><\/p>\n<p style=\"text-align: justify;\">Autre \u00e9l\u00e9ment r\u00e9v\u00e9lateur du dossier : les deux suspects vivaient dans des logements financ\u00e9s par les contribuables britanniques, g\u00e9r\u00e9s par le groupe Serco dans le cadre d\u2019un contrat colossal avec le minist\u00e8re de l\u2019Int\u00e9rieur.<br \/>Chaque maison accueillait plusieurs demandeurs d\u2019asile.<\/p>\n<p style=\"text-align: justify;\">Le viol de Nuneaton survient ainsi en plein d\u00e9bat national sur l\u2019accueil massif d\u2019hommes jeunes arrivant par les \u00ab small boats \u00bb. La Grande-Bretagne a vu affluer des dizaines de milliers de migrants par ce biais depuis 2021, sans v\u00e9ritable capacit\u00e9 de contr\u00f4le ou de suivi.<\/p>\n<p style=\"text-align: justify;\">Dans cette affaire, comme dans d\u2019autres dossiers r\u00e9cents, une question revient avec insistance :<br \/><strong>l\u2019\u00c9tat britannique prot\u00e8ge-t-il davantage la \u201cpaix sociale\u201d que les victimes ?<\/strong><\/p>\n<p style=\"text-align: justify;\">Car le choix de taire l\u2019origine des suspects est devenu une pratique r\u00e9currente dans plusieurs forces de police, qui invoquent syst\u00e9matiquement le risque d\u2019\u00e9meutes ou d\u2019instrumentalisation politique.<br \/>Pour leurs d\u00e9tracteurs, il s\u2019agit d\u2019une mise sous cloche de r\u00e9alit\u00e9s d\u00e9rangeantes li\u00e9es \u00e0 la criminalit\u00e9 import\u00e9e.<\/p>\n<p><strong>Une fillette victime, un pays sous tension<\/strong><\/p>\n<p style=\"text-align: justify;\">L\u2019affaire Mulakhil-Kabir illustre une fracture profonde dans la soci\u00e9t\u00e9 britannique :<br \/>\u2013 explosion de la violence li\u00e9e aux arriv\u00e9es clandestines,<br \/>\u2013 opacit\u00e9 volontaire des institutions,<br \/>\u2013 d\u00e9fiance croissante du public,<br \/>\u2013 et sentiment d\u2019abandon des populations locales face \u00e0 un ph\u00e9nom\u00e8ne hors de contr\u00f4le.<\/p>\n<p style=\"text-align: justify;\">D\u00e9but 2026, les jur\u00e9s de Warwick auront la lourde t\u00e2che d\u2019examiner l\u2019ensemble du dossier. Mais, pour beaucoup, le verdict judiciaire ne suffira pas \u00e0 calmer la col\u00e8re : le drame de Nuneaton est d\u00e9sormais devenu l\u2019un des symboles de l\u2019\u00e9chec migratoire britannique.<\/p>\n<p style=\"text-align: justify;\">Illustration : DR<br \/>[cc] Article relu et corrig\u00e9 (orthographe, syntaxe) par ChatGPT.<\/p>\n<p style=\"text-align: justify;\">Breizh-info.com, 2025, d\u00e9p\u00eaches libres de copie et de diffusion sous r\u00e9serve de mention et de lien vers la source d\u2019origine<\/p>\n","protected":false},"excerpt":{"rendered":"Une affaire criminelle secoue depuis des mois la petite ville de Nuneaton, au c\u0153ur de l\u2019Angleterre. Elle vient&hellip;\n","protected":false},"author":2,"featured_media":551831,"comment_status":"","ping_status":"","sticky":false,"template":"","format":"standard","meta":{"footnotes":""},"categories":[1588],"tags":[11,5149,66908,66909,65622,66910,1777,674,66911,20706,66912,66913,66914,12,10669,66915,18053,473,1853,66916,66917,66918,66615,66919,45995,1851,1850,1852,1265,66920,66921,66922],"class_list":{"0":"post-551830","1":"post","2":"type-post","3":"status-publish","4":"format-standard","5":"has-post-thumbnail","7":"category-royaume-uni","8":"tag-actualites","9":"tag-affaire-criminelle","10":"tag-ahmad-mulakhil","11":"tag-criminalite-migratoire","12":"tag-demandeur-dasile","13":"tag-dissimulation","14":"tag-eu","15":"tag-europe","16":"tag-hebergement-migrants","17":"tag-immigration-illegale","18":"tag-migrant-afghan","19":"tag-mineure-agressee","20":"tag-mohammed-kabir","21":"tag-news","22":"tag-nigel-farage","23":"tag-nuneaton","24":"tag-reform-uk","25":"tag-royaume-uni","26":"tag-royaume-uni-de-grande-bretagne-et-dirlande-du-nord","27":"tag-scandale-policier","28":"tag-serco","29":"tag-small-boats","30":"tag-tensions-communautaires","31":"tag-transparence-policiere","32":"tag-traversee-de-la-manche","33":"tag-uk","34":"tag-united-kingdom","35":"tag-united-kingdom-of-great-britain-and-northern-ireland","36":"tag-viol","37":"tag-violences-importees","38":"tag-warwick-crown-court","39":"tag-warwickshire-police"},"share_on_mastodon":{"url":"","error":"Validation failed: Text character limit of 500 exceeded"},"_links":{"self":[{"href":"https:\/\/www.europesays.com\/fr\/wp-json\/wp\/v2\/posts\/551830","targetHints":{"allow":["GET"]}}],"collection":[{"href":"https:\/\/www.europesays.com\/fr\/wp-json\/wp\/v2\/posts"}],"about":[{"href":"https:\/\/www.europesays.com\/fr\/wp-json\/wp\/v2\/types\/post"}],"author":[{"embeddable":true,"href":"https:\/\/www.europesays.com\/fr\/wp-json\/wp\/v2\/users\/2"}],"replies":[{"embeddable":true,"href":"https:\/\/www.europesays.com\/fr\/wp-json\/wp\/v2\/comments?post=551830"}],"version-history":[{"count":0,"href":"https:\/\/www.europesays.com\/fr\/wp-json\/wp\/v2\/posts\/551830\/revisions"}],"wp:featuredmedia":[{"embeddable":true,"href":"https:\/\/www.europesays.com\/fr\/wp-json\/wp\/v2\/media\/551831"}],"wp:attachment":[{"href":"https:\/\/www.europesays.com\/fr\/wp-json\/wp\/v2\/media?parent=551830"}],"wp:term":[{"taxonomy":"category","embeddable":true,"href":"https:\/\/www.europesays.com\/fr\/wp-json\/wp\/v2\/categories?post=551830"},{"taxonomy":"post_tag","embeddable":true,"href":"https:\/\/www.europesays.com\/fr\/wp-json\/wp\/v2\/tags?post=551830"}],"curies":[{"name":"wp","href":"https:\/\/api.w.org\/{rel}","templated":true}]}}