{"id":551832,"date":"2025-11-22T18:14:18","date_gmt":"2025-11-22T18:14:18","guid":{"rendered":"https:\/\/www.europesays.com\/fr\/551832\/"},"modified":"2025-11-22T18:14:18","modified_gmt":"2025-11-22T18:14:18","slug":"coupe-davis-alexander-zverev-garde-lallemagne-en-vie-face-a-lespagne-peu-importe-la-maniere-dont-vous-gagnez-tant-que-vous-marquez-des-points-pour-votre-equipe","status":"publish","type":"post","link":"https:\/\/www.europesays.com\/fr\/551832\/","title":{"rendered":"Coupe Davis > Alexander Zverev garde l&rsquo;Allemagne en vie face \u00e0 l&rsquo;Espagne : \u00ab\u00a0Peu importe la mani\u00e8re dont vous gagnez, tant que vous marquez des points pour votre \u00e9quipe\u00a0\u00bb"},"content":{"rendered":"<p>Dans l\u2019obli\u00adga\u00adtion de s\u2019im\u00adposer face \u00e0 Jaume Munar ce samedi, \u00e0 l\u2019oc\u00adca\u00adsion du deuxi\u00e8me match de la demi\u2010finales de Coupe Davis entre l\u2019Allemagne et l\u2019Espagne, Alexander Zverev a fait le job en s\u2019im\u00adpo\u00adsant apr\u00e8s deux jeux d\u00e9ci\u00adsifs\u00a0: 7\u20136(2), 7\u20136(5), en 2h de\u00a0jeu.<\/p>\n<p>De passage en conf\u00e9\u00adrence de presse alors que ses compa\u00adtriotes du double d\u00e9cisif \u00e9taient break\u00e9 dans le premier set, le 3e joueur mondial n\u2019\u00e9tait pas vrai\u00adment euphorique.\u00a0<\/p>\n<p><strong>\u00ab\u202fOui, je n\u2019ai pas jou\u00e9 \u00e0 mon meilleur niveau aujourd\u2019hui (samedi). Je pense que le premier match \u00e9tait meilleur. Mais j\u2019ai gagn\u00e9. Nous sommes en Coupe Davis. Peu importe la mani\u00e8re dont vous gagnez, tant que vous marquez des points pour votre \u00e9quipe. Nous sommes toujours dans la course, m\u00eame si les doubles ne se passent pas comme nous le souhai\u00adte\u00adrions pour le moment. Mais cela peut changer. Une victoire est une victoire. Pour nous, le plus impor\u00adtant est main\u00adte\u00adnant de gagner les doubles.\u202f\u00bb<\/strong><\/p>\n<p class=\"post-published-date\" style=\"color: silver; font-size: 75%; text-align: left;\">Publi\u00e9 le samedi 22 novembre 2025 \u00e0 18:08<\/p>\n","protected":false},"excerpt":{"rendered":"Dans l\u2019obli\u00adga\u00adtion de s\u2019im\u00adposer face \u00e0 Jaume Munar ce samedi, \u00e0 l\u2019oc\u00adca\u00adsion du deuxi\u00e8me match de la demi\u2010finales&hellip;\n","protected":false},"author":2,"featured_media":551833,"comment_status":"","ping_status":"","sticky":false,"template":"","format":"standard","meta":{"footnotes":""},"categories":[1587],"tags":[11,672,1804,1805,1803,1777,674,1801,12,1802,4542],"class_list":{"0":"post-551832","1":"post","2":"type-post","3":"status-publish","4":"format-standard","5":"has-post-thumbnail","7":"category-allemagne","8":"tag-actualites","9":"tag-allemagne","10":"tag-bundesrepublik-deutschland","11":"tag-de","12":"tag-deutschland","13":"tag-eu","14":"tag-europe","15":"tag-germany","16":"tag-news","17":"tag-republique-federale-dallemagne","18":"tag-zverev"},"share_on_mastodon":{"url":"https:\/\/pubeurope.com\/@fr\/115594714551204047","error":""},"_links":{"self":[{"href":"https:\/\/www.europesays.com\/fr\/wp-json\/wp\/v2\/posts\/551832","targetHints":{"allow":["GET"]}}],"collection":[{"href":"https:\/\/www.europesays.com\/fr\/wp-json\/wp\/v2\/posts"}],"about":[{"href":"https:\/\/www.europesays.com\/fr\/wp-json\/wp\/v2\/types\/post"}],"author":[{"embeddable":true,"href":"https:\/\/www.europesays.com\/fr\/wp-json\/wp\/v2\/users\/2"}],"replies":[{"embeddable":true,"href":"https:\/\/www.europesays.com\/fr\/wp-json\/wp\/v2\/comments?post=551832"}],"version-history":[{"count":0,"href":"https:\/\/www.europesays.com\/fr\/wp-json\/wp\/v2\/posts\/551832\/revisions"}],"wp:featuredmedia":[{"embeddable":true,"href":"https:\/\/www.europesays.com\/fr\/wp-json\/wp\/v2\/media\/551833"}],"wp:attachment":[{"href":"https:\/\/www.europesays.com\/fr\/wp-json\/wp\/v2\/media?parent=551832"}],"wp:term":[{"taxonomy":"category","embeddable":true,"href":"https:\/\/www.europesays.com\/fr\/wp-json\/wp\/v2\/categories?post=551832"},{"taxonomy":"post_tag","embeddable":true,"href":"https:\/\/www.europesays.com\/fr\/wp-json\/wp\/v2\/tags?post=551832"}],"curies":[{"name":"wp","href":"https:\/\/api.w.org\/{rel}","templated":true}]}}