{"id":551834,"date":"2025-11-22T18:15:18","date_gmt":"2025-11-22T18:15:18","guid":{"rendered":"https:\/\/www.europesays.com\/fr\/551834\/"},"modified":"2025-11-22T18:15:18","modified_gmt":"2025-11-22T18:15:18","slug":"deception-pour-leurope-a-la-cop30-les-200-pays-reunis-proposent-un-consensus-sans-plan-de-sortie-des-energies-fossiles","status":"publish","type":"post","link":"https:\/\/www.europesays.com\/fr\/551834\/","title":{"rendered":"D\u00e9ception pour l\u2019Europe \u00e0 la COP30\u00a0: les 200 pays r\u00e9unis proposent un consensus sans plan de sortie des \u00e9nergies fossiles"},"content":{"rendered":"<p>  \tPr\u00e8s de 200 pays r\u00e9unis en Amazonie br\u00e9silienne ont adopt\u00e9 samedi \u00e0 la COP30 un modeste consensus sur l\u2019action climatique, sans plan de sortie des \u00e9nergies fossiles, un r\u00e9sultat d\u00e9cevant pour l\u2019Europe mais jug\u00e9 pr\u00e9visible dans une ann\u00e9e boulevers\u00e9e par les rivalit\u00e9s g\u00e9opolitiques.<\/p>\n<p>&#13;<br \/>\n&#13;<\/p>\n<p>\u00ab\u00a0La science a pr\u00e9valu, le multilat\u00e9ralisme a gagn\u00e9\u00a0\u00bb, a d\u00e9clar\u00e9 avant m\u00eame l\u2019adoption le pr\u00e9sident br\u00e9silien Lula depuis Johannesburg. Le pr\u00e9sident br\u00e9silien de la conf\u00e9rence Andr\u00e9 Correa do Lago a fait adopter le texte par consensus lors de la s\u00e9ance de cl\u00f4ture, au lendemain de la fin pr\u00e9vue du sommet.<\/p>\n<p>La d\u00e9cision c\u00e9l\u00e8bre l\u2019accord de Paris et la coop\u00e9ration climatique. Mais il n\u2019appelle \u00e0 acc\u00e9l\u00e9rer l\u2019action que de fa\u00e7on \u00ab\u00a0volontaire\u00a0\u00bb, et ne fait qu\u2019une r\u00e9f\u00e9rence indirecte \u00e0 la sortie des \u00e9nergies fossiles, en rappelant le consensus de la COP28 \u00e0 Duba\u00ef, et sans \u00e9crire les mots explicitement. Ce qui est loin du plan un temps r\u00e9clam\u00e9 par plus de 80 pays europ\u00e9ens, latino-am\u00e9ricains ou insulaires.<\/p>\n<p>&#13;<br \/>\n&#13;<\/p>\n<p>&#13;<br \/>\n&#13;<br \/>\n\u00ab\u00a0Nous n\u2019allons pas cacher que nous aurions pr\u00e9f\u00e9r\u00e9 davantage\u00a0\u00bb<\/p>\n<p>\u00ab\u00a0Nous devons le soutenir car, au moins, il nous emm\u00e8ne dans la bonne direction\u00a0\u00bb, a d\u00e9clar\u00e9 auparavant le commissaire europ\u00e9en au climat Wopke Hoesktra apr\u00e8s une nuit de n\u00e9gociations et une r\u00e9union de coordination avec les vingt-sept. \u00ab\u00a0Nous n\u2019allons pas cacher que nous aurions pr\u00e9f\u00e9r\u00e9 davantage, et plus d\u2019ambition sur tout\u00a0\u00bb.<\/p>\n<p>La ministre fran\u00e7aise Monique Barbut a ajout\u00e9 que les Europ\u00e9ens avaient pr\u00e9f\u00e9r\u00e9 accepter ce texte en raison du \u00ab\u00a0proc\u00e8s qui \u00e9tait fait aux Europ\u00e9ens, qui \u00e9tait de dire qu\u2019une des raisons pour lesquelles on s\u2019opposait \u00e0 ce texte, c\u2019\u00e9tait parce qu\u2019on ne voulait pas payer de l\u2019argent pour les pays les plus pauvres.\u00a0\u00bb<\/p>\n<p>Le chef de la d\u00e9l\u00e9gation chinoise, Li Gao, a salu\u00e9 un \u00ab\u00a0succ\u00e8s dans une situation tr\u00e8s difficile\u00a0\u00bb.<\/p>\n<p>Une transition \u00ab\u00a0juste\u00a0\u00bb<\/p>\n<p>En 2023, les pays s\u2019\u00e9taient engag\u00e9s \u00e0 \u00ab\u00a0op\u00e9rer une transition juste, ordonn\u00e9e et \u00e9quitable vers une sortie des combustibles fossiles dans les syst\u00e8mes \u00e9nerg\u00e9tiques\u00a0\u00bb, pour la premi\u00e8re fois dans l\u2019histoire des conf\u00e9rences sur le climat de l\u2019ONU.<\/p>\n<p>&#13;<br \/>\n&#13;<\/p>\n<p>&#13;<br \/>\n&#13;<\/p>\n<p>Depuis, les pays qui produisent ou d\u00e9pendent des \u00e9nergies fossiles repoussent toutes les tentatives de r\u00e9p\u00e9ter ce signal dans le cadre multilat\u00e9ral.\n<\/p>\n<p>L\u2019analyste Li Shuo, de l\u2019Asia Society \u00e0 Washington, voit dans ce r\u00e9sultat un nouveau \u00ab\u00a0point d\u2019inflexion dans la politique climatique mondiale\u00a0\u00bb. \u00ab\u00a0Alors que l\u2019ambition climatique nationale ralentit, les n\u00e9gociations internationales sont d\u00e9sormais limit\u00e9es par une volont\u00e9 politique en d\u00e9clin. Lorsque les \u00c9tats-Unis se retirent, les autres acteurs deviennent prudents et ind\u00e9cis\u00a0\u00bb, d\u00e9clare-t-il \u00e0 B\u00e9lem.<\/p>\n<p>Les pays en voie de d\u00e9veloppement ne vivent pas la m\u00eame r\u00e9alit\u00e9<\/p>\n<p>La combustion du p\u00e9trole, du gaz et du charbon sont largement responsables du r\u00e9chauffement plan\u00e9taire.\n<\/p>\n<p>Des pays comme la Russie, l\u2019Arabie saoudite ou l\u2019Inde ont \u00e9t\u00e9 d\u00e9sign\u00e9s par la France comme menant le camp du refus, mais ils ne sont pas seuls.\n<\/p>\n<p>Une partie du monde en d\u00e9veloppement n\u2019avait pas comme priorit\u00e9 la bataille contre les fossiles en arrivant au Br\u00e9sil il y a deux semaines. Pour eux, les financements sont plus urgents, et la COP30 leur livre un petit gain.\n<\/p>\n<p>Le texte de compromis pr\u00e9voit un triplement de l\u2019aide financi\u00e8re pour l\u2019adaptation des pays en d\u00e9veloppement \u00e0 l\u2019horizon 2035, par rapport \u00e0 l\u2019objectif actuel de 40 milliards par an.\n<\/p>\n<p>Ces pays expliquent que de nombreuses \u00e9conomies, pauvres ou \u00e9mergentes, n\u2019ont pas les moyens de passer aux \u00e9nergies renouvelables demain, ou tout simplement d\u2019adapter leurs villes ou leurs agricultures \u00e0 un climat d\u00e9r\u00e9gl\u00e9. Ils r\u00e9clament des pays les plus riches des engagements financiers suppl\u00e9mentaires pour aider les nations qui le sont moins.<\/p>\n<p>Mais est-ce assez\u00a0? \u00ab\u00a0Pas vraiment. Mais les n\u00e9gociations intergouvernementales travaillent sur le plus petit d\u00e9nominateur commun. Mais notre combat continue\u00a0\u00bb, dit \u00e0 l\u2019AFP un n\u00e9gociateur du Bangladesh.<\/p>\n<p>Europ\u00e9ens isol\u00e9s<\/p>\n<p>L\u2019accord pr\u00e9voit d\u2019instituer un \u00ab\u00a0dialogue\u00a0\u00bb sur le commerce mondial, une premi\u00e8re dans les n\u00e9gociations climatiques. La Chine, qui m\u00e8ne la fronde des pays \u00e9mergents contre les taxes carbone aux fronti\u00e8res, en avait fait sa priorit\u00e9.<\/p>\n<p>La pr\u00e9sidence br\u00e9silienne aura jusqu\u2019au bout refus\u00e9 d\u2019inclure dans son texte la cr\u00e9ation d\u2019une \u00ab\u00a0feuille de route\u00a0\u00bb sur la sortie des \u00e9nergies fossiles, pourtant pr\u00f4n\u00e9e par le pr\u00e9sident br\u00e9silien Lula lui-m\u00eame sur place.<\/p>\n<p>L\u2019UE avait brandi vendredi la perspective de partir de B\u00e9lem \u00ab\u00a0sans accord\u00a0\u00bb. Cela aurait sign\u00e9 un \u00e9chec retentissant pour l\u2019h\u00f4te, le Br\u00e9sil, et pour une conf\u00e9rence organis\u00e9e dans l\u2019une des r\u00e9gions embl\u00e9matiques des questions environnementales pos\u00e9es \u00e0 la plan\u00e8te, l\u2019Amazonie.<\/p>\n<p>Mais les Europ\u00e9ens se seraient retrouv\u00e9s \u00ab\u00a0isol\u00e9s\u00a0\u00bb, selon le membre d\u2019une d\u00e9l\u00e9gation d\u2019un des 27.<\/p>\n<p>Ces derniers n\u2019ont pas voulu appara\u00eetre comme responsables d\u2019une catastrophe diplomatique au moment o\u00f9 ils cherchent \u00e0 maintenir en vie le r\u00e9gime climatique mondial.\n<\/p>\n<p>\u00ab\u00a0Ceux qui doutent que la coop\u00e9ration soit la meilleure chose \u00e0 faire pour le climat seront absolument ravis de voir qu\u2019on n\u2019arrive pas \u00e0 nous mettre d\u2019accord\u00a0\u00bb, avait pr\u00e9venu le pr\u00e9sident de la COP30, le diplomate br\u00e9silien Andr\u00e9 Corr\u00eaa do Lago.<\/p>\n<p>Les pays doivent maintenant adopter lors d\u2019une s\u00e9ance de cl\u00f4ture ce texte.\n<\/p>\n<p>&#13;<br \/>\n&#13;<\/p>\n<p>&#13;<br \/>\n&#13;<\/p>\n","protected":false},"excerpt":{"rendered":"Pr\u00e8s de 200 pays r\u00e9unis en Amazonie br\u00e9silienne ont adopt\u00e9 samedi \u00e0 la COP30 un modeste consensus sur&hellip;\n","protected":false},"author":2,"featured_media":551835,"comment_status":"","ping_status":"","sticky":false,"template":"","format":"standard","meta":{"footnotes":""},"categories":[1586],"tags":[11,1777,674,1011,27,12,25,63397],"class_list":{"0":"post-551834","1":"post","2":"type-post","3":"status-publish","4":"format-standard","5":"has-post-thumbnail","7":"category-europe","8":"tag-actualites","9":"tag-eu","10":"tag-europe","11":"tag-fr","12":"tag-france","13":"tag-news","14":"tag-republique-francaise","15":"tag-rtl-info"},"share_on_mastodon":{"url":"https:\/\/pubeurope.com\/@fr\/115594718267931702","error":""},"_links":{"self":[{"href":"https:\/\/www.europesays.com\/fr\/wp-json\/wp\/v2\/posts\/551834","targetHints":{"allow":["GET"]}}],"collection":[{"href":"https:\/\/www.europesays.com\/fr\/wp-json\/wp\/v2\/posts"}],"about":[{"href":"https:\/\/www.europesays.com\/fr\/wp-json\/wp\/v2\/types\/post"}],"author":[{"embeddable":true,"href":"https:\/\/www.europesays.com\/fr\/wp-json\/wp\/v2\/users\/2"}],"replies":[{"embeddable":true,"href":"https:\/\/www.europesays.com\/fr\/wp-json\/wp\/v2\/comments?post=551834"}],"version-history":[{"count":0,"href":"https:\/\/www.europesays.com\/fr\/wp-json\/wp\/v2\/posts\/551834\/revisions"}],"wp:featuredmedia":[{"embeddable":true,"href":"https:\/\/www.europesays.com\/fr\/wp-json\/wp\/v2\/media\/551835"}],"wp:attachment":[{"href":"https:\/\/www.europesays.com\/fr\/wp-json\/wp\/v2\/media?parent=551834"}],"wp:term":[{"taxonomy":"category","embeddable":true,"href":"https:\/\/www.europesays.com\/fr\/wp-json\/wp\/v2\/categories?post=551834"},{"taxonomy":"post_tag","embeddable":true,"href":"https:\/\/www.europesays.com\/fr\/wp-json\/wp\/v2\/tags?post=551834"}],"curies":[{"name":"wp","href":"https:\/\/api.w.org\/{rel}","templated":true}]}}