{"id":551836,"date":"2025-11-22T18:17:25","date_gmt":"2025-11-22T18:17:25","guid":{"rendered":"https:\/\/www.europesays.com\/fr\/551836\/"},"modified":"2025-11-22T18:17:25","modified_gmt":"2025-11-22T18:17:25","slug":"lunion-europeenne-cede-et-se-resigne-a-un-accord-decevant-la-chine-salue-un-succes-difficile","status":"publish","type":"post","link":"https:\/\/www.europesays.com\/fr\/551836\/","title":{"rendered":"l\u2019Union europ\u00e9enne c\u00e8de et se r\u00e9signe \u00e0 un accord d\u00e9cevant, la Chine salue un \u00ab\u00a0succ\u00e8s difficile\u00a0\u00bb"},"content":{"rendered":"<p>Le front des pays \u00e9mergents et p\u00e9troliers s\u2019est r\u00e9v\u00e9l\u00e9 insurmontable. <a target=\"_self\" href=\"https:\/\/www.lanouvellerepublique.fr\/a-la-une\/au-dernier-jour-de-la-cop30-nous-sommes-face-a-un-scenario-sans-accord-redoute-l-ue-1763736108\" rel=\"nofollow noopener\">Les Europ\u00e9ens se sont r\u00e9sign\u00e9s<\/a> \u00e0 accepter un accord mondial <a target=\"_self\" href=\"https:\/\/www.lanouvellerepublique.fr\/a-la-une\/cop30-des-declarations-d-intentions-en-attente-de-mesures-fortes-pour-contenir-le-rechauffement-climatique-d-ici-la-fin-du-siecle-1762797210\" rel=\"nofollow noopener\">\u00e0 la COP30 au Br\u00e9sil<\/a>, samedi 22\u00a0novembre 2025. Adopt\u00e9 par consensus lors de la s\u00e9ance de cl\u00f4ture, celui-ci n\u2019appelle \u00e0 acc\u00e9l\u00e9rer l\u2019action que de fa\u00e7on \u00ab\u00a0volontaire\u00a0\u00bb et ne fait qu\u2019une r\u00e9f\u00e9rence indirecte \u00e0 la sortie des \u00e9nergies fossiles. \u00ab\u00a0Au moins, il nous emm\u00e8ne dans la bonne direction\u00a0\u00bb, a d\u00e9clar\u00e9 le commissaire europ\u00e9en au climat, Wopke Hoesktra.<\/p>\n<p>La ministre fran\u00e7aise Monique Barbut a ajout\u00e9 que les Europ\u00e9ens avaient pr\u00e9f\u00e9r\u00e9 accepter ce texte en raison du \u00ab\u00a0proc\u00e8s qui \u00e9tait de dire qu\u2019une des raisons pour lesquelles on s\u2019opposait \u00e0 ce texte, c\u2019\u00e9tait parce qu\u2019on ne voulait pas payer de l\u2019argent pour les pays les plus pauvres\u00a0\u00bb. En 2023, les pays s\u2019\u00e9taient engag\u00e9s \u00e0 \u00ab\u00a0op\u00e9rer une transition juste, ordonn\u00e9e et \u00e9quitable vers une sortie des combustibles fossiles dans les syst\u00e8mes \u00e9nerg\u00e9tiques\u00a0\u00bb, pour la premi\u00e8re fois dans l\u2019histoire des conf\u00e9rences sur le climat de l\u2019ONU.<\/p>\n<p>\u00ab\u00a0Les \u00c9tats-Unis se retirent, les autres acteurs deviennent prudents\u00a0\u00bb<\/p>\n<p>Depuis, les pays qui produisent ou d\u00e9pendent des \u00e9nergies fossiles repoussent toutes les tentatives de r\u00e9p\u00e9ter ce signal dans le cadre multilat\u00e9ral. \u00ab\u00a0Je suis heureux du r\u00e9sultat\u00a0\u00bb, a dit le chef de la d\u00e9l\u00e9gation chinoise, Li Gao. \u00ab\u00a0Cela montre que la communaut\u00e9 internationale veut faire preuve de solidarit\u00e9 et r\u00e9alise des efforts communs\u00a0\u00bb, a-t-il ajout\u00e9.<\/p>\n<p>\u00ab\u00a0Alors que l\u2019ambition climatique nationale ralentit, les n\u00e9gociations internationales sont d\u00e9sormais limit\u00e9es par une volont\u00e9 politique en d\u00e9clin. Lorsque les \u00c9tats-Unis se retirent, les autres acteurs deviennent prudents et ind\u00e9cis\u00a0\u00bb, a d\u00e9clar\u00e9 l\u2019analyste Li Shuo, de l\u2019Asia Society \u00e0 Washington. Une partie du monde en d\u00e9veloppement n\u2019avait pas comme priorit\u00e9 la bataille contre les fossiles. Pour eux, les financements sont plus urgents et la COP30 leur livre un petit gain. Le texte de compromis pr\u00e9voit un triplement de l\u2019aide financi\u00e8re pour l\u2019adaptation des pays en d\u00e9veloppement \u00e0 l\u2019horizon 2035, par rapport \u00e0 l\u2019objectif actuel\u00a0de 40\u00a0milliards par an.<\/p>\n<p>Engagements financiers pour les \u00e9conomies pauvres<\/p>\n<p>Ces pays expliquent que de nombreuses \u00e9conomies, pauvres ou \u00e9mergentes, n\u2019ont pas les moyens de passer aux \u00e9nergies renouvelables demain, ou tout simplement d\u2019adapter leurs villes ou leurs agricultures \u00e0 un climat d\u00e9r\u00e9gl\u00e9. Ils r\u00e9clament des pays les plus riches des engagements financiers suppl\u00e9mentaires pour aider les nations qui le sont moins. Est-ce assez\u00a0? \u00ab\u00a0Pas vraiment. Mais les n\u00e9gociations intergouvernementales travaillent sur le plus petit d\u00e9nominateur commun. Mais notre combat continue\u00a0\u00bb, dit un n\u00e9gociateur du Bangladesh.<\/p>\n<p>L\u2019accord pr\u00e9voit d\u2019instituer un \u00ab\u00a0dialogue\u00a0\u00bb sur le commerce mondial, une premi\u00e8re dans les n\u00e9gociations climatiques. La Chine, qui m\u00e8ne la fronde des pays \u00e9mergents contre les taxes carbone aux fronti\u00e8res, en avait fait sa priorit\u00e9.<\/p>\n<p><a target=\"_self\" href=\"https:\/\/www.lanouvellerepublique.fr\/a-la-une\/environnement-les-dix-ans-de-l-accord-de-paris-planent-sur-la-cop30-a-belem-1762285112\" rel=\"nofollow noopener\">La pr\u00e9sidence br\u00e9silienne<\/a> aura jusqu\u2019au bout refus\u00e9 d\u2019inclure dans son texte la cr\u00e9ation d\u2019une \u00ab\u00a0feuille de route\u00a0\u00bb sur la sortie des \u00e9nergies fossiles, pourtant pr\u00f4n\u00e9e par le pr\u00e9sident br\u00e9silien Lula lui-m\u00eame sur place. Elle a tout de m\u00eame annonc\u00e9 son intention d\u2019en lancer prochainement une sur cet aspect et une seconde contre la d\u00e9forestation, pour les pays volontaires. \u00ab\u00a0Nous savons que certains d\u2019entre vous avaient des ambitions plus grandes\u00a0\u00bb pour certains des sujets abord\u00e9s, a reconnu le diplomate br\u00e9silien pr\u00e9sident de la conf\u00e9rence, Andr\u00e9 Correa do Lago.\u00a0<\/p>\n","protected":false},"excerpt":{"rendered":"Le front des pays \u00e9mergents et p\u00e9troliers s\u2019est r\u00e9v\u00e9l\u00e9 insurmontable. Les Europ\u00e9ens se sont r\u00e9sign\u00e9s \u00e0 accepter un&hellip;\n","protected":false},"author":2,"featured_media":551837,"comment_status":"","ping_status":"","sticky":false,"template":"","format":"standard","meta":{"footnotes":""},"categories":[1586],"tags":[328,11,1129,436,1777,674,1779,1011,27,329,74,12,316,25,1778,364],"class_list":{"0":"post-551836","1":"post","2":"type-post","3":"status-publish","4":"format-standard","5":"has-post-thumbnail","7":"category-europe","8":"tag-a-la-une","9":"tag-actualites","10":"tag-climat","11":"tag-environnement","12":"tag-eu","13":"tag-europe","14":"tag-european-union","15":"tag-fr","16":"tag-france","17":"tag-france-monde","18":"tag-monde","19":"tag-news","20":"tag-politique","21":"tag-republique-francaise","22":"tag-ue","23":"tag-union-europeenne"},"share_on_mastodon":{"url":"https:\/\/pubeurope.com\/@fr\/115594726244027565","error":""},"_links":{"self":[{"href":"https:\/\/www.europesays.com\/fr\/wp-json\/wp\/v2\/posts\/551836","targetHints":{"allow":["GET"]}}],"collection":[{"href":"https:\/\/www.europesays.com\/fr\/wp-json\/wp\/v2\/posts"}],"about":[{"href":"https:\/\/www.europesays.com\/fr\/wp-json\/wp\/v2\/types\/post"}],"author":[{"embeddable":true,"href":"https:\/\/www.europesays.com\/fr\/wp-json\/wp\/v2\/users\/2"}],"replies":[{"embeddable":true,"href":"https:\/\/www.europesays.com\/fr\/wp-json\/wp\/v2\/comments?post=551836"}],"version-history":[{"count":0,"href":"https:\/\/www.europesays.com\/fr\/wp-json\/wp\/v2\/posts\/551836\/revisions"}],"wp:featuredmedia":[{"embeddable":true,"href":"https:\/\/www.europesays.com\/fr\/wp-json\/wp\/v2\/media\/551837"}],"wp:attachment":[{"href":"https:\/\/www.europesays.com\/fr\/wp-json\/wp\/v2\/media?parent=551836"}],"wp:term":[{"taxonomy":"category","embeddable":true,"href":"https:\/\/www.europesays.com\/fr\/wp-json\/wp\/v2\/categories?post=551836"},{"taxonomy":"post_tag","embeddable":true,"href":"https:\/\/www.europesays.com\/fr\/wp-json\/wp\/v2\/tags?post=551836"}],"curies":[{"name":"wp","href":"https:\/\/api.w.org\/{rel}","templated":true}]}}