{"id":551845,"date":"2025-11-22T18:23:12","date_gmt":"2025-11-22T18:23:12","guid":{"rendered":"https:\/\/www.europesays.com\/fr\/551845\/"},"modified":"2025-11-22T18:23:12","modified_gmt":"2025-11-22T18:23:12","slug":"top-14-les-compositions-de-stade-francais-toulon-noah-nene-au-centre-mateo-gracieux-et-barnabe-mechantel-pour-leurs-premieres-avec-le-rct","status":"publish","type":"post","link":"https:\/\/www.europesays.com\/fr\/551845\/","title":{"rendered":"Top 14 &#8211; Les compositions de Stade fran\u00e7ais &#8211; Toulon : Noah Nene au centre, Mat\u00e9o Gracieux et Barnab\u00e9 M\u00e9chantel pour leurs premi\u00e8res avec le RCT&#8230;"},"content":{"rendered":"<p>\n                Ce dimanche soir, le Stade fran\u00e7ais re\u00e7oit Toulon pour cl\u00f4turer la 10\u00e8me journ\u00e9e de Top 14. Nene d\u00e9butera au centre, Toulon fera d\u00e9couvrir le Top 14 \u00e0 deux joueurs : Gracieux et Mechentel. D\u00e9couvrez les compositions d&rsquo;\u00e9quipes !\n            <\/p>\n<p><strong>Le XV de d\u00e9part du Stade fran\u00e7ais :\u00a0<\/strong>15. Barr\u00e9\u2005; 14. Dakuwaqa, 13.Ward, 12.Nene,\u00a011.Ezeala\u2005; 10.Carbonel, 9. Kerr-Barlow\u2005; 7.Briatte, 8. Tanga, 6.Halaifonua\u2005; 5. Pesenti, 4.Gabrillagues (cap.)\u2005; 3.Melikidze, 2.Garcia, 1.M. Alo-Emile.<\/p>\n<p>Rempla\u00e7ants\u2005:\u00a016. Nicotera, 17. Iscaro, 18. Azagoh, 19. Macalou, 20. Abadie, 21. Marchant, 22. Hirigoyen, 23. P. Alo-Emile.<\/p>\n<p><strong>Le XV de d\u00e9part de Toulon :<\/strong>\u00a015. Jaminet\u2005; 14. Gracieux, 13. Sma\u00efli, 12. Sinzelle, 11. Fert\u00e9\u2005; 10. Garcia, 9. Le Bail\u2005; 7. Ludlam, 8. Mercer, 6. Quere Karaba\u2005; 5.Alainu\u2019uese, 4. S. Rebbadj (cap.)\u2005; 3. Sinckler, 2. Damond, 1. D.Brennan.<\/p>\n<p>Rempla\u00e7ants\u2005:\u00a016. Baubigny, 17. Ametlla, 18. Mezou, 19. Abadie, 20. Coulon, 21. Cowie, 22. Mechentel, 23. Narmania.<\/p>\n","protected":false},"excerpt":{"rendered":"Ce dimanche soir, le Stade fran\u00e7ais re\u00e7oit Toulon pour cl\u00f4turer la 10\u00e8me journ\u00e9e de Top 14. Nene d\u00e9butera&hellip;\n","protected":false},"author":2,"featured_media":551846,"comment_status":"","ping_status":"","sticky":false,"template":"","format":"standard","meta":{"footnotes":""},"categories":[1416],"tags":[1011,27,479,1468,60],"class_list":{"0":"post-551845","1":"post","2":"type-post","3":"status-publish","4":"format-standard","5":"has-post-thumbnail","7":"category-rugby","8":"tag-fr","9":"tag-france","10":"tag-rugby","11":"tag-rugby-football","12":"tag-sports"},"share_on_mastodon":{"url":"","error":""},"_links":{"self":[{"href":"https:\/\/www.europesays.com\/fr\/wp-json\/wp\/v2\/posts\/551845","targetHints":{"allow":["GET"]}}],"collection":[{"href":"https:\/\/www.europesays.com\/fr\/wp-json\/wp\/v2\/posts"}],"about":[{"href":"https:\/\/www.europesays.com\/fr\/wp-json\/wp\/v2\/types\/post"}],"author":[{"embeddable":true,"href":"https:\/\/www.europesays.com\/fr\/wp-json\/wp\/v2\/users\/2"}],"replies":[{"embeddable":true,"href":"https:\/\/www.europesays.com\/fr\/wp-json\/wp\/v2\/comments?post=551845"}],"version-history":[{"count":0,"href":"https:\/\/www.europesays.com\/fr\/wp-json\/wp\/v2\/posts\/551845\/revisions"}],"wp:featuredmedia":[{"embeddable":true,"href":"https:\/\/www.europesays.com\/fr\/wp-json\/wp\/v2\/media\/551846"}],"wp:attachment":[{"href":"https:\/\/www.europesays.com\/fr\/wp-json\/wp\/v2\/media?parent=551845"}],"wp:term":[{"taxonomy":"category","embeddable":true,"href":"https:\/\/www.europesays.com\/fr\/wp-json\/wp\/v2\/categories?post=551845"},{"taxonomy":"post_tag","embeddable":true,"href":"https:\/\/www.europesays.com\/fr\/wp-json\/wp\/v2\/tags?post=551845"}],"curies":[{"name":"wp","href":"https:\/\/api.w.org\/{rel}","templated":true}]}}