{"id":551849,"date":"2025-11-22T18:28:14","date_gmt":"2025-11-22T18:28:14","guid":{"rendered":"https:\/\/www.europesays.com\/fr\/551849\/"},"modified":"2025-11-22T18:28:14","modified_gmt":"2025-11-22T18:28:14","slug":"cyclo-cross-uci-de-gernelle-classements-actualite","status":"publish","type":"post","link":"https:\/\/www.europesays.com\/fr\/551849\/","title":{"rendered":"Cyclo-cross UCI de Gernelle : Classements &#8211; Actualit\u00e9"},"content":{"rendered":"<p style=\"text-align: justify;\">Lander Loockx (Unibet Tietema Rockets) a remport\u00e9, ce samedi, le cyclo-cross UCI de Gernelle (Ardennes), organis\u00e9 par l&rsquo;Association La Grandville Cyclisme et le Circuit des Ardennes. Le Belge a devanc\u00e9 Wout Janssen (Cyclis-Van den Plas Cycling) et Anton Ferdinande (Shifting Gears Strategica).<br \/>Lander Loockx succ\u00e8de \u00e0 R\u00e9mi Lelandais (Ark\u00e9a-B&amp;B H\u00f4tels Continentale) au palmar\u00e8s du cyclo-cross C2.<\/p>\n<p><strong>Classements :<\/strong><br \/><strong>\u00c9lite et U23<\/strong><br \/>1. LOOCKX Lander (BEL) TIETEMA ROSE ROCKETS en 1h02&rsquo;46\u00a0\u00bb<br \/>2. JANSSEN Wout (BEL) CYCLIS-VAN DEN PLAS CYCLING TEAM \u00e0 29&Prime;<br \/>3. FERDINANDE Anton (BEL) SHIFTING GEARS \u00e0 53&Prime;<br \/>4. GABRIEL Timoth\u00e9 (FRA) TEAM CX TPM \u00e0 55&Prime;<br \/>5. KUYPERS Gerben (BEL) CHARLES-LIEGEOIS ROASTERY CX \u00e0 1&rsquo;10<br \/>6. JAMIN Antoine (BEL) BH WALLONIE \u00e0 1&rsquo;21<br \/>7. HORNY Cl\u00e9ment (BEL) BH WALLONIE \u00e0 1&rsquo;47<br \/>8. VERRIER Tristan (FRA) TEAM GUEVEL ROADBORN \u00e0 2&rsquo;16<br \/>9. SPRANGERS Bram (BEL) VAN GORP CYCLING TEAM ZANDHOVEN \u00e0 2&rsquo;19<br \/>10. FERY Florian (FRA) BIKE ENERGY \u00e0 2&rsquo;29<br \/>11. JOT Hugo (FRA) TEAM CX TPM \u00e0 2&rsquo;41<br \/>12. ANANIE Ugo (FRA) ARQUES CX TEAM \u00e0 2&rsquo;59<br \/>13. ROMAIN Emilien (FRA) CC VILLENEUVE-SAINT-GERMAIN-SOISSONS-AISNE \u00e0 3&rsquo;06<br \/>14. VANLAERE Loic (BEL) STARBIKES-VISTABUILD \u00e0 3&rsquo;12<br \/>15. DE VET Sander (BEL) CC CHEVIGNY \u00e0 3&rsquo;16<br \/>16. MARCHAND Robbe (BEL) DESCHACHT-HENS CX TEAM \u00e0 3&rsquo;23<br \/>17. VASSAL Th\u00e9ophile (FRA) JURA CYCLISME \u00e0 3&rsquo;26<br \/>18. DEPRAETERE Gust (BEL) THE LEAD OUT CYCLING ACADEMY \u00e0 3&rsquo;42<br \/>19. DUBAU Lucas (FRA) TEAM PELTRAX CSD \u00e0 3&rsquo;45<br \/>20. LOETE Hippolyte (FRA) ARQUES CX TEAM \u00e0 4&rsquo;25<br \/>21. DE NYS Milan (BEL) AS CONSTRUCT CASTAAR CYCLING TEAM \u00e0 4&rsquo;35<br \/>22. DELNOIJE Remon (NED) TWC DE KEMPEN \u00e0 4&rsquo;40<br \/>23. LOSFELD Louis (BEL) CC CHEVIGNY \u00e0 4&rsquo;46<br \/>24. DRUMAUX Th\u00e9o (FRA) VC UNITE SCHWENHEIM \u00e0 5&rsquo;24<br \/>25. JUNG Th\u00e9o (FRA) VC COMMUNAUTAIRE HETTANGE \u00e0 6&rsquo;19<br \/>26. HEIRBAUT Toon (BEL) WASE WIELERCLUB \u00e0 6&rsquo;26<br \/>27. GUILLAUME Gael (FRA) ACT CYCLING \u00e0 6&rsquo;32<br \/>28. SALOMEZ Ydris (BEL) WZW DE MOLENSPURTERS MEULEBEKE \u00e0 7&rsquo;04<br \/>29. DE NYS Lars (BEL) AS CONSTRUCT CASTAAR CYCLING TEAM \u00e0 7&rsquo;23<br \/>30. VILLAR THIERY Aubin (FRA) EC CHATEAU-THIERRY \u00e0 8&rsquo;34<br \/>31. PIERRON Julien (FRA) UV AUBE \u00e0 2 tours<br \/>32. HEIRBAUT Dries (BEL) WASE WIELERCLUB \u00e0 3 tours<br \/>33. IVENS Vince (BEL) KZLWC-AE<br \/>34. REYMANN R\u00e9mi (FRA) UVC CHARLEVILLE-MEZIERES<br \/>35. DELIGNY Damien (FRA) SEDAN SPRINT CLUB \u00e0 4 tours<br \/>36. CHAVRELLE Cyprien (FRA) SA VERDUN CYCLISME<\/p>\n<p><strong>Abandons :<\/strong><br \/>JOT Mat\u00e9o (FRA) TEAM CX TPM<br \/>BOSSAERTS Senn (BEL) CYCLIS-VAN DEN PLAS CYCLING TEAM<br \/>JEANNESSON Arnold (FRA) TEAM GUEVEL ROADBORN<br \/>JACOBY Fran\u00e7ois (BEL) BRUSSELS CYCLING TEAM<br \/>CHAUDERLOT PHULPIN Tom (FRA) BIKE ENERGY<br \/>DRIES Tjalle (BEL) TD CYCLING<br \/>VAN GRIEKEN Stan (BEL) STAGECO CYCLING TEAM<br \/>VAN HOUDT Yoren (BEL) CYCLIS-VAN DEN PLAS CYCLING TEAM<br \/>LAENEN Ryan (BEL) FIETSSERVICE-MONDRAKER TEAM<br \/>COOPMAN Kjell (BEL) GOLAZO YOUNG LIONS<\/p>\n<p><strong>Non-partants :<\/strong><br \/>MAES Fabian (BEL) CYCLIS-VAN DEN PLAS CYCLING TEAM<br \/>CARRERE Baptiste (FRA) TEAM CX TPM<br \/>MENISSIER Cl\u00e9ment (FRA) CYCLE GOLBEEN<br \/>VAN LOOCKE Lars (BEL) CAMPE LANCKRIET CYCLIG TEAM<br \/>JOIJE Joppe (BEL) CT HOUTLAND WESTKUST<\/p>\n<p><strong>Dames \u00c9lite et U23<\/strong><br \/>1. MORICHON Ana\u00efs (FRA) TEAM GUEVEL ROADBORN en 47&rsquo;58\u00a0\u00bb<br \/>2. MOS Annieck (NED) KDM-PACK WOMEN CYCLING TEAM \u00e0 49&Prime;<br \/>3. DETILLEUX Emeline (BEL) SCOTT CREUSE OXYGENE GUERET \u00e0 56&Prime;<br \/>4. BAELE Lotte (BEL) DECEUSTER-BOUWPOUNT \u00e0 1&rsquo;10<br \/>5. SONNEMANS Sara (NED) PARKHOTEL VALKENBURG-ZZPR.NL-ORANGE \u00e0 1&rsquo;48<br \/>6. VANDERBEKEN Joyce (BEL) BIKE ADVICE CYCLING TEAM \u00e0 1&rsquo;58<br \/>7. DEVIGNE Camille (FRA) O&rsquo;SHEA RACING \/ ESPOIR CYCLISTE WAMBRECHIES \u00e0 2&rsquo;04<br \/>8. VIDON Amandine (FRA) VC AMBERIEU \u00e0 2&rsquo;10<br \/>9. LAURIJSSEN Sanne (BEL) CRELAN-CORENDON \u00e0 2&rsquo;13<br \/>10. DELCOMMUNE Juline (BEL) TEAM WILINK BRUSSELS CYCLING \u00e0 2&rsquo;33<br \/>11. HOEFMANS Pem (NED) ACROG TORMANS \u00e0 3&rsquo;03<br \/>12. GEUENS Liese (BEL) FIETSSERVICE-MONDRAKER TEAM \u00e0 4&rsquo;47<br \/>13. VILLAR THIERY Faustine (FRA) EC CHATEAU-THIERRY \u00e0 4&rsquo;58<br \/>14. YANNIC Tifenn (FRA) EC LANDERNEAU \u00e0 5&rsquo;09<br \/>15. PIERNET Laura (FRA) VC COMMUNAUTAIRE HETTANGE \u00e0 5&rsquo;19<br \/>16. ADAM Lucie (FRA) CC VILLENEUVE-SAINT-GERMAIN-SOISSONS AISNE \u00e0 5&rsquo;26<br \/>17. DEFOUR Lara (BEL) CYCLING TEAM JADE-LDL \u00e0 5&rsquo;50<br \/>18. MARCHESAN In\u00e8s (FRA) BIKE ENERGY \u00e0 7&rsquo;48<\/p>\n<p><strong>Abandon :<\/strong><br \/>COPPENS Nette (BEL) DE CEUSTER-ACROG<\/p>\n<p><strong>Non-partantes :<\/strong><br \/>LANGENBARG Puck (NED) FENIX DECEUNINCK DEVELOPMENT TEAM<br \/>LANDRIN-ZEBERT Flavie (FRA) VC COMMUNAUTAIRE HETTANGE<br \/>PARTHOENS Yana (BEL) VELOPRO-EGS-GROUPS-ALPHAMOTORHOMES<br \/>MENANT Yulizh (FRA) EC LANDERNEAU<\/p>\n<p><strong>U19<\/strong><br \/>1. DE PEUTER Toon (BEL) UCT CYCLING TEAM en 41&rsquo;52\u00a0\u00bb<br \/>2. RENDERS Lucas (BEL) 4BIKES-WESTFIT \u00e0 19&Prime;<br \/>3. FAHY Augustin (FRA) TEAM CYCLISTE LINAS MONTLHERY \u00e0 51&Prime;<br \/>4. GOUX Paul (FRA) AC BISONTINE \u00e0 1&rsquo;03<br \/>5. MAGLIOGLOU Irakiis (GRE) ORC EPONE \u00e0 1&rsquo;12<br \/>6. SMITS Maxime (BEL) ACROG TORMANS \u00e0 1&rsquo;35<br \/>7. SPRANGERS Seppe (BEL) ACROG TORMANS \u00e0 1&rsquo;50<br \/>8. SONNEMANS Koen (NED) ZZPRL.NL-PARKHOTEL VALKENBURG-ORANGE BABIES CT \u00e0 1&rsquo;55<br \/>9. RAEKELBOOM No\u00e9 (FRA) TEAM FACTORY 80 \u00e0 1&rsquo;58<br \/>10. ROELS Dima (BEL) WIELERCLUB ONDER ONS PARIKE mt<br \/>11. GOBILLOT Axel (FRA) VTT FUN CLUB \u00e0 2&rsquo;25<br \/>12. VAN HOECK Sam (BEL) WAC TEAM WZW \u00e0 2&rsquo;38<br \/>13. GROLLET Nael (FRA) CYCLE GOLBEEN \u00e0 2&rsquo;43<br \/>14. VANDEKERKHOVE Cl\u00e9ment (FRA) EC VILLE DE BOULZICOURT \u00e0 2&rsquo;54<br \/>15. DE BOIS Nand (BEL) CT GMS GLABBEEK \u00e0 3&rsquo;00<br \/>16. GILLET Ugo (FRA) US THIERVILLE CYCLISME \u00e0 3&rsquo;07<br \/>17. GENTER Gabriel (FRA) PARIS CYCLISME OLYMPIQUE mt<br \/>18. VAN HOUDT Kobe (BEL) CRABBE-DSTNY \u00e0 3&rsquo;09<br \/>19. ROISSE Cl\u00e9ment (BEL) TEAM VTT JEUMONT \u00e0 3&rsquo;20<br \/>20. PAUWELS Jonas (BEL) ACROG TORMANS \u00e0 3&rsquo;35<br \/>21. ROUANET Liam (FRA) LA MOTTE SERVOLEX CYCLISME 73 \u00e0 4&rsquo;30<br \/>22. PIERRON Maxime (FRA) VC AVIZOIS \u00e0 4&rsquo;58<br \/>23. DUGAY Charlie (FRA) MOYON PERCY VC \u00e0 5&rsquo;13<br \/>24. DRESSELAERS Roan (BEL) BRAINSQUARE OLYMPIA TIENEN mt<br \/>25. VAN OIRBEEK Jules (BEL) WOUTIM-DEXTERS SPORT \u00e0 5&rsquo;47<br \/>26. COUTIN Victor (FRA) VC COMMUNAUTAIRE HETTANGE \u00e0 6&rsquo;17<br \/>27. CHESNEL Thomas (FRA) VC BOCAGE VIRE \u00e0 6&rsquo;45<br \/>28. CLIP Simon (FRA) 52&#215;11 HIRSON THIERACHE \u00e0 7&rsquo;00<br \/>29. DUC Charles (FRA) TEAM FACTORY 80 \u00e0 1 tour<br \/>30. SPARFEL Batiste (FRA) CC ETUPES \u00e0 2 tours<\/p>\n<p><strong>Abandons :<\/strong><br \/>LOUISON Tim\u00e9o (FRA) AC BISONTINE<br \/>INGELAERE Antoine (FRA) BAILLEUL VC<br \/>LANDRIN-ZEBERT Jules (FRA) VC COMMUNAUTAIRE HETTANGE<br \/>DURAND Louis (FRA) REGION SUD CYCLING ACADEMY<br \/>REGOST Louis (FRA) OLYMPIQUE GRANDE-SYNTHE<br \/>RICHEZ Mathis (BEL) PIERRE ET SOL OGCYCLES<br \/>ROIJACKERS Matt (NED) ZZPRL.NL-PARKHOTEL VALKENBURG-ORANGE BABIES CT<br \/>VERHEUGHE Emilien (BEL) WIELERCLUB ONDER ONS PARIKE<\/p>\n","protected":false},"excerpt":{"rendered":"Lander Loockx (Unibet Tietema Rockets) a remport\u00e9, ce samedi, le cyclo-cross UCI de Gernelle (Ardennes), organis\u00e9 par l&rsquo;Association&hellip;\n","protected":false},"author":2,"featured_media":551850,"comment_status":"","ping_status":"","sticky":false,"template":"","format":"standard","meta":{"footnotes":""},"categories":[1411],"tags":[834,828,836,829,837,827,83,826,824,823,1154,207,814,817,815,816,822,821,832,211,839,1011,27,820,818,819,835,831,830,833,838,60,212,208,825],"class_list":{"0":"post-551849","1":"post","2":"type-post","3":"status-publish","4":"format-standard","5":"has-post-thumbnail","7":"category-cyclisme","8":"tag-attaque","9":"tag-belgique","10":"tag-braquet","11":"tag-bretagne","12":"tag-chute","13":"tag-competition","14":"tag-coupe-de-france","15":"tag-coureur","16":"tag-course-cyclisme","17":"tag-course-cycliste","18":"tag-cycling","19":"tag-cyclisme","20":"tag-direct","21":"tag-direct-velo","22":"tag-directvelo","23":"tag-directvelo-com","24":"tag-epreuve","25":"tag-epreuve-cycliste","26":"tag-federation-francaise-de-cyclisme","27":"tag-ffc","28":"tag-flandres","29":"tag-fr","30":"tag-france","31":"tag-live","32":"tag-live-course","33":"tag-live-epreuve","34":"tag-peloton","35":"tag-radio-peloton","36":"tag-radio-tour","37":"tag-ravitaillement","38":"tag-relance","39":"tag-sports","40":"tag-uci","41":"tag-velo","42":"tag-velos"},"share_on_mastodon":{"url":"https:\/\/pubeurope.com\/@fr\/115594769514541850","error":""},"_links":{"self":[{"href":"https:\/\/www.europesays.com\/fr\/wp-json\/wp\/v2\/posts\/551849","targetHints":{"allow":["GET"]}}],"collection":[{"href":"https:\/\/www.europesays.com\/fr\/wp-json\/wp\/v2\/posts"}],"about":[{"href":"https:\/\/www.europesays.com\/fr\/wp-json\/wp\/v2\/types\/post"}],"author":[{"embeddable":true,"href":"https:\/\/www.europesays.com\/fr\/wp-json\/wp\/v2\/users\/2"}],"replies":[{"embeddable":true,"href":"https:\/\/www.europesays.com\/fr\/wp-json\/wp\/v2\/comments?post=551849"}],"version-history":[{"count":0,"href":"https:\/\/www.europesays.com\/fr\/wp-json\/wp\/v2\/posts\/551849\/revisions"}],"wp:featuredmedia":[{"embeddable":true,"href":"https:\/\/www.europesays.com\/fr\/wp-json\/wp\/v2\/media\/551850"}],"wp:attachment":[{"href":"https:\/\/www.europesays.com\/fr\/wp-json\/wp\/v2\/media?parent=551849"}],"wp:term":[{"taxonomy":"category","embeddable":true,"href":"https:\/\/www.europesays.com\/fr\/wp-json\/wp\/v2\/categories?post=551849"},{"taxonomy":"post_tag","embeddable":true,"href":"https:\/\/www.europesays.com\/fr\/wp-json\/wp\/v2\/tags?post=551849"}],"curies":[{"name":"wp","href":"https:\/\/api.w.org\/{rel}","templated":true}]}}